{"id":2929,"date":"2025-03-07T08:18:46","date_gmt":"2025-03-07T08:18:46","guid":{"rendered":"http:\/\/forst.igbau.nrw\/?p=2929"},"modified":"2025-03-07T08:18:46","modified_gmt":"2025-03-07T08:18:46","slug":"klimawandel-wo-waere-die-erde-ohne-den-menschen","status":"publish","type":"post","link":"http:\/\/forst.igbau.nrw\/?p=2929","title":{"rendered":"Klimawandel, wo w\u00e4re die Erde ohne den Menschen?"},"content":{"rendered":"<p>Dazu ein kleiner Artikel aus unserer Verbandszeitung der Forstlichen Mitteilung.<\/p>\n<p>Unsere Verantwortung f\u00fcr den Klimawandel wird vielfach heruntergespielt und eine ambitionierte Klimapolitik unterminiert. Die Schlagzeile &#8222;Die W\u00e4lder sind keine CO2-Senke (Kohlendioxid-Senke) mehr&#8220; (Th\u00fcnen-Institut, 2024) ging im Herbst 2024 durch die Medien. F\u00fcr einen Meteorologen, der sich seit mehr als 45 Jahren mit Wetter und Klima besch\u00e4ftigt, ist sie eine weitere Folge des anthropogenen (durch den Menschen verursachten) Klimawandels.<\/p>\n<p><strong><a href=\"http:\/\/forst.igbau.nrw\/wp-content\/uploads\/2025\/03\/Klimawandel-Forstliche-Mitteilungen.pdf\" target=\"_blank\" rel=\"noopener\">Klimawandel Zufall oder Ergebnis unseres Tuns und Handelns<\/a><\/strong><\/p>\n<p>&nbsp;<\/p>\n<p>&nbsp;<\/p>\n","protected":false},"excerpt":{"rendered":"<p>Dazu ein kleiner Artikel aus unserer Verbandszeitung der Forstlichen Mitteilung. Unsere Verantwortung f\u00fcr den Klimawandel wird vielfach heruntergespielt und eine ambitionierte Klimapolitik<\/p>\n<p class=\"link-more\"><a class=\"myButt \" href=\"http:\/\/forst.igbau.nrw\/?p=2929\">Weitere Infos &#8230;<\/a><\/p>\n","protected":false},"author":1,"featured_media":2402,"comment_status":"closed","ping_status":"open","sticky":false,"template":"","format":"standard","meta":{"ngg_post_thumbnail":0,"jetpack_post_was_ever_published":false,"_jetpack_newsletter_access":"","_jetpack_dont_email_post_to_subs":false,"_jetpack_newsletter_tier_id":0,"_jetpack_memberships_contains_paywalled_content":false,"_jetpack_memberships_contains_paid_content":false,"footnotes":"","jetpack_publicize_message":"","jetpack_publicize_feature_enabled":true,"jetpack_social_post_already_shared":true,"jetpack_social_options":{"image_generator_settings":{"template":"highway","default_image_id":0,"font":"","enabled":false},"version":2}},"categories":[5],"tags":[],"class_list":["post-2929","post","type-post","status-publish","format-standard","has-post-thumbnail","hentry","category-forstwirtschaft"],"jetpack_publicize_connections":[],"jetpack_featured_media_url":"https:\/\/i0.wp.com\/forst.igbau.nrw\/wp-content\/uploads\/2022\/07\/Waldscha%CC%88den_Breitenbruch_2020_05_18-scaled.jpeg?fit=2560%2C1920","jetpack_sharing_enabled":true,"jetpack_shortlink":"https:\/\/wp.me\/p8x7f7-Lf","jetpack-related-posts":[],"_links":{"self":[{"href":"http:\/\/forst.igbau.nrw\/index.php?rest_route=\/wp\/v2\/posts\/2929","targetHints":{"allow":["GET"]}}],"collection":[{"href":"http:\/\/forst.igbau.nrw\/index.php?rest_route=\/wp\/v2\/posts"}],"about":[{"href":"http:\/\/forst.igbau.nrw\/index.php?rest_route=\/wp\/v2\/types\/post"}],"author":[{"embeddable":true,"href":"http:\/\/forst.igbau.nrw\/index.php?rest_route=\/wp\/v2\/users\/1"}],"replies":[{"embeddable":true,"href":"http:\/\/forst.igbau.nrw\/index.php?rest_route=%2Fwp%2Fv2%2Fcomments&post=2929"}],"version-history":[{"count":2,"href":"http:\/\/forst.igbau.nrw\/index.php?rest_route=\/wp\/v2\/posts\/2929\/revisions"}],"predecessor-version":[{"id":2932,"href":"http:\/\/forst.igbau.nrw\/index.php?rest_route=\/wp\/v2\/posts\/2929\/revisions\/2932"}],"wp:featuredmedia":[{"embeddable":true,"href":"http:\/\/forst.igbau.nrw\/index.php?rest_route=\/wp\/v2\/media\/2402"}],"wp:attachment":[{"href":"http:\/\/forst.igbau.nrw\/index.php?rest_route=%2Fwp%2Fv2%2Fmedia&parent=2929"}],"wp:term":[{"taxonomy":"category","embeddable":true,"href":"http:\/\/forst.igbau.nrw\/index.php?rest_route=%2Fwp%2Fv2%2Fcategories&post=2929"},{"taxonomy":"post_tag","embeddable":true,"href":"http:\/\/forst.igbau.nrw\/index.php?rest_route=%2Fwp%2Fv2%2Ftags&post=2929"}],"curies":[{"name":"wp","href":"https:\/\/api.w.org\/{rel}","templated":true}]}}