{"id":2940,"date":"2025-03-16T12:09:42","date_gmt":"2025-03-16T12:09:42","guid":{"rendered":"http:\/\/forst.igbau.nrw\/?p=2940"},"modified":"2025-03-17T06:45:35","modified_gmt":"2025-03-17T06:45:35","slug":"jung-engagiert-gewerkschaftlich-burcu-tuerkmen-verstaerkt-die-ig-bau","status":"publish","type":"post","link":"http:\/\/forst.igbau.nrw\/?p=2940","title":{"rendered":"Jung, engagiert, gewerkschaftlich: Burcu T\u00fcrkmen verst\u00e4rkt die IG BAU"},"content":{"rendered":"<p><img data-recalc-dims=\"1\" fetchpriority=\"high\" decoding=\"async\" data-attachment-id=\"2939\" data-permalink=\"http:\/\/forst.igbau.nrw\/?attachment_id=2939\" data-orig-file=\"https:\/\/i0.wp.com\/forst.igbau.nrw\/wp-content\/uploads\/2025\/03\/Burcu-1.jpg?fit=1000%2C667\" data-orig-size=\"1000,667\" data-comments-opened=\"0\" data-image-meta=\"{&quot;aperture&quot;:&quot;4&quot;,&quot;credit&quot;:&quot;&quot;,&quot;camera&quot;:&quot;Canon EOS 5D Mark III&quot;,&quot;caption&quot;:&quot;&quot;,&quot;created_timestamp&quot;:&quot;1698319439&quot;,&quot;copyright&quot;:&quot;&quot;,&quot;focal_length&quot;:&quot;135&quot;,&quot;iso&quot;:&quot;500&quot;,&quot;shutter_speed&quot;:&quot;0.005&quot;,&quot;title&quot;:&quot;&quot;,&quot;orientation&quot;:&quot;1&quot;}\" data-image-title=\"Neumitglied IGBAU Forst NRW\" data-image-description=\"\" data-image-caption=\"\" data-large-file=\"https:\/\/i0.wp.com\/forst.igbau.nrw\/wp-content\/uploads\/2025\/03\/Burcu-1.jpg?fit=640%2C427\" class=\"alignnone size-medium wp-image-2939\" src=\"https:\/\/i0.wp.com\/forst.igbau.nrw\/wp-content\/uploads\/2025\/03\/Burcu-1.jpg?resize=300%2C200\" alt=\"\" width=\"300\" height=\"200\" srcset=\"https:\/\/i0.wp.com\/forst.igbau.nrw\/wp-content\/uploads\/2025\/03\/Burcu-1.jpg?resize=300%2C200 300w, https:\/\/i0.wp.com\/forst.igbau.nrw\/wp-content\/uploads\/2025\/03\/Burcu-1.jpg?resize=768%2C512 768w, https:\/\/i0.wp.com\/forst.igbau.nrw\/wp-content\/uploads\/2025\/03\/Burcu-1.jpg?w=1000 1000w\" sizes=\"(max-width: 300px) 100vw, 300px\" \/><\/p>\n<p>Gelsenkirchen \u2013 Die Industriegewerkschaft Bauen-Agrar-Umwelt (IG BAU) begr\u00fc\u00dft mit Burcu T\u00fcrkmen ein neues engagiertes Mitglied in ihren Reihen. Die 23-j\u00e4hrige Gelsenkirchenerin hat im vergangenen Jahr ihre Ausbildung zur Kauffrau f\u00fcr B\u00fcromanagement erfolgreich abgeschlossen und sich nun entschlossen, sich gewerkschaftlich zu engagieren.<\/p>\n<p>Mit ihrem Beitritt zur IG BAU setzt sich Burcu T\u00fcrkmen aktiv f\u00fcr die Rechte und Interessen von Auszubildenden und jungen Arbeitnehmerinnen und Arbeitnehmern ein. Besonders wichtig ist ihr dabei die Mitbestimmung: Deshalb kandidiert sie f\u00fcr die Jugend- und Auszubildendenvertretung (JAV), um sich direkt f\u00fcr bessere Ausbildungsbedingungen und die Anliegen ihrer Kolleginnen und Kollegen starkzumachen.<\/p>\n<p>Die IG BAU setzt sich als Gewerkschaft f\u00fcr die Interessen der Besch\u00e4ftigten in der Bau- und Reinigungsbranche sowie in der Land- und Forstwirtschaft ein. Mit jungen engagierten Mitgliedern wie Burcu T\u00fcrkmen gewinnt sie weitere Mitstreiterinnen und Mitstreiter, die sich f\u00fcr faire Arbeitsbedingungen und bessere Perspektiven f\u00fcr die junge Generation starkmachen.<\/p>\n","protected":false},"excerpt":{"rendered":"<p>Gelsenkirchen \u2013 Die Industriegewerkschaft Bauen-Agrar-Umwelt (IG BAU) begr\u00fc\u00dft mit Burcu T\u00fcrkmen ein neues engagiertes Mitglied in ihren Reihen. Die 23-j\u00e4hrige Gelsenkirchenerin hat<\/p>\n<p class=\"link-more\"><a class=\"myButt \" href=\"http:\/\/forst.igbau.nrw\/?p=2940\">Weitere Infos &#8230;<\/a><\/p>\n","protected":false},"author":14,"featured_media":2939,"comment_status":"closed","ping_status":"open","sticky":false,"template":"","format":"standard","meta":{"ngg_post_thumbnail":0,"jetpack_post_was_ever_published":false,"_jetpack_newsletter_access":"","_jetpack_dont_email_post_to_subs":false,"_jetpack_newsletter_tier_id":0,"_jetpack_memberships_contains_paywalled_content":false,"_jetpack_memberships_contains_paid_content":false,"footnotes":"","jetpack_publicize_message":"","jetpack_publicize_feature_enabled":true,"jetpack_social_post_already_shared":true,"jetpack_social_options":{"image_generator_settings":{"template":"highway","default_image_id":0,"font":"","enabled":false},"version":2}},"categories":[5],"tags":[],"class_list":["post-2940","post","type-post","status-publish","format-standard","has-post-thumbnail","hentry","category-forstwirtschaft"],"jetpack_publicize_connections":[],"jetpack_featured_media_url":"https:\/\/i0.wp.com\/forst.igbau.nrw\/wp-content\/uploads\/2025\/03\/Burcu-1.jpg?fit=1000%2C667","jetpack_sharing_enabled":true,"jetpack_shortlink":"https:\/\/wp.me\/p8x7f7-Lq","jetpack-related-posts":[],"_links":{"self":[{"href":"http:\/\/forst.igbau.nrw\/index.php?rest_route=\/wp\/v2\/posts\/2940","targetHints":{"allow":["GET"]}}],"collection":[{"href":"http:\/\/forst.igbau.nrw\/index.php?rest_route=\/wp\/v2\/posts"}],"about":[{"href":"http:\/\/forst.igbau.nrw\/index.php?rest_route=\/wp\/v2\/types\/post"}],"author":[{"embeddable":true,"href":"http:\/\/forst.igbau.nrw\/index.php?rest_route=\/wp\/v2\/users\/14"}],"replies":[{"embeddable":true,"href":"http:\/\/forst.igbau.nrw\/index.php?rest_route=%2Fwp%2Fv2%2Fcomments&post=2940"}],"version-history":[{"count":2,"href":"http:\/\/forst.igbau.nrw\/index.php?rest_route=\/wp\/v2\/posts\/2940\/revisions"}],"predecessor-version":[{"id":2944,"href":"http:\/\/forst.igbau.nrw\/index.php?rest_route=\/wp\/v2\/posts\/2940\/revisions\/2944"}],"wp:featuredmedia":[{"embeddable":true,"href":"http:\/\/forst.igbau.nrw\/index.php?rest_route=\/wp\/v2\/media\/2939"}],"wp:attachment":[{"href":"http:\/\/forst.igbau.nrw\/index.php?rest_route=%2Fwp%2Fv2%2Fmedia&parent=2940"}],"wp:term":[{"taxonomy":"category","embeddable":true,"href":"http:\/\/forst.igbau.nrw\/index.php?rest_route=%2Fwp%2Fv2%2Fcategories&post=2940"},{"taxonomy":"post_tag","embeddable":true,"href":"http:\/\/forst.igbau.nrw\/index.php?rest_route=%2Fwp%2Fv2%2Ftags&post=2940"}],"curies":[{"name":"wp","href":"https:\/\/api.w.org\/{rel}","templated":true}]}}