{"id":2946,"date":"2025-03-28T07:35:29","date_gmt":"2025-03-28T07:35:29","guid":{"rendered":"http:\/\/forst.igbau.nrw\/?p=2946"},"modified":"2025-03-28T07:35:29","modified_gmt":"2025-03-28T07:35:29","slug":"schoenes-wetter-sonnige-aussichten-oder","status":"publish","type":"post","link":"http:\/\/forst.igbau.nrw\/?p=2946","title":{"rendered":"Sch\u00f6nes Wetter, Sonnige Aussichten, oder ?"},"content":{"rendered":"<p>Das Fr\u00fchjahr 2025 scheint wieder in den gleichen Rhythmus der letzten Jahre vor 2023 und 2024 zu verfallen. Lange anhaltende Hochdruckphase mit \u00fcberdurchschnittlichen Temperaturen und viel Sonnenschein f\u00fchren bereits im M\u00e4rz 2025 wieder zu einer oberfl\u00e4chlichen D\u00fcrresituation im Westzen und Norden Deutschlands.<\/p>\n<p>Noch reichen die Wasserreserven aus um auch die Nat\u00fcrverj\u00fcngung und die Kulturen beim Start zu versorgen, dies gilt jedoch nicht f\u00fcr S\u00fcdlagen und Freifl\u00e4chen.<\/p>\n<p>Die Infos dazu k\u00f6nnen \u00fcber die Infoseite des Helmholtzinstituts abgerufen werden.<\/p>\n<p><a href=\"https:\/\/www.ufz.de\/index.php?de=37937\" target=\"_blank\" rel=\"noopener\">https:\/\/www.ufz.de\/index.php?de=37937<\/a><\/p>\n<p>Auch die Waldbrandsituation steigt teilweise bereits wieder auf Stufe 3 und es gab die ersten Waldbr\u00e4nde unter anderen im Arnsberger Wald.<\/p>\n<p><a href=\"https:\/\/www.dwd.de\/DE\/leistungen\/waldbrandgef\/waldbrandgef.html\" target=\"_blank\" rel=\"noopener\">https:\/\/www.dwd.de\/DE\/leistungen\/waldbrandgef\/waldbrandgef.html<\/a><\/p>\n<p>&nbsp;<\/p>\n<p>&nbsp;<\/p>\n<p>&nbsp;<\/p>\n","protected":false},"excerpt":{"rendered":"<p>Das Fr\u00fchjahr 2025 scheint wieder in den gleichen Rhythmus der letzten Jahre vor 2023 und 2024 zu verfallen. Lange anhaltende Hochdruckphase mit<\/p>\n<p class=\"link-more\"><a class=\"myButt \" href=\"http:\/\/forst.igbau.nrw\/?p=2946\">Weitere Infos &#8230;<\/a><\/p>\n","protected":false},"author":1,"featured_media":1828,"comment_status":"closed","ping_status":"open","sticky":false,"template":"","format":"standard","meta":{"ngg_post_thumbnail":0,"jetpack_post_was_ever_published":false,"_jetpack_newsletter_access":"","_jetpack_dont_email_post_to_subs":false,"_jetpack_newsletter_tier_id":0,"_jetpack_memberships_contains_paywalled_content":false,"_jetpack_memberships_contains_paid_content":false,"footnotes":"","jetpack_publicize_message":"","jetpack_publicize_feature_enabled":true,"jetpack_social_post_already_shared":true,"jetpack_social_options":{"image_generator_settings":{"template":"highway","default_image_id":0,"font":"","enabled":false},"version":2}},"categories":[5,8,22,37],"tags":[],"class_list":["post-2946","post","type-post","status-publish","format-standard","has-post-thumbnail","hentry","category-forstwirtschaft","category-ig-bau","category-klimawandel","category-waldbrand"],"jetpack_publicize_connections":[],"jetpack_featured_media_url":"https:\/\/i0.wp.com\/forst.igbau.nrw\/wp-content\/uploads\/2020\/08\/forest-fire-3905873_1920.jpg?fit=1920%2C1281","jetpack_sharing_enabled":true,"jetpack_shortlink":"https:\/\/wp.me\/p8x7f7-Lw","jetpack-related-posts":[],"_links":{"self":[{"href":"http:\/\/forst.igbau.nrw\/index.php?rest_route=\/wp\/v2\/posts\/2946","targetHints":{"allow":["GET"]}}],"collection":[{"href":"http:\/\/forst.igbau.nrw\/index.php?rest_route=\/wp\/v2\/posts"}],"about":[{"href":"http:\/\/forst.igbau.nrw\/index.php?rest_route=\/wp\/v2\/types\/post"}],"author":[{"embeddable":true,"href":"http:\/\/forst.igbau.nrw\/index.php?rest_route=\/wp\/v2\/users\/1"}],"replies":[{"embeddable":true,"href":"http:\/\/forst.igbau.nrw\/index.php?rest_route=%2Fwp%2Fv2%2Fcomments&post=2946"}],"version-history":[{"count":1,"href":"http:\/\/forst.igbau.nrw\/index.php?rest_route=\/wp\/v2\/posts\/2946\/revisions"}],"predecessor-version":[{"id":2947,"href":"http:\/\/forst.igbau.nrw\/index.php?rest_route=\/wp\/v2\/posts\/2946\/revisions\/2947"}],"wp:featuredmedia":[{"embeddable":true,"href":"http:\/\/forst.igbau.nrw\/index.php?rest_route=\/wp\/v2\/media\/1828"}],"wp:attachment":[{"href":"http:\/\/forst.igbau.nrw\/index.php?rest_route=%2Fwp%2Fv2%2Fmedia&parent=2946"}],"wp:term":[{"taxonomy":"category","embeddable":true,"href":"http:\/\/forst.igbau.nrw\/index.php?rest_route=%2Fwp%2Fv2%2Fcategories&post=2946"},{"taxonomy":"post_tag","embeddable":true,"href":"http:\/\/forst.igbau.nrw\/index.php?rest_route=%2Fwp%2Fv2%2Ftags&post=2946"}],"curies":[{"name":"wp","href":"https:\/\/api.w.org\/{rel}","templated":true}]}}