{"id":297,"date":"2017-03-29T18:04:46","date_gmt":"2017-03-29T18:04:46","guid":{"rendered":"http:\/\/forst.igbau.nrw\/?p=297"},"modified":"2017-03-31T11:42:45","modified_gmt":"2017-03-31T11:42:45","slug":"wie-bringe-ich-den-wald-an-den-menschen","status":"publish","type":"post","link":"http:\/\/forst.igbau.nrw\/?p=297","title":{"rendered":"Wie bringe ich den Wald an den Menschen ?"},"content":{"rendered":"<p style=\"text-align: left;\">Auf diesen Nenner kann man vielleicht die Aufgabe des Ausschusses f\u00fcr \u00d6ffentlichkeitsarbeit (AF\u00d6) beim Deutschen Forstwirtschaftsrat (DFWR) bringen.<\/p>\n<p style=\"text-align: left;\">Der am 19.11.2009 in Berlin als vierter Ausschuss des Deutschen Forstwirtschaftsrat \u00a0gegr\u00fcndete Ausschuss befasst sich mit der praktischen \u00d6ffentlichkeitsarbeit und Forstpolitik.<br \/>\nIn diesem Ausschuss werden Strategien zur \u00d6ffentlichkeitsarbeit der Forstwirtschaft erarbeiten und bundesweite Kampagnen f\u00fcr den Wald erarbeitet und umgesetzt.<\/p>\n<p>Dazu fand am 29.03.2017 das diesj\u00e4hrige Fr\u00fchjahrs-Arbeitstreffen des AF\u00d6 \u00a0in Kassel statt an der auch die IG BAU als st\u00e4ndiges Mitglied vetreten ist.<\/p>\n<p>Unter anderem wurde hier die Nachlese der Beteiligung des DFWR an der Gr\u00fcnen Woche (IGDW) 2017 in Berlin besprochen, und der Auftakt zu den\u00a0Planungen der Teilnahme an der IGDW in 2018 gemacht.<\/p>\n<p>Dazu einige Impressionen vom Messeauftritt vom Januar diesen Jahres in Berlin:<\/p>\n<p><a href=\"http:\/\/www.dfwr.de\/index.php\/gallery\/event\/IGW2017\" target=\"_blank\">http:\/\/www.dfwr.de\/index.php\/gallery\/event\/IGW2017<\/a><\/p>\n<p>sowie ein R\u00fcckblick zu IGW 2017:<\/p>\n<p><a href=\"http:\/\/www.dfwr.de\/index.php\/blog\/217-rueckblick-auf-igw-2017\" target=\"_blank\">http:\/\/www.dfwr.de\/index.php\/blog\/217-rueckblick-auf-igw-2017<\/a><\/p>\n<p>Auf der Agenda stand auch das gerade f\u00fcr die Kolleginnen und Kollegen in der Praxis relevante Thema der\u00a0begleitenden Baustellenkommunikation zur Unterst\u00fctzung der Waldarbeit, Holzernte, Verkehrssicherung, Waldpflege und dem Waldumbau.<\/p>\n<p>Die dazu vorbereiteten Mustertexte und Musterpressemitteilungen stehen zur Verf\u00fcgung und m\u00fcssen nunmehr ihre Verbreitung in der Praxis finden.<\/p>\n<p>Die IG BAU wird diese Initiative aktiv unterst\u00fctzen und auf die bestehenden Angebote hinweisen.<\/p>\n<p>Wald und Holz NRW bietet dar\u00fcber hinaus dazu in diesem Jahr ein umfangreiches internes Schulungsangebot an.<\/p>\n<p>Weitere Tagesordnungspunkte waren die Planungen f\u00fcr das Jahr 2017, die Jahrestagung des DFWR in Dessau-Ro\u00dflau, sowie die Herbsttagung des AF\u00d6 in S\u00fcddeutschland, sowie weitere interne Entscheidungen und Inhalte.<\/p>\n<p>&nbsp;<\/p>\n","protected":false},"excerpt":{"rendered":"<p>Auf diesen Nenner kann man vielleicht die Aufgabe des Ausschusses f\u00fcr \u00d6ffentlichkeitsarbeit (AF\u00d6) beim Deutschen Forstwirtschaftsrat (DFWR) bringen. Der am 19.11.2009 in<\/p>\n<p class=\"link-more\"><a class=\"myButt \" href=\"http:\/\/forst.igbau.nrw\/?p=297\">Weitere Infos &#8230;<\/a><\/p>\n","protected":false},"author":1,"featured_media":0,"comment_status":"open","ping_status":"open","sticky":false,"template":"","format":"standard","meta":{"ngg_post_thumbnail":0,"jetpack_post_was_ever_published":false,"_jetpack_newsletter_access":"","_jetpack_dont_email_post_to_subs":false,"_jetpack_newsletter_tier_id":0,"_jetpack_memberships_contains_paywalled_content":false,"_jetpack_memberships_contains_paid_content":false,"footnotes":"","jetpack_publicize_message":"","jetpack_publicize_feature_enabled":true,"jetpack_social_post_already_shared":false,"jetpack_social_options":{"image_generator_settings":{"template":"highway","default_image_id":0,"font":"","enabled":false},"version":2}},"categories":[4,5,8,15],"tags":[],"class_list":["post-297","post","type-post","status-publish","format-standard","hentry","category-forstpolitik","category-forstwirtschaft","category-ig-bau","category-oeffentlichkeitsarbeit"],"jetpack_publicize_connections":[],"jetpack_featured_media_url":"","jetpack_sharing_enabled":true,"jetpack_shortlink":"https:\/\/wp.me\/p8x7f7-4N","jetpack-related-posts":[],"_links":{"self":[{"href":"http:\/\/forst.igbau.nrw\/index.php?rest_route=\/wp\/v2\/posts\/297","targetHints":{"allow":["GET"]}}],"collection":[{"href":"http:\/\/forst.igbau.nrw\/index.php?rest_route=\/wp\/v2\/posts"}],"about":[{"href":"http:\/\/forst.igbau.nrw\/index.php?rest_route=\/wp\/v2\/types\/post"}],"author":[{"embeddable":true,"href":"http:\/\/forst.igbau.nrw\/index.php?rest_route=\/wp\/v2\/users\/1"}],"replies":[{"embeddable":true,"href":"http:\/\/forst.igbau.nrw\/index.php?rest_route=%2Fwp%2Fv2%2Fcomments&post=297"}],"version-history":[{"count":4,"href":"http:\/\/forst.igbau.nrw\/index.php?rest_route=\/wp\/v2\/posts\/297\/revisions"}],"predecessor-version":[{"id":301,"href":"http:\/\/forst.igbau.nrw\/index.php?rest_route=\/wp\/v2\/posts\/297\/revisions\/301"}],"wp:attachment":[{"href":"http:\/\/forst.igbau.nrw\/index.php?rest_route=%2Fwp%2Fv2%2Fmedia&parent=297"}],"wp:term":[{"taxonomy":"category","embeddable":true,"href":"http:\/\/forst.igbau.nrw\/index.php?rest_route=%2Fwp%2Fv2%2Fcategories&post=297"},{"taxonomy":"post_tag","embeddable":true,"href":"http:\/\/forst.igbau.nrw\/index.php?rest_route=%2Fwp%2Fv2%2Ftags&post=297"}],"curies":[{"name":"wp","href":"https:\/\/api.w.org\/{rel}","templated":true}]}}