{"id":2983,"date":"2025-09-11T09:46:00","date_gmt":"2025-09-11T09:46:00","guid":{"rendered":"http:\/\/forst.igbau.nrw\/?p=2983"},"modified":"2025-09-11T09:46:00","modified_gmt":"2025-09-11T09:46:00","slug":"waldbauerntag-nrw-in-werl-am-04-09-2025","status":"publish","type":"post","link":"http:\/\/forst.igbau.nrw\/?p=2983","title":{"rendered":"Waldbauerntag NRW in Werl am 04.09.2025"},"content":{"rendered":"<p>Am 4. September fand in der Stadthalle in Werl die diesj\u00e4hrige Versammlung der Waldbauern in Nordrhein-Westfalen statt. Der j\u00e4hrliche Wald Bauerntag ist die Veranstaltung, in der die organisierten Waldbauern in NRW wesentliche Beschl\u00fcsse fassen und in einem \u00f6ffentlichen Teil sich mit Politik und Forstverb\u00e4nden auseinandersetzen. Auch dieses Mal nahm ab dem Nachmittag Frau Silke Gorissen, als zust\u00e4ndige Forstministerin an der Sitzung teil. In ihrem Vortrag wurde unter anderem die aktuelle Situation der forstlichen F\u00f6rderkulisse in NRW aus politischer Sicht dargestellt. Es zeichnet sich ab, dass die F\u00f6rdersumme der direkten F\u00f6rderung des Waldbesitzes aufgrund der allgemeinen Preissteigerung nicht mehr wie in der Vergangenheit zugestanden werden kann.<\/p>\n<p>Bei gleichbleibenden Mitteln w\u00fcrden ohne Anpassungen die bereitgestellten Gelder nicht mehr f\u00fcr jeden Antragsteller\/Waldesitzenden verf\u00fcgbar sein.<\/p>\n<p>Warum das Land Nordrhein-Westfalen nicht beabsichtigt, die F\u00f6rder Summe den Preissteigerungen anzupassen, erkl\u00e4rt Sie jedoch nicht.<\/p>\n<p>Es soll dazu in den n\u00e4chsten Tagen eine neue F\u00f6rderrichtlinie ver\u00f6ffentlicht werden. Diese Aussage betrifft ausschlie\u00dflich die direkte F\u00f6rderung der Forstlichen Zusammenschl\u00fcsse in Nordrhein-Westfalen, die \u201eDirekte F\u00f6rderung\u201c f\u00fcr Dienstleistungen stellen seit dem Wegfall der \u201eindirekten\u201c F\u00f6rderung von Forstlichen Dienstleistungen zum Ende 2021 den \u201eErsatz oder Ausgleich\u201c f\u00fcr das kosteng\u00fcnstige Angebot der Landesforstverwaltung dar.<\/p>\n<p>Die Reduktion der F\u00f6rdersumme wird wesentliche Auswirkung auf die Ma\u00dfnahmen der Waldbesitzerinnen als auch der staatlichen und anderen forstlichen Dienstleister haben.<\/p>\n<p>Gleichzeitig erfolgte bereits jetzt die Ansage, dass ab 2027 die Mehrwertsteuer nicht mehr mit gef\u00f6rdert wird. Damit reduziert sich sp\u00e4testens im \u00fcbern\u00e4chsten Jahr, die F\u00f6rderm\u00f6glichkeit f\u00fcr forstliche Dienstleistungen auf Ebene der Zusammenschl\u00fcsse. Davon jedoch nicht ber\u00fchrt, sind die Mittel aus der F\u00f6rderung der GAK. Das Land hat nach Aussagen der Ministerin im letzten Jahr 24 Millionen \u20ac an die Waldbesitzer ausgezahlt, damit wurden vor allem die Neuanpflanzung von Waldb\u00e4umen und den Wegebau infolge der Flutsch\u00e4den unterst\u00fctzt. Diese Summe wird sich bis zum Jahres Ende 2025 jedoch auf eine Zahl unterhalb von 16 Millionen \u20ac reduzieren. Nach Aussagen der Ministerin sind aktuell rund die H\u00e4lfte der Kalamit\u00e4tsbedingten Schadenfl\u00e4chen wieder bewaldet, wobei der Anteil an Laubholz leider nur 46 % betr\u00e4gt, damit sind weiterhin \u00fcber die H\u00e4lfte der wieder begr\u00fcndeten Fl\u00e4chen mit Nadelholz bestockt worden.<\/p>\n<p>Im Zuge der vorangegangenen internen Versammlung der Waldbauern erfolgte auch der Wechsel in der F\u00fchrungsriege, der langj\u00e4hrige Vorsitzende Philipp von Heeremann \u00fcbergibt sein Amt nach \u00fcber 16 Jahren an Eberhard von Wrede. Von Wrede ist in der Forstwelt in Nordrhein-Westfalen kein Unbekannter. Bereits seit vielen Jahren ist er Mitglied im Obersten Forstausschuss und beteiligt sich immer wieder sehr engagiert und lebhaft mit Beitr\u00e4gen an forstpolitischen und auch forstpraktischen Diskussionen und Entscheidungen. Wobei hier nat\u00fcrlich der Schwerpunkt auf den Interessen der Waldbesitzenden liegt<\/p>\n","protected":false},"excerpt":{"rendered":"<p>Am 4. September fand in der Stadthalle in Werl die diesj\u00e4hrige Versammlung der Waldbauern in Nordrhein-Westfalen statt. Der j\u00e4hrliche Wald Bauerntag ist<\/p>\n<p class=\"link-more\"><a class=\"myButt \" href=\"http:\/\/forst.igbau.nrw\/?p=2983\">Weitere Infos &#8230;<\/a><\/p>\n","protected":false},"author":1,"featured_media":861,"comment_status":"closed","ping_status":"open","sticky":false,"template":"","format":"standard","meta":{"ngg_post_thumbnail":0,"jetpack_post_was_ever_published":false,"_jetpack_newsletter_access":"","_jetpack_dont_email_post_to_subs":false,"_jetpack_newsletter_tier_id":0,"_jetpack_memberships_contains_paywalled_content":false,"_jetpack_memberships_contains_paid_content":false,"footnotes":"","jetpack_publicize_message":"","jetpack_publicize_feature_enabled":true,"jetpack_social_post_already_shared":true,"jetpack_social_options":{"image_generator_settings":{"template":"highway","default_image_id":0,"font":"","enabled":false},"version":2}},"categories":[4,20],"tags":[],"class_list":["post-2983","post","type-post","status-publish","format-standard","has-post-thumbnail","hentry","category-forstpolitik","category-landesbetrieb-wald-und-holz"],"jetpack_publicize_connections":[],"jetpack_featured_media_url":"https:\/\/i0.wp.com\/forst.igbau.nrw\/wp-content\/uploads\/2019\/02\/IMG_9019.jpg?fit=%2C","jetpack_sharing_enabled":true,"jetpack_shortlink":"https:\/\/wp.me\/p8x7f7-M7","jetpack-related-posts":[],"_links":{"self":[{"href":"http:\/\/forst.igbau.nrw\/index.php?rest_route=\/wp\/v2\/posts\/2983","targetHints":{"allow":["GET"]}}],"collection":[{"href":"http:\/\/forst.igbau.nrw\/index.php?rest_route=\/wp\/v2\/posts"}],"about":[{"href":"http:\/\/forst.igbau.nrw\/index.php?rest_route=\/wp\/v2\/types\/post"}],"author":[{"embeddable":true,"href":"http:\/\/forst.igbau.nrw\/index.php?rest_route=\/wp\/v2\/users\/1"}],"replies":[{"embeddable":true,"href":"http:\/\/forst.igbau.nrw\/index.php?rest_route=%2Fwp%2Fv2%2Fcomments&post=2983"}],"version-history":[{"count":1,"href":"http:\/\/forst.igbau.nrw\/index.php?rest_route=\/wp\/v2\/posts\/2983\/revisions"}],"predecessor-version":[{"id":2984,"href":"http:\/\/forst.igbau.nrw\/index.php?rest_route=\/wp\/v2\/posts\/2983\/revisions\/2984"}],"wp:featuredmedia":[{"embeddable":true,"href":"http:\/\/forst.igbau.nrw\/index.php?rest_route=\/wp\/v2\/media\/861"}],"wp:attachment":[{"href":"http:\/\/forst.igbau.nrw\/index.php?rest_route=%2Fwp%2Fv2%2Fmedia&parent=2983"}],"wp:term":[{"taxonomy":"category","embeddable":true,"href":"http:\/\/forst.igbau.nrw\/index.php?rest_route=%2Fwp%2Fv2%2Fcategories&post=2983"},{"taxonomy":"post_tag","embeddable":true,"href":"http:\/\/forst.igbau.nrw\/index.php?rest_route=%2Fwp%2Fv2%2Ftags&post=2983"}],"curies":[{"name":"wp","href":"https:\/\/api.w.org\/{rel}","templated":true}]}}