{"id":2986,"date":"2025-09-11T15:03:04","date_gmt":"2025-09-11T15:03:04","guid":{"rendered":"http:\/\/forst.igbau.nrw\/?p=2986"},"modified":"2025-09-11T15:11:31","modified_gmt":"2025-09-11T15:11:31","slug":"pr-versammlung-2025-von-wald-und-holz-nrw","status":"publish","type":"post","link":"http:\/\/forst.igbau.nrw\/?p=2986","title":{"rendered":"PR Versammlung 2025 von Wald und Holz NRW"},"content":{"rendered":"<figure id=\"attachment_2987\" aria-describedby=\"caption-attachment-2987\" style=\"width: 2560px\" class=\"wp-caption alignnone\"><a href=\"https:\/\/i0.wp.com\/forst.igbau.nrw\/wp-content\/uploads\/2025\/09\/2025_4-scaled.jpeg\"><img data-recalc-dims=\"1\" fetchpriority=\"high\" decoding=\"async\" data-attachment-id=\"2987\" data-permalink=\"http:\/\/forst.igbau.nrw\/?attachment_id=2987\" data-orig-file=\"https:\/\/i0.wp.com\/forst.igbau.nrw\/wp-content\/uploads\/2025\/09\/2025_4-scaled.jpeg?fit=2560%2C590\" data-orig-size=\"2560,590\" data-comments-opened=\"0\" data-image-meta=\"{&quot;aperture&quot;:&quot;0&quot;,&quot;credit&quot;:&quot;&quot;,&quot;camera&quot;:&quot;&quot;,&quot;caption&quot;:&quot;&quot;,&quot;created_timestamp&quot;:&quot;0&quot;,&quot;copyright&quot;:&quot;&quot;,&quot;focal_length&quot;:&quot;0&quot;,&quot;iso&quot;:&quot;0&quot;,&quot;shutter_speed&quot;:&quot;0&quot;,&quot;title&quot;:&quot;&quot;,&quot;orientation&quot;:&quot;1&quot;}\" data-image-title=\"2025_4\" data-image-description=\"\" data-image-caption=\"\" data-large-file=\"https:\/\/i0.wp.com\/forst.igbau.nrw\/wp-content\/uploads\/2025\/09\/2025_4-scaled.jpeg?fit=640%2C148\" class=\"wp-image-2987 size-full\" src=\"https:\/\/i0.wp.com\/forst.igbau.nrw\/wp-content\/uploads\/2025\/09\/2025_4-scaled.jpeg?resize=640%2C148\" alt=\"\" width=\"640\" height=\"148\" srcset=\"https:\/\/i0.wp.com\/forst.igbau.nrw\/wp-content\/uploads\/2025\/09\/2025_4-scaled.jpeg?w=2560 2560w, https:\/\/i0.wp.com\/forst.igbau.nrw\/wp-content\/uploads\/2025\/09\/2025_4-scaled.jpeg?resize=300%2C69 300w, https:\/\/i0.wp.com\/forst.igbau.nrw\/wp-content\/uploads\/2025\/09\/2025_4-scaled.jpeg?resize=1024%2C236 1024w, https:\/\/i0.wp.com\/forst.igbau.nrw\/wp-content\/uploads\/2025\/09\/2025_4-scaled.jpeg?resize=768%2C177 768w, https:\/\/i0.wp.com\/forst.igbau.nrw\/wp-content\/uploads\/2025\/09\/2025_4-scaled.jpeg?resize=1536%2C354 1536w, https:\/\/i0.wp.com\/forst.igbau.nrw\/wp-content\/uploads\/2025\/09\/2025_4-scaled.jpeg?resize=2048%2C472 2048w, https:\/\/i0.wp.com\/forst.igbau.nrw\/wp-content\/uploads\/2025\/09\/2025_4-scaled.jpeg?w=1280 1280w, https:\/\/i0.wp.com\/forst.igbau.nrw\/wp-content\/uploads\/2025\/09\/2025_4-scaled.jpeg?w=1920 1920w\" sizes=\"(max-width: 640px) 100vw, 640px\" \/><\/a><figcaption id=\"caption-attachment-2987\" class=\"wp-caption-text\">Peter Wicke, IGBAU, Marion, Hart, BDF, Peter Wiese, IGBAU, Priska Dietsche, BDF, Oliver Dreger BDF, Silke Gorissen Forstministerin NRW<\/figcaption><\/figure>\n<p>&nbsp;<\/p>\n<p>Am 10. September 2025 fand die diesj\u00e4hrige Personalversammlung des Personalrates beim Landesbetrieb Wald und Holz Nordrhein-Westfalen in Werl statt. Aus allen Bereichen des Landes Nordrhein-Westfalen fanden sich Kolleginnen und Kollegen zur diesj\u00e4hrigen Versammlung an altbekannter Stelle in der Stadthalle in Werl ein. Seitens der Verwaltung und des Ministeriums Frau Ministerin, Silke, Gorissen, Landesforstchef, Daniel Hartmann, der Leiter des Landesbetriebes, Tim Scherer, und der Leiter des Landesbetriebes Thomas K\u00e4mmerling teil. Den Auftakt wie \u00fcblich in Personalversammlungen machte der Vorsitzende Oliver Dreger, er fasste in seinem Gesch\u00e4ftsbericht die Schwierigkeiten, Verhandlungen, Beschl\u00fcsse und Aufgaben der Personalvertretung des letzten Jahres zusammen. Insbesondere die sich seit Jahren hinschleppende Einigung auf eine aus Sicht der Personalvertretung korrekte Eingruppierung in den Forstbetriebsbezirke, sowie die aktuell anstehende Bewertung der Dienstposten ebenfalls f\u00fcr die Forstbetriebsbezirke waren lange, beziehungsweise sind noch immer strittig. Im Anschluss fasste Frau Ministerin Gorissen die forstpolitische Lage in NRW vor dem Hintergrund der knappen Haushaltsmittel zusammen. Die Ministerin stellt heraus, welche besonderen Anforderungen Aufgaben an die Besch\u00e4ftigten des Landesbetriebes im letzten Jahr gestellt worden sind. Von der ASP Pr\u00e4vention, \u00fcber die Waldbrandbek\u00e4mpfung bis hin zur Abwicklung der F\u00f6rderung des Waldbesitzes.<\/p>\n<p>Leider jedoch stand \u00dcber allem das Diktat der knappen Haushaltsmittel und damit wurden auch ihrerseits keine positiven Aussichten im Hinblick auf die Personalknappheit und die Beschriftung von Stellen gemacht. Die anschlie\u00dfende Information durch Herrn Scherer, unter anderem zu der wirtschaftlichen Situation, fasste diese Aussagen noch einmal im Detail zusammen. Losgel\u00f6st von der finanziellen Situation gab Herr Scherer au\u00dferdem einen \u00dcberblick der erfolgten Mitarbeiterbefragung und deren Auswertung sowie draus resultierenden Schlussfolgerung und Umsetzungen.<\/p>\n<p>Im anschlie\u00dfenden Beitrag von Herrn K\u00e4mmerling wurde auch noch einmal ein Blick auf die Historie der aktuellen Situation hingewiesen, in der Vergangenheit bestand keine M\u00f6glichkeit der Bildung von R\u00fccklagen, dem Selbstbehalt der j\u00e4hrlichen Abf\u00fchrung an den Landeshaushalt, die Eigenversicherung des Landesbetriebes, die Untersagung der Holzvermarktung, das Abschaffen der indirekten F\u00f6rderung und damit der Entzug der seit mehr als 30 Jahre erfolgreich ge\u00fcbten Praxis in der Betreuung des privaten Waldbesitzes. Er f\u00fchrte positiv, an, welche zus\u00e4tzlichen Gesch\u00e4ftsfelder der Landesbetrieb aktuell bereits aktivieren konnte. Die zus\u00e4tzlichen Einnahmen von Sponsoringmitteln, der Errichtung von Windenergieanlagen, den Betrieb von Friedw\u00e4ldern und einiges mehr.<\/p>\n<p>Durch alle Beitr\u00e4ge hinweg kam das Thema einer kommenden betriebswirtschaftlichen \u00dcberpr\u00fcfung des Landesbetriebes vor. Die Personalvertretung des Hauptpersonalrates und der PR beim Landesbetrieb sind hier gefordert, bereits bei der Erstellung des Pflichtenheftes\/des Auftrages mitzuwirken. Diese Anforderungen kommen die Arbeitnehmervertretung auch nach.<\/p>\n<p>Aber all dies reicht nicht aus, um die chronische Unterfinanzierung des Landesbetriebes auszugleichen. Auch ein Betriebswirtschaftliches Gutachten wird hier keine unentdeckten Sch\u00e4tze heben und die Misere l\u00f6sen.<\/p>\n<p>Nach der Mittagspause, dann bestand die M\u00f6glichkeit der Jugend und Auszubildendenvertretung, des Bundes deutscher Forstleute und der Landesvertretung der IGBAU f\u00fcr Forst und Naturschutz in NRW ihre Worte an die Belegschaft zu richten.<\/p>\n<p>Seitens der IGBAU wurde die grundlegende Fehlannahme kritisiert, wonach es einer betriebswirtschaftlichen Eigenfinanzierung in erheblichem Umfang bedarf um die Landesforstverwaltung zu betreiben.<\/p>\n<p>Die Aussage des Landesvorsitzenden Peter Wicke dazu war &#8222;Warum muss eine Landesforstverwaltung \u00fcberhaupt sich selbst durch Einnahmen finanzieren,&nbsp; zumindest besteht die Forderung der Landesregierung dies in einem&nbsp; einem nicht unerheblichen Umfang zu tun.<\/p>\n<p>Die Feuerwehren in Nordrhein-Westfalen bieten ja auch nicht zur Finanzierung ihrer Schl\u00e4uche und des L\u00f6schwassers auf einmal Grillartikel an.<\/p>\n<p>Am Beispiel der finanziellen Situation der Stadt K\u00f6ln stellte er die Verh\u00e4ltnism\u00e4\u00dfigkeit der Forderung des Landes gegen\u00fcber dem Landesbetrieb, Wald und Holz infrage. Was ist es dem B\u00fcrger, das Land NRW wert, dass sich die Besch\u00e4ftigten des Landesbetriebes Wald und Holz Nordrhein-Westfalen um den Wald k\u00fcmmern?<\/p>\n<p>Peter Wicke, Schloss, seinen Vortrag mit der Forderung endlich sich selbst ehrlich zu machen und zu erkennen, dass eine Landesforstverwaltung keine Firma, kein Unternehmen ist, sondern im Auftrag der B\u00fcrger und des Landes Nordrhein-Westfalen sich um die Sicherstellung der Waldfl\u00e4chen in NRW k\u00fcmmert. Wer noch nicht erkannt hat, dass die Erhaltung des Waldes, kein Klimaschutz, kein Waldschutz, kein Naturschutz ist, sondern letztendlich dem Erhalt der Gesellschaft, und den Menschen dient. Der sollte noch einmal dr\u00fcber nachdenken, welchen Preis wir bereit sind zu bezahlen, um unseren Wald zu erhalten.. Letztendlich ist es der Natur und dem Wald egal, in welcher Form er in Zukunft existiert, und er wird existieren. Aber m\u00f6glicherweise in einer Form, die wir heute noch nicht kennen und die wir auch nicht mehr erleben werden.<\/p>\n","protected":false},"excerpt":{"rendered":"<p>&nbsp; Am 10. September 2025 fand die diesj\u00e4hrige Personalversammlung des Personalrates beim Landesbetrieb Wald und Holz Nordrhein-Westfalen in Werl statt. Aus allen<\/p>\n<p class=\"link-more\"><a class=\"myButt \" href=\"http:\/\/forst.igbau.nrw\/?p=2986\">Weitere Infos &#8230;<\/a><\/p>\n","protected":false},"author":1,"featured_media":2987,"comment_status":"closed","ping_status":"open","sticky":false,"template":"","format":"standard","meta":{"ngg_post_thumbnail":0,"jetpack_post_was_ever_published":false,"_jetpack_newsletter_access":"","_jetpack_dont_email_post_to_subs":false,"_jetpack_newsletter_tier_id":0,"_jetpack_memberships_contains_paywalled_content":false,"_jetpack_memberships_contains_paid_content":false,"footnotes":"","jetpack_publicize_message":"","jetpack_publicize_feature_enabled":true,"jetpack_social_post_already_shared":true,"jetpack_social_options":{"image_generator_settings":{"template":"highway","default_image_id":0,"font":"","enabled":false},"version":2}},"categories":[21,4,5,8,20],"tags":[],"class_list":["post-2986","post","type-post","status-publish","format-standard","has-post-thumbnail","hentry","category-dgb-gewerkschaften","category-forstpolitik","category-forstwirtschaft","category-ig-bau","category-landesbetrieb-wald-und-holz"],"jetpack_publicize_connections":[],"jetpack_featured_media_url":"https:\/\/i0.wp.com\/forst.igbau.nrw\/wp-content\/uploads\/2025\/09\/2025_4-scaled.jpeg?fit=2560%2C590","jetpack_sharing_enabled":true,"jetpack_shortlink":"https:\/\/wp.me\/p8x7f7-Ma","jetpack-related-posts":[],"_links":{"self":[{"href":"http:\/\/forst.igbau.nrw\/index.php?rest_route=\/wp\/v2\/posts\/2986","targetHints":{"allow":["GET"]}}],"collection":[{"href":"http:\/\/forst.igbau.nrw\/index.php?rest_route=\/wp\/v2\/posts"}],"about":[{"href":"http:\/\/forst.igbau.nrw\/index.php?rest_route=\/wp\/v2\/types\/post"}],"author":[{"embeddable":true,"href":"http:\/\/forst.igbau.nrw\/index.php?rest_route=\/wp\/v2\/users\/1"}],"replies":[{"embeddable":true,"href":"http:\/\/forst.igbau.nrw\/index.php?rest_route=%2Fwp%2Fv2%2Fcomments&post=2986"}],"version-history":[{"count":5,"href":"http:\/\/forst.igbau.nrw\/index.php?rest_route=\/wp\/v2\/posts\/2986\/revisions"}],"predecessor-version":[{"id":2992,"href":"http:\/\/forst.igbau.nrw\/index.php?rest_route=\/wp\/v2\/posts\/2986\/revisions\/2992"}],"wp:featuredmedia":[{"embeddable":true,"href":"http:\/\/forst.igbau.nrw\/index.php?rest_route=\/wp\/v2\/media\/2987"}],"wp:attachment":[{"href":"http:\/\/forst.igbau.nrw\/index.php?rest_route=%2Fwp%2Fv2%2Fmedia&parent=2986"}],"wp:term":[{"taxonomy":"category","embeddable":true,"href":"http:\/\/forst.igbau.nrw\/index.php?rest_route=%2Fwp%2Fv2%2Fcategories&post=2986"},{"taxonomy":"post_tag","embeddable":true,"href":"http:\/\/forst.igbau.nrw\/index.php?rest_route=%2Fwp%2Fv2%2Ftags&post=2986"}],"curies":[{"name":"wp","href":"https:\/\/api.w.org\/{rel}","templated":true}]}}