{"id":2993,"date":"2025-09-15T11:02:31","date_gmt":"2025-09-15T11:02:31","guid":{"rendered":"http:\/\/forst.igbau.nrw\/?p=2993"},"modified":"2025-09-15T11:02:31","modified_gmt":"2025-09-15T11:02:31","slug":"dlg-waldtage-in-nrw","status":"publish","type":"post","link":"http:\/\/forst.igbau.nrw\/?p=2993","title":{"rendered":"DLG Waldtage in NRW"},"content":{"rendered":"<p data-start=\"183\" data-end=\"321\"><strong data-start=\"183\" data-end=\"321\">DLG\u2011Waldtage 2025 in Lichtenau unter dem Thema&nbsp; \u201eVision. Innovation. Zukunft.\u201c \u2013 Plattform f\u00fcr nachhaltige und nutzungsorientierte Waldbewirtschaftung<\/strong><\/p>\n<p data-start=\"323\" data-end=\"873\">Im Umfeld der weithin sichtbaren Windr\u00e4der&nbsp; fanden vom 15. September 2025 \u2013<\/p>\n<p data-start=\"323\" data-end=\"873\">Unter dem Motto <strong data-start=\"383\" data-end=\"417\">\u201eVision. Innovation. Zukunft.\u201c<\/strong> trafen sich die forstliche Fachwelt vom <strong data-start=\"435\" data-end=\"493\">Freitag, 12. September bis Sonntag, 14. September 2025<\/strong>&nbsp; erneut in der Region in Lichtenau (Westfalen) auf den DLG Waldtagen 2025.<\/p>\n<p data-start=\"323\" data-end=\"873\">Ca. 12.000 Besucher und etwa 200 Aussteller trafen sich auf dem Messegel\u00e4nde in Lichtenau zur f\u00fcnften Auflage der DLG\u2011Waldtage. Auf \u00fcber 70 Hektar Outdoor\u2011Fl\u00e4che wurden die neueste Technologien, aktuelle Forschungsergebnisse und praxisnahe L\u00f6sungen rund um Forst, Wald und Holz pr\u00e4sentiert. Veranstalter war die Deutsche Landwirtschafts\u2011Gesellschaft (DLG).<\/p>\n<figure id=\"attachment_2996\" aria-describedby=\"caption-attachment-2996\" style=\"width: 640px\" class=\"wp-caption alignright\"><a href=\"https:\/\/i0.wp.com\/forst.igbau.nrw\/wp-content\/uploads\/2025\/09\/6770F448-1E31-4D4E-8A2D-1C02210FC7FD_1_201_a-scaled.jpeg\"><img data-recalc-dims=\"1\" fetchpriority=\"high\" decoding=\"async\" data-attachment-id=\"2996\" data-permalink=\"http:\/\/forst.igbau.nrw\/?attachment_id=2996\" data-orig-file=\"https:\/\/i0.wp.com\/forst.igbau.nrw\/wp-content\/uploads\/2025\/09\/6770F448-1E31-4D4E-8A2D-1C02210FC7FD_1_201_a-scaled.jpeg?fit=2560%2C1922\" data-orig-size=\"2560,1922\" data-comments-opened=\"0\" data-image-meta=\"{&quot;aperture&quot;:&quot;22&quot;,&quot;credit&quot;:&quot;&quot;,&quot;camera&quot;:&quot;DMC-G81&quot;,&quot;caption&quot;:&quot;&quot;,&quot;created_timestamp&quot;:&quot;1757689780&quot;,&quot;copyright&quot;:&quot;&quot;,&quot;focal_length&quot;:&quot;20&quot;,&quot;iso&quot;:&quot;200&quot;,&quot;shutter_speed&quot;:&quot;0.00625&quot;,&quot;title&quot;:&quot;&quot;,&quot;orientation&quot;:&quot;1&quot;}\" data-image-title=\"6770F448-1E31-4D4E-8A2D-1C02210FC7FD_1_201_a\" data-image-description=\"\" data-image-caption=\"\" data-large-file=\"https:\/\/i0.wp.com\/forst.igbau.nrw\/wp-content\/uploads\/2025\/09\/6770F448-1E31-4D4E-8A2D-1C02210FC7FD_1_201_a-scaled.jpeg?fit=640%2C481\" class=\"wp-image-2996 size-large\" src=\"https:\/\/i0.wp.com\/forst.igbau.nrw\/wp-content\/uploads\/2025\/09\/6770F448-1E31-4D4E-8A2D-1C02210FC7FD_1_201_a.jpeg?resize=640%2C481\" alt=\"DB Stellenangebote DLG 2025\" width=\"640\" height=\"481\" srcset=\"https:\/\/i0.wp.com\/forst.igbau.nrw\/wp-content\/uploads\/2025\/09\/6770F448-1E31-4D4E-8A2D-1C02210FC7FD_1_201_a-scaled.jpeg?resize=1024%2C769 1024w, https:\/\/i0.wp.com\/forst.igbau.nrw\/wp-content\/uploads\/2025\/09\/6770F448-1E31-4D4E-8A2D-1C02210FC7FD_1_201_a-scaled.jpeg?resize=300%2C225 300w, https:\/\/i0.wp.com\/forst.igbau.nrw\/wp-content\/uploads\/2025\/09\/6770F448-1E31-4D4E-8A2D-1C02210FC7FD_1_201_a-scaled.jpeg?resize=768%2C577 768w, https:\/\/i0.wp.com\/forst.igbau.nrw\/wp-content\/uploads\/2025\/09\/6770F448-1E31-4D4E-8A2D-1C02210FC7FD_1_201_a-scaled.jpeg?resize=1536%2C1153 1536w, https:\/\/i0.wp.com\/forst.igbau.nrw\/wp-content\/uploads\/2025\/09\/6770F448-1E31-4D4E-8A2D-1C02210FC7FD_1_201_a-scaled.jpeg?resize=2048%2C1538 2048w, https:\/\/i0.wp.com\/forst.igbau.nrw\/wp-content\/uploads\/2025\/09\/6770F448-1E31-4D4E-8A2D-1C02210FC7FD_1_201_a-scaled.jpeg?w=1280 1280w, https:\/\/i0.wp.com\/forst.igbau.nrw\/wp-content\/uploads\/2025\/09\/6770F448-1E31-4D4E-8A2D-1C02210FC7FD_1_201_a-scaled.jpeg?w=1920 1920w\" sizes=\"(max-width: 640px) 100vw, 640px\" \/><\/a><figcaption id=\"caption-attachment-2996\" class=\"wp-caption-text\">Jobangebote der DB auf den DLG Tagen 2025<\/figcaption><\/figure>\n<p data-start=\"323\" data-end=\"873\">Schon bevor man das eigentliche Ausstellungsgel\u00e4nde betritt, wird man am Zaun begr\u00fc\u00dft von den Stellenangeboten der Deutschen Bahn . Mit mehreren Werbebannern sucht die DB Mitarbeiter f\u00fcr der Gr\u00fcnen Sektor in ihrem Aufgabenfeld der Streckensicherung und Pflege. Auch auf dem Messegel\u00e4nde hatte die DB Ihr Werbecenter aufgestellt und konkurriert mit Ihren Angeboten um die forstlichen Fachkr\u00e4fte auf dem Arbeitsmarkt. Ein starker Mitbewerber mit der die Forstbranche in vergangenen Zeiten nicht konkurrieren musste.<\/p>\n<p data-start=\"323\" data-end=\"873\">Ein kleiner wenn auch wichtiger Themenkomplex stellte das Thema Wiederbewaldung dar. Hier stellten abseits von den Gro\u00dfmaschinen und dem schweren Ger\u00e4t mehrere Aussteller auf dem Ausstellungsgel\u00e4nde ihre Entwicklungen zum Thema Einzelschutz dar. Vor dem Hintergrund der stetig zunehmenden Gef\u00e4hrdung der Kulturen und der Verj\u00fcngungsfl\u00e4chen durch Verbi\u00df und Sch\u00e4len\/fegen bleibt diese Produkt leider weiterhin oft die letzte M\u00f6glichkeit um die Wiederbegr\u00fcndung zu erm\u00f6glichen und die Entmischung der Kalamit\u00e4tsfl\u00e4chen zu verhindern.&nbsp; Im Gespr\u00e4ch mit den einzelnen Anbietern wurde schnell klar, das hier alle Produzenten laufend dabei sind den besten Weg, das bester Produkt f\u00fcr die Anspr\u00fcche der Waldbesitzer und Fachfirmen zu suchen und ihre eigenen Produkte zu verbessern.<\/p>\n<figure id=\"attachment_2994\" aria-describedby=\"caption-attachment-2994\" style=\"width: 554px\" class=\"wp-caption alignright\"><img data-recalc-dims=\"1\" decoding=\"async\" data-attachment-id=\"2994\" data-permalink=\"http:\/\/forst.igbau.nrw\/?attachment_id=2994\" data-orig-file=\"https:\/\/i0.wp.com\/forst.igbau.nrw\/wp-content\/uploads\/2025\/09\/ED0BE48F-E549-4B28-BC18-02EFF45477D4_1_201_a-scaled.jpeg?fit=2560%2C1886\" data-orig-size=\"2560,1886\" data-comments-opened=\"0\" data-image-meta=\"{&quot;aperture&quot;:&quot;3.5&quot;,&quot;credit&quot;:&quot;&quot;,&quot;camera&quot;:&quot;DMC-G81&quot;,&quot;caption&quot;:&quot;&quot;,&quot;created_timestamp&quot;:&quot;1757684416&quot;,&quot;copyright&quot;:&quot;&quot;,&quot;focal_length&quot;:&quot;12&quot;,&quot;iso&quot;:&quot;200&quot;,&quot;shutter_speed&quot;:&quot;0.008&quot;,&quot;title&quot;:&quot;&quot;,&quot;orientation&quot;:&quot;1&quot;}\" data-image-title=\"Waldschutz\" data-image-description=\"\" data-image-caption=\"\" data-large-file=\"https:\/\/i0.wp.com\/forst.igbau.nrw\/wp-content\/uploads\/2025\/09\/ED0BE48F-E549-4B28-BC18-02EFF45477D4_1_201_a-scaled.jpeg?fit=640%2C471\" class=\"wp-image-2994\" src=\"https:\/\/i0.wp.com\/forst.igbau.nrw\/wp-content\/uploads\/2025\/09\/ED0BE48F-E549-4B28-BC18-02EFF45477D4_1_201_a.jpeg?resize=554%2C408\" alt=\"Einzelschutz aus Fichte und Baumwolle\" width=\"554\" height=\"408\" srcset=\"https:\/\/i0.wp.com\/forst.igbau.nrw\/wp-content\/uploads\/2025\/09\/ED0BE48F-E549-4B28-BC18-02EFF45477D4_1_201_a-scaled.jpeg?resize=1024%2C754 1024w, https:\/\/i0.wp.com\/forst.igbau.nrw\/wp-content\/uploads\/2025\/09\/ED0BE48F-E549-4B28-BC18-02EFF45477D4_1_201_a-scaled.jpeg?resize=300%2C221 300w, https:\/\/i0.wp.com\/forst.igbau.nrw\/wp-content\/uploads\/2025\/09\/ED0BE48F-E549-4B28-BC18-02EFF45477D4_1_201_a-scaled.jpeg?resize=768%2C566 768w, https:\/\/i0.wp.com\/forst.igbau.nrw\/wp-content\/uploads\/2025\/09\/ED0BE48F-E549-4B28-BC18-02EFF45477D4_1_201_a-scaled.jpeg?resize=1536%2C1131 1536w, https:\/\/i0.wp.com\/forst.igbau.nrw\/wp-content\/uploads\/2025\/09\/ED0BE48F-E549-4B28-BC18-02EFF45477D4_1_201_a-scaled.jpeg?resize=2048%2C1509 2048w, https:\/\/i0.wp.com\/forst.igbau.nrw\/wp-content\/uploads\/2025\/09\/ED0BE48F-E549-4B28-BC18-02EFF45477D4_1_201_a-scaled.jpeg?w=1280 1280w, https:\/\/i0.wp.com\/forst.igbau.nrw\/wp-content\/uploads\/2025\/09\/ED0BE48F-E549-4B28-BC18-02EFF45477D4_1_201_a-scaled.jpeg?w=1920 1920w\" sizes=\"(max-width: 554px) 100vw, 554px\" \/><figcaption id=\"caption-attachment-2994\" class=\"wp-caption-text\">Einzelschutz aus Fichte und Baumwolle, \u00d6kologisch und stabil.<\/figcaption><\/figure>\n<p>&nbsp;<\/p>\n<p data-start=\"323\" data-end=\"873\">Von behandelter Baumwolle, \u00fcber Folien aus Maisst\u00e4rke, beschichtete &#8222;Pappe&#8220; bis hin zu Fichtenfurnierstriefen im Ziehharmonikamuster mit Baumwollnetz werden vielf\u00e4ltige Ideen und Produkte angeboten. Unterscheiden tun sich die Angebote von der zu erwartenden Standzeit, dem Grad der Verfallsdauer und dem Lichteinfluss. Messen m\u00fcssen sich alle Anbieter bei den Kennzahlen der St\u00fcckpreise, der Flexibilit\u00e4t des Produktes, den Aufbau- und Logistikkosten.<\/p>\n<figure id=\"attachment_2998\" aria-describedby=\"caption-attachment-2998\" style=\"width: 640px\" class=\"wp-caption alignleft\"><img data-recalc-dims=\"1\" decoding=\"async\" data-attachment-id=\"2998\" data-permalink=\"http:\/\/forst.igbau.nrw\/?attachment_id=2998\" data-orig-file=\"https:\/\/i0.wp.com\/forst.igbau.nrw\/wp-content\/uploads\/2025\/09\/BC8B1BC6-FCDC-46E2-A14C-A83D5BE93CE3_1_201_a-scaled.jpeg?fit=2560%2C1428\" data-orig-size=\"2560,1428\" data-comments-opened=\"0\" data-image-meta=\"{&quot;aperture&quot;:&quot;5&quot;,&quot;credit&quot;:&quot;&quot;,&quot;camera&quot;:&quot;DMC-G81&quot;,&quot;caption&quot;:&quot;&quot;,&quot;created_timestamp&quot;:&quot;1757686825&quot;,&quot;copyright&quot;:&quot;&quot;,&quot;focal_length&quot;:&quot;20&quot;,&quot;iso&quot;:&quot;200&quot;,&quot;shutter_speed&quot;:&quot;0.008&quot;,&quot;title&quot;:&quot;&quot;,&quot;orientation&quot;:&quot;1&quot;}\" data-image-title=\"BC8B1BC6-FCDC-46E2-A14C-A83D5BE93CE3_1_201_a\" data-image-description=\"\" data-image-caption=\"\" data-large-file=\"https:\/\/i0.wp.com\/forst.igbau.nrw\/wp-content\/uploads\/2025\/09\/BC8B1BC6-FCDC-46E2-A14C-A83D5BE93CE3_1_201_a-scaled.jpeg?fit=640%2C357\" class=\"wp-image-2998 size-large\" src=\"https:\/\/i0.wp.com\/forst.igbau.nrw\/wp-content\/uploads\/2025\/09\/BC8B1BC6-FCDC-46E2-A14C-A83D5BE93CE3_1_201_a.jpeg?resize=640%2C357\" alt=\"Einzelschutz Furnierplatten als Lochplatte im Quadrat. DLG 2025\" width=\"640\" height=\"357\" srcset=\"https:\/\/i0.wp.com\/forst.igbau.nrw\/wp-content\/uploads\/2025\/09\/BC8B1BC6-FCDC-46E2-A14C-A83D5BE93CE3_1_201_a-scaled.jpeg?resize=1024%2C571 1024w, https:\/\/i0.wp.com\/forst.igbau.nrw\/wp-content\/uploads\/2025\/09\/BC8B1BC6-FCDC-46E2-A14C-A83D5BE93CE3_1_201_a-scaled.jpeg?resize=300%2C167 300w, https:\/\/i0.wp.com\/forst.igbau.nrw\/wp-content\/uploads\/2025\/09\/BC8B1BC6-FCDC-46E2-A14C-A83D5BE93CE3_1_201_a-scaled.jpeg?resize=768%2C428 768w, https:\/\/i0.wp.com\/forst.igbau.nrw\/wp-content\/uploads\/2025\/09\/BC8B1BC6-FCDC-46E2-A14C-A83D5BE93CE3_1_201_a-scaled.jpeg?resize=1536%2C857 1536w, https:\/\/i0.wp.com\/forst.igbau.nrw\/wp-content\/uploads\/2025\/09\/BC8B1BC6-FCDC-46E2-A14C-A83D5BE93CE3_1_201_a-scaled.jpeg?resize=2048%2C1142 2048w, https:\/\/i0.wp.com\/forst.igbau.nrw\/wp-content\/uploads\/2025\/09\/BC8B1BC6-FCDC-46E2-A14C-A83D5BE93CE3_1_201_a-scaled.jpeg?w=1280 1280w, https:\/\/i0.wp.com\/forst.igbau.nrw\/wp-content\/uploads\/2025\/09\/BC8B1BC6-FCDC-46E2-A14C-A83D5BE93CE3_1_201_a-scaled.jpeg?w=1920 1920w\" sizes=\"(max-width: 640px) 100vw, 640px\" \/><figcaption id=\"caption-attachment-2998\" class=\"wp-caption-text\">Einzelschutz Furnierplatten als Lochplatte im Quadrat. Robust und nachhaltig. DLG 2025<\/figcaption><\/figure>\n<p data-start=\"323\" data-end=\"873\">Vermutlich hilft hier f\u00fcr den Kunden nur das Prinzip des &#8222;Trial and Error &#8222;Verfahrens um das f\u00fcr den jeweiligen Bedarf beste Produkt herauszufinden.<\/p>\n<p data-start=\"323\" data-end=\"873\">Selbst die Digitalisierung hat vor dem Produkt nicht halt gemacht. EinAnbieter bietet an die Schutzh\u00fcllen mit einem Barcodeaufdruck zu versehen um auf diesem wichtige Information zu vermerken.Damit k\u00f6nnen Arbeitsplanung, Kontrollintervalle, Pflanzergebnisse usw. einfacher nachgehalten werden. Oder aber der Besitzer erkl\u00e4rt damit interessierten Waldbesuchern die Ma\u00dfnahme. Die M\u00f6glichkeiten sind hier vielfach.<\/p>\n<p>&nbsp;<\/p>\n<hr data-start=\"875\" data-end=\"878\">\n<p data-start=\"880\" data-end=\"917\"><strong data-start=\"880\" data-end=\"917\">Themenschwerpunkte &amp; Fachprogramm<\/strong><\/p>\n<p data-start=\"919\" data-end=\"1123\">Das Programm war aufgeteilt in t\u00e4glich wechselnde Schwerpunkte, die sowohl aktuelle Herausforderungen als auch Zukunftsthemen der Forstwirtschaft in den Fokus genommen haben:&nbsp;<\/p>\n<p data-start=\"919\" data-end=\"1123\"><strong>Ein R\u00fcckblick<\/strong> auf die wesentlichen Punkte:<\/p>\n<ul data-start=\"1125\" data-end=\"2762\">\n<li data-start=\"1125\" data-end=\"1703\">\n<p data-start=\"1127\" data-end=\"1703\"><strong data-start=\"1127\" data-end=\"1153\">Freitag, 12. September<\/strong>:<br data-start=\"1154\" data-end=\"1157\">Er\u00f6ffnung mit Keynote und Podiumsdiskussionen zum \u00fcbergreifenden Leitbild \u201eVision. Innovation. Zukunft.\u201c unter Beteiligung von DLG\u2011Pr\u00e4sident Hubertus Paetow, Staatssekret\u00e4r Dr. Martin Berges (NRW) und Vertretern von Waldeigent\u00fcmern und Forstunternehmern.<br data-start=\"1459\" data-end=\"1462\">Weiterer Fokus: <em data-start=\"1480\" data-end=\"1547\">Digitales Forstbetriebsmanagement, moderne Holzernte und Logistik<\/em>, <em data-start=\"1549\" data-end=\"1580\">neue Einnahmequellen im Forst<\/em> (z.\u202fB. Carbon Farming, CO\u2082\u2011Zertifikate), Bio\u00f6konomie und die ver\u00e4nderte Holznutzung.&nbsp;<\/p>\n<\/li>\n<li data-start=\"1705\" data-end=\"2410\">\n<p data-start=\"1707\" data-end=\"2410\"><strong data-start=\"1707\" data-end=\"1733\">Samstag, 13. September<\/strong>:<br data-start=\"1734\" data-end=\"1737\">Thematisch stehen <em data-start=\"1757\" data-end=\"1806\">Strategien zur Wiederbewaldung und Kulturpflege<\/em>, widerstandsf\u00e4hige W\u00e4lder, Baumartenwahl und Kultursicherung im Mittelpunkt. Parallel dazu das Programm f\u00fcr die <em data-start=\"1919\" data-end=\"1940\">Young Professionals<\/em>, mit Vortr\u00e4gen, Networking, Diskussionen \u00fcber Berufsbild, Betriebsnachfolge und Fachkr\u00e4ftemangel.<\/p>\n<\/li>\n<li data-start=\"1705\" data-end=\"2410\">\n<p data-start=\"1707\" data-end=\"2410\">Ebenfalls am Samstag: das Forum \u201eWomen in Forestry\u201c, das insbesondere die Rolle und Perspektiven von Frauen in der Forstwirtschaft beleuchtet \u2013 im beruflichen Alltag und hinsichtlich finanzieller Absicherung. Den Tag beschlie\u00dft die neue <em data-start=\"2318\" data-end=\"2331\">ForestNight<\/em> mit Musik, Essen und Branchengespr\u00e4chen.&nbsp;<\/p>\n<\/li>\n<li data-start=\"2412\" data-end=\"2762\">\n<p data-start=\"2414\" data-end=\"2762\"><strong data-start=\"2414\" data-end=\"2440\">Sonntag, 14. September<\/strong>:<br data-start=\"2441\" data-end=\"2444\">Im Fokus stehen <em data-start=\"2462\" data-end=\"2493\">Regenerative Energien im Wald<\/em>, z.\u202fB. Windkraft, Brennstoffholz, Hackschnitzel, Pellets, sowie Digitalisierung in kleineren und mittleren Forstbetrieben. Auch die Fragen rund um <em data-start=\"2641\" data-end=\"2706\">Wildtiermanagement in Verbindung mit Wiederbewaldungsstrategien<\/em> werden behandelt.<\/p>\n<\/li>\n<\/ul>\n<hr data-start=\"2764\" data-end=\"2767\">\n<p data-start=\"2769\" data-end=\"2799\"><strong data-start=\"2769\" data-end=\"2799\">Foren &amp; Diskussionsformate<\/strong><\/p>\n<p data-start=\"2801\" data-end=\"2950\">Die Waldtage boten neben Vortr\u00e4gen und praktischen Demonstrationen auch Forenbeitr\u00e4ge und spezielle Gespr\u00e4chsrunden zu kontroversen Fragestellungen. Wobei die einzelnen Stages unterschiedlich stark frequentiert wurden.<\/p>\n<ul data-start=\"2952\" data-end=\"3771\">\n<li data-start=\"2952\" data-end=\"3149\">\n<p data-start=\"2954\" data-end=\"3149\"><strong data-start=\"2954\" data-end=\"2982\">DLG\u2011Expert Stage \u201eForst\u201d<\/strong>: Hier wurden Kernvortr\u00e4ge gehalten, Diskussionen gef\u00fchrt, z.\u202fB. \u00fcber digitale L\u00f6sungen, Forstmanagement, neue Einnahmequellen.&nbsp;<\/p>\n<\/li>\n<li data-start=\"3150\" data-end=\"3405\">\n<p data-start=\"3152\" data-end=\"3405\"><strong data-start=\"3152\" data-end=\"3185\">Sonderfl\u00e4chen &amp; Praxisfl\u00e4chen<\/strong>: wie \u00fcblich gab es umfangreiche Live\u2011Demonstrationen vor Ort (z.\u202fB. Technikvorf\u00fchrungen, Forstmaschinen im Einsatz, Waldpflege, Holzernte und Holzbringung), damit Theorie und Praxis unmittelbar erlebbar werden.&nbsp;<\/p>\n<\/li>\n<li data-start=\"3150\" data-end=\"3405\">\n<p><figure id=\"attachment_2995\" aria-describedby=\"caption-attachment-2995\" style=\"width: 568px\" class=\"wp-caption aligncenter\"><img data-recalc-dims=\"1\" loading=\"lazy\" decoding=\"async\" data-attachment-id=\"2995\" data-permalink=\"http:\/\/forst.igbau.nrw\/?attachment_id=2995\" data-orig-file=\"https:\/\/i0.wp.com\/forst.igbau.nrw\/wp-content\/uploads\/2025\/09\/09250393-0005-41F5-A0BF-35D6B20BA729_1_201_a-scaled.jpeg?fit=2560%2C1922\" data-orig-size=\"2560,1922\" data-comments-opened=\"0\" data-image-meta=\"{&quot;aperture&quot;:&quot;11&quot;,&quot;credit&quot;:&quot;&quot;,&quot;camera&quot;:&quot;DMC-G81&quot;,&quot;caption&quot;:&quot;&quot;,&quot;created_timestamp&quot;:&quot;1757687726&quot;,&quot;copyright&quot;:&quot;&quot;,&quot;focal_length&quot;:&quot;12&quot;,&quot;iso&quot;:&quot;200&quot;,&quot;shutter_speed&quot;:&quot;0.016666666666667&quot;,&quot;title&quot;:&quot;&quot;,&quot;orientation&quot;:&quot;1&quot;}\" data-image-title=\"Stubbenfr\u00e4se DLG 2025\" data-image-description=\"\" data-image-caption=\"\" data-large-file=\"https:\/\/i0.wp.com\/forst.igbau.nrw\/wp-content\/uploads\/2025\/09\/09250393-0005-41F5-A0BF-35D6B20BA729_1_201_a-scaled.jpeg?fit=640%2C481\" class=\"wp-image-2995\" src=\"https:\/\/i0.wp.com\/forst.igbau.nrw\/wp-content\/uploads\/2025\/09\/09250393-0005-41F5-A0BF-35D6B20BA729_1_201_a.jpeg?resize=568%2C427\" alt=\"Stubbenfr\u00e4se DLG Waldtage, m\u00e4chtige Maschine f\u00fcr gro\u00dfe Aufgaben.\" width=\"568\" height=\"427\" srcset=\"https:\/\/i0.wp.com\/forst.igbau.nrw\/wp-content\/uploads\/2025\/09\/09250393-0005-41F5-A0BF-35D6B20BA729_1_201_a-scaled.jpeg?resize=1024%2C769 1024w, https:\/\/i0.wp.com\/forst.igbau.nrw\/wp-content\/uploads\/2025\/09\/09250393-0005-41F5-A0BF-35D6B20BA729_1_201_a-scaled.jpeg?resize=300%2C225 300w, https:\/\/i0.wp.com\/forst.igbau.nrw\/wp-content\/uploads\/2025\/09\/09250393-0005-41F5-A0BF-35D6B20BA729_1_201_a-scaled.jpeg?resize=768%2C577 768w, https:\/\/i0.wp.com\/forst.igbau.nrw\/wp-content\/uploads\/2025\/09\/09250393-0005-41F5-A0BF-35D6B20BA729_1_201_a-scaled.jpeg?resize=1536%2C1153 1536w, https:\/\/i0.wp.com\/forst.igbau.nrw\/wp-content\/uploads\/2025\/09\/09250393-0005-41F5-A0BF-35D6B20BA729_1_201_a-scaled.jpeg?resize=2048%2C1538 2048w, https:\/\/i0.wp.com\/forst.igbau.nrw\/wp-content\/uploads\/2025\/09\/09250393-0005-41F5-A0BF-35D6B20BA729_1_201_a-scaled.jpeg?w=1280 1280w, https:\/\/i0.wp.com\/forst.igbau.nrw\/wp-content\/uploads\/2025\/09\/09250393-0005-41F5-A0BF-35D6B20BA729_1_201_a-scaled.jpeg?w=1920 1920w\" sizes=\"(max-width: 568px) 100vw, 568px\" \/><figcaption id=\"caption-attachment-2995\" class=\"wp-caption-text\">Stubbenfr\u00e4se DLG Waldtage, m\u00e4chtige Maschine f\u00fcr gro\u00dfe Aufgaben.<\/figcaption><\/figure><\/li>\n<li data-start=\"3406\" data-end=\"3566\">\n<p data-start=\"3408\" data-end=\"3566\"><strong data-start=\"3408\" data-end=\"3448\">Forumsrunden f\u00fcr Young Professionals<\/strong>: Diskussion \u00fcber Berufsbild, Nachwuchs, zuk\u00fcnftige Anforderungen, Vernetzung. das Beispiel der Deutschen Bahn zeigte das Interesse an den Bewerbenden.<\/p>\n<\/li>\n<li data-start=\"3567\" data-end=\"3771\">\n<p data-start=\"3569\" data-end=\"3771\"><strong data-start=\"3569\" data-end=\"3618\">Women in Forestry \/ Forum f\u00fcr Frauen im Forst<\/strong>: Austausch, Themen wie Vereinbarkeit, Berufseinstieg, Sicherung der sozialen und finanziellen Rahmenbedingungen.<\/p>\n<\/li>\n<\/ul>\n<hr data-start=\"3773\" data-end=\"3776\">\n<p data-start=\"3778\" data-end=\"3802\"><strong data-start=\"3778\" data-end=\"3802\">Teilnehmende Akteure<\/strong><\/p>\n<p data-start=\"3804\" data-end=\"3904\">Das Event versammelte wie \u00fcblich eine gro\u00dfe Bandbreite von Stakeholdern, mit dem Schwerpunkt an Akteuren aus NRW und den angrenzenden Bundesl\u00e4ndern:&nbsp;<\/p>\n<ul data-start=\"3906\" data-end=\"4781\">\n<li data-start=\"3906\" data-end=\"3981\">\n<p data-start=\"3908\" data-end=\"3981\"><strong data-start=\"3908\" data-end=\"3945\">Waldbesitzer und Forstunternehmer<\/strong> (Privatw\u00e4lder wie Kommunalw\u00e4lder)<\/p>\n<\/li>\n<li data-start=\"3982\" data-end=\"4161\">\n<p data-start=\"3984\" data-end=\"4161\"><strong data-start=\"3984\" data-end=\"4029\">Forsttechnik\u2011Hersteller und Dienstleister<\/strong> \u2013 Aussteller aus den Bereichen Maschinentecnik, Holzlogistik, Sensorsysteme, Robotik etc.&nbsp;<\/p>\n<\/li>\n<li data-start=\"4162\" data-end=\"4430\">\n<p data-start=\"4164\" data-end=\"4430\"><strong data-start=\"4164\" data-end=\"4195\">Verb\u00e4nde und Organisationen<\/strong>: z.\u202fB. Fachagentur Nachwachsende Rohstoffe (FNR), Landes- und Bundesverb\u00e4nde der Waldeigent\u00fcmer, Forstwirtschaftsrat, der Waldbauernverband, dem Verband Deutscher Forstbaumschulen (VDF), von deren &#8220; Give Aways&#8220; einige der Besucher Ihren Waldbaum mit nach Hause genommen haben.<\/p>\n<\/li>\n<li data-start=\"4431\" data-end=\"4584\">\n<p data-start=\"4433\" data-end=\"4584\"><strong data-start=\"4433\" data-end=\"4459\">Politik und Verwaltung<\/strong>: Vertreter aus dem Land NRW, lokale Politik, Beh\u00f6rden, Umwelt\u2011 und Forstfachleute.&nbsp;<\/p>\n<\/li>\n<li data-start=\"4585\" data-end=\"4781\">\n<p data-start=\"4587\" data-end=\"4781\"><strong data-start=\"4587\" data-end=\"4638\">Auszubildende, Studierende, Young Professionals<\/strong> \u2013 Nachwuchs in der Forstbranche, die das Angebot nutzten, sich zu orientieren und Netzwerke aufzubauenDLG Waldtage&nbsp;<\/p>\n<\/li>\n<\/ul>\n<p>&nbsp;<\/p>\n<p>&nbsp;<\/p>\n","protected":false},"excerpt":{"rendered":"<p>DLG\u2011Waldtage 2025 in Lichtenau unter dem Thema&nbsp; \u201eVision. Innovation. Zukunft.\u201c \u2013 Plattform f\u00fcr nachhaltige und nutzungsorientierte Waldbewirtschaftung Im Umfeld der weithin sichtbaren<\/p>\n<p class=\"link-more\"><a class=\"myButt \" href=\"http:\/\/forst.igbau.nrw\/?p=2993\">Weitere Infos &#8230;<\/a><\/p>\n","protected":false},"author":1,"featured_media":2997,"comment_status":"closed","ping_status":"open","sticky":false,"template":"","format":"standard","meta":{"ngg_post_thumbnail":0,"jetpack_post_was_ever_published":false,"_jetpack_newsletter_access":"","_jetpack_dont_email_post_to_subs":false,"_jetpack_newsletter_tier_id":0,"_jetpack_memberships_contains_paywalled_content":false,"_jetpack_memberships_contains_paid_content":false,"footnotes":"","jetpack_publicize_message":"","jetpack_publicize_feature_enabled":true,"jetpack_social_post_already_shared":true,"jetpack_social_options":{"image_generator_settings":{"template":"highway","default_image_id":0,"font":"","enabled":false},"version":2}},"categories":[5,8,20],"tags":[],"class_list":["post-2993","post","type-post","status-publish","format-standard","has-post-thumbnail","hentry","category-forstwirtschaft","category-ig-bau","category-landesbetrieb-wald-und-holz"],"jetpack_publicize_connections":[],"jetpack_featured_media_url":"https:\/\/i0.wp.com\/forst.igbau.nrw\/wp-content\/uploads\/2025\/09\/E142D630-CBA8-4AE4-B58E-0711FDEDC722_1_201_a-scaled.jpeg?fit=2560%2C1991","jetpack_sharing_enabled":true,"jetpack_shortlink":"https:\/\/wp.me\/p8x7f7-Mh","jetpack-related-posts":[],"_links":{"self":[{"href":"http:\/\/forst.igbau.nrw\/index.php?rest_route=\/wp\/v2\/posts\/2993","targetHints":{"allow":["GET"]}}],"collection":[{"href":"http:\/\/forst.igbau.nrw\/index.php?rest_route=\/wp\/v2\/posts"}],"about":[{"href":"http:\/\/forst.igbau.nrw\/index.php?rest_route=\/wp\/v2\/types\/post"}],"author":[{"embeddable":true,"href":"http:\/\/forst.igbau.nrw\/index.php?rest_route=\/wp\/v2\/users\/1"}],"replies":[{"embeddable":true,"href":"http:\/\/forst.igbau.nrw\/index.php?rest_route=%2Fwp%2Fv2%2Fcomments&post=2993"}],"version-history":[{"count":1,"href":"http:\/\/forst.igbau.nrw\/index.php?rest_route=\/wp\/v2\/posts\/2993\/revisions"}],"predecessor-version":[{"id":3001,"href":"http:\/\/forst.igbau.nrw\/index.php?rest_route=\/wp\/v2\/posts\/2993\/revisions\/3001"}],"wp:featuredmedia":[{"embeddable":true,"href":"http:\/\/forst.igbau.nrw\/index.php?rest_route=\/wp\/v2\/media\/2997"}],"wp:attachment":[{"href":"http:\/\/forst.igbau.nrw\/index.php?rest_route=%2Fwp%2Fv2%2Fmedia&parent=2993"}],"wp:term":[{"taxonomy":"category","embeddable":true,"href":"http:\/\/forst.igbau.nrw\/index.php?rest_route=%2Fwp%2Fv2%2Fcategories&post=2993"},{"taxonomy":"post_tag","embeddable":true,"href":"http:\/\/forst.igbau.nrw\/index.php?rest_route=%2Fwp%2Fv2%2Ftags&post=2993"}],"curies":[{"name":"wp","href":"https:\/\/api.w.org\/{rel}","templated":true}]}}