{"id":302,"date":"2017-03-31T09:20:19","date_gmt":"2017-03-31T09:20:19","guid":{"rendered":"http:\/\/forst.igbau.nrw\/?p=302"},"modified":"2017-03-31T09:20:19","modified_gmt":"2017-03-31T09:20:19","slug":"gruendung-des-europaeischen-waldinstituts-in-bonn","status":"publish","type":"post","link":"http:\/\/forst.igbau.nrw\/?p=302","title":{"rendered":"Gr\u00fcndung des Europ\u00e4ischen Waldinstituts in Bonn"},"content":{"rendered":"<p>Am internationalen Tag des Waldes am Dienstag, 21. M\u00e4rz 2017, wurde\u00a0in Bonn\u00a0\u00a0das neue\u00a0europ\u00e4ische Waldinstitut als Teil des European Forest Institute (EFI) aus der Taufe gehoben. Mit Gr\u00fcndung dieses &#8222;Ablegers&#8220;\u00a0soll von Bonn aus die Koordination von internationalen Forschungsvorhaben zu allen Fragen des Waldes in Europa erfolgen.<\/p>\n<p>Das European Forest Institute hat seinen Hauptsitz in Finnland und befasst sich mit europ\u00e4ischen Fragestellungen zur Forstpolitik.<\/p>\n<p>Weitere Infos zum EFI finden Sie <a href=\"http:\/\/www.efi.int\/portal\/\" target=\"_blank\">hier<\/a>.<\/p>\n","protected":false},"excerpt":{"rendered":"<p>Am internationalen Tag des Waldes am Dienstag, 21. M\u00e4rz 2017, wurde\u00a0in Bonn\u00a0\u00a0das neue\u00a0europ\u00e4ische Waldinstitut als Teil des European Forest Institute (EFI) aus<\/p>\n<p class=\"link-more\"><a class=\"myButt \" href=\"http:\/\/forst.igbau.nrw\/?p=302\">Weitere Infos &#8230;<\/a><\/p>\n","protected":false},"author":1,"featured_media":0,"comment_status":"open","ping_status":"open","sticky":false,"template":"","format":"standard","meta":{"ngg_post_thumbnail":0,"jetpack_post_was_ever_published":false,"_jetpack_newsletter_access":"","_jetpack_dont_email_post_to_subs":false,"_jetpack_newsletter_tier_id":0,"_jetpack_memberships_contains_paywalled_content":false,"_jetpack_memberships_contains_paid_content":false,"footnotes":"","jetpack_publicize_message":"","jetpack_publicize_feature_enabled":true,"jetpack_social_post_already_shared":false,"jetpack_social_options":{"image_generator_settings":{"template":"highway","default_image_id":0,"font":"","enabled":false},"version":2}},"categories":[5],"tags":[],"class_list":["post-302","post","type-post","status-publish","format-standard","hentry","category-forstwirtschaft"],"jetpack_publicize_connections":[],"jetpack_featured_media_url":"","jetpack_sharing_enabled":true,"jetpack_shortlink":"https:\/\/wp.me\/p8x7f7-4S","jetpack-related-posts":[],"_links":{"self":[{"href":"http:\/\/forst.igbau.nrw\/index.php?rest_route=\/wp\/v2\/posts\/302","targetHints":{"allow":["GET"]}}],"collection":[{"href":"http:\/\/forst.igbau.nrw\/index.php?rest_route=\/wp\/v2\/posts"}],"about":[{"href":"http:\/\/forst.igbau.nrw\/index.php?rest_route=\/wp\/v2\/types\/post"}],"author":[{"embeddable":true,"href":"http:\/\/forst.igbau.nrw\/index.php?rest_route=\/wp\/v2\/users\/1"}],"replies":[{"embeddable":true,"href":"http:\/\/forst.igbau.nrw\/index.php?rest_route=%2Fwp%2Fv2%2Fcomments&post=302"}],"version-history":[{"count":1,"href":"http:\/\/forst.igbau.nrw\/index.php?rest_route=\/wp\/v2\/posts\/302\/revisions"}],"predecessor-version":[{"id":303,"href":"http:\/\/forst.igbau.nrw\/index.php?rest_route=\/wp\/v2\/posts\/302\/revisions\/303"}],"wp:attachment":[{"href":"http:\/\/forst.igbau.nrw\/index.php?rest_route=%2Fwp%2Fv2%2Fmedia&parent=302"}],"wp:term":[{"taxonomy":"category","embeddable":true,"href":"http:\/\/forst.igbau.nrw\/index.php?rest_route=%2Fwp%2Fv2%2Fcategories&post=302"},{"taxonomy":"post_tag","embeddable":true,"href":"http:\/\/forst.igbau.nrw\/index.php?rest_route=%2Fwp%2Fv2%2Ftags&post=302"}],"curies":[{"name":"wp","href":"https:\/\/api.w.org\/{rel}","templated":true}]}}