{"id":304,"date":"2017-03-31T10:51:48","date_gmt":"2017-03-31T10:51:48","guid":{"rendered":"http:\/\/forst.igbau.nrw\/?p=304"},"modified":"2017-04-03T13:14:42","modified_gmt":"2017-04-03T13:14:42","slug":"endgueltiger-abschluss-der-tarifverhandlungen-fuer-die-laender-in-2017","status":"publish","type":"post","link":"http:\/\/forst.igbau.nrw\/?p=304","title":{"rendered":"Endg\u00fcltiger Abschluss der Tarifverhandlungen f\u00fcr die L\u00e4nder in 2017"},"content":{"rendered":"<p>Zum endg\u00fcltigen Abschluss der Tarif- und Besoldungsrunde\u00a0die L\u00e4nder in 2017 finden Sie hier\u00a0in der \u00a0Pressemitteilung der IG BAU\u00a0die Details dazu und zum Stand der \u00dcbertragung der Tarifeinigung auf die Beamtinnen und Beamten.<\/p>\n<p><a href=\"http:\/\/forst.igbau.nrw\/wp-content\/uploads\/2017\/03\/TI-Tarifrunde-2017-TdL-Annahme-Tarifeinigung-MV.pdf\" target=\"_blank\"><img data-recalc-dims=\"1\" fetchpriority=\"high\" decoding=\"async\" data-attachment-id=\"319\" data-permalink=\"http:\/\/forst.igbau.nrw\/?attachment_id=319\" data-orig-file=\"https:\/\/i0.wp.com\/forst.igbau.nrw\/wp-content\/uploads\/2017\/03\/Pressemitteilung_IG_BAU_klein_rand-e1491223965395.png?fit=212%2C308\" data-orig-size=\"212,308\" data-comments-opened=\"1\" data-image-meta=\"{&quot;aperture&quot;:&quot;0&quot;,&quot;credit&quot;:&quot;&quot;,&quot;camera&quot;:&quot;&quot;,&quot;caption&quot;:&quot;&quot;,&quot;created_timestamp&quot;:&quot;0&quot;,&quot;copyright&quot;:&quot;&quot;,&quot;focal_length&quot;:&quot;0&quot;,&quot;iso&quot;:&quot;0&quot;,&quot;shutter_speed&quot;:&quot;0&quot;,&quot;title&quot;:&quot;&quot;,&quot;orientation&quot;:&quot;0&quot;}\" data-image-title=\"Pressemitteilung_IG_BAU_klein_rand\" data-image-description=\"\" data-image-caption=\"\" data-large-file=\"https:\/\/i0.wp.com\/forst.igbau.nrw\/wp-content\/uploads\/2017\/03\/Pressemitteilung_IG_BAU_klein_rand-e1491223965395.png?fit=212%2C308\" class=\"aligncenter wp-image-319 size-full\" src=\"https:\/\/i0.wp.com\/forst.igbau.nrw\/wp-content\/uploads\/2017\/03\/Pressemitteilung_IG_BAU_klein_rand-e1491223965395.png?resize=212%2C308\" alt=\"\" width=\"212\" height=\"308\" srcset=\"https:\/\/i0.wp.com\/forst.igbau.nrw\/wp-content\/uploads\/2017\/03\/Pressemitteilung_IG_BAU_klein_rand-e1491223965395.png?w=212 212w, https:\/\/i0.wp.com\/forst.igbau.nrw\/wp-content\/uploads\/2017\/03\/Pressemitteilung_IG_BAU_klein_rand-e1491223965395.png?resize=206%2C300 206w\" sizes=\"(max-width: 212px) 100vw, 212px\" \/><\/a><\/p>\n<p>Mit\u00a0dem Beschluss in Berlin\u00a0vom\u00a030. M\u00e4rz 2017\u00a0erfolgt nun endg\u00fcltig auch die\u00a0Annahme der Tarifeinigung vom 17. Februar 2017 durch die DGB Gewerkschaften .<\/p>\n<p>&nbsp;<\/p>\n<p>&nbsp;<\/p>\n","protected":false},"excerpt":{"rendered":"<p>Zum endg\u00fcltigen Abschluss der Tarif- und Besoldungsrunde\u00a0die L\u00e4nder in 2017 finden Sie hier\u00a0in der \u00a0Pressemitteilung der IG BAU\u00a0die Details dazu und zum<\/p>\n<p class=\"link-more\"><a class=\"myButt \" href=\"http:\/\/forst.igbau.nrw\/?p=304\">Weitere Infos &#8230;<\/a><\/p>\n","protected":false},"author":1,"featured_media":324,"comment_status":"open","ping_status":"open","sticky":false,"template":"","format":"standard","meta":{"ngg_post_thumbnail":0,"jetpack_post_was_ever_published":false,"_jetpack_newsletter_access":"","_jetpack_dont_email_post_to_subs":false,"_jetpack_newsletter_tier_id":0,"_jetpack_memberships_contains_paywalled_content":false,"_jetpack_memberships_contains_paid_content":false,"footnotes":"","jetpack_publicize_message":"","jetpack_publicize_feature_enabled":true,"jetpack_social_post_already_shared":false,"jetpack_social_options":{"image_generator_settings":{"template":"highway","default_image_id":0,"font":"","enabled":false},"version":2}},"categories":[4,5,8],"tags":[],"class_list":["post-304","post","type-post","status-publish","format-standard","has-post-thumbnail","hentry","category-forstpolitik","category-forstwirtschaft","category-ig-bau"],"jetpack_publicize_connections":[],"jetpack_featured_media_url":"https:\/\/i0.wp.com\/forst.igbau.nrw\/wp-content\/uploads\/2017\/03\/logo_igbau_original_gross-e1491225332768.png?fit=745%2C288","jetpack_sharing_enabled":true,"jetpack_shortlink":"https:\/\/wp.me\/p8x7f7-4U","jetpack-related-posts":[],"_links":{"self":[{"href":"http:\/\/forst.igbau.nrw\/index.php?rest_route=\/wp\/v2\/posts\/304","targetHints":{"allow":["GET"]}}],"collection":[{"href":"http:\/\/forst.igbau.nrw\/index.php?rest_route=\/wp\/v2\/posts"}],"about":[{"href":"http:\/\/forst.igbau.nrw\/index.php?rest_route=\/wp\/v2\/types\/post"}],"author":[{"embeddable":true,"href":"http:\/\/forst.igbau.nrw\/index.php?rest_route=\/wp\/v2\/users\/1"}],"replies":[{"embeddable":true,"href":"http:\/\/forst.igbau.nrw\/index.php?rest_route=%2Fwp%2Fv2%2Fcomments&post=304"}],"version-history":[{"count":9,"href":"http:\/\/forst.igbau.nrw\/index.php?rest_route=\/wp\/v2\/posts\/304\/revisions"}],"predecessor-version":[{"id":323,"href":"http:\/\/forst.igbau.nrw\/index.php?rest_route=\/wp\/v2\/posts\/304\/revisions\/323"}],"wp:featuredmedia":[{"embeddable":true,"href":"http:\/\/forst.igbau.nrw\/index.php?rest_route=\/wp\/v2\/media\/324"}],"wp:attachment":[{"href":"http:\/\/forst.igbau.nrw\/index.php?rest_route=%2Fwp%2Fv2%2Fmedia&parent=304"}],"wp:term":[{"taxonomy":"category","embeddable":true,"href":"http:\/\/forst.igbau.nrw\/index.php?rest_route=%2Fwp%2Fv2%2Fcategories&post=304"},{"taxonomy":"post_tag","embeddable":true,"href":"http:\/\/forst.igbau.nrw\/index.php?rest_route=%2Fwp%2Fv2%2Ftags&post=304"}],"curies":[{"name":"wp","href":"https:\/\/api.w.org\/{rel}","templated":true}]}}