{"id":3046,"date":"2025-10-31T11:34:15","date_gmt":"2025-10-31T11:34:15","guid":{"rendered":"http:\/\/forst.igbau.nrw\/?p=3046"},"modified":"2025-10-31T12:03:11","modified_gmt":"2025-10-31T12:03:11","slug":"neuwahlen-fuer-den-wald","status":"publish","type":"post","link":"http:\/\/forst.igbau.nrw\/?p=3046","title":{"rendered":"Neuwahlen f\u00fcr den  Wald !"},"content":{"rendered":"<p>Am 28.10.2025 fanden sich im DGB Gewerkschaftshaus aus allen Regionen des Landes ein, um sowohl f\u00fcr die Fachgruppe der Forstwirte als auch f\u00fcr die Landesvertretung Forst und Naturschutz f\u00fcr Beamte und Angestellte ihre Zusammensetzung zu w\u00e4hlen. Die Wahl f\u00fcr beide Gremien werden immer f\u00fcr 4 Jahre gew\u00e4hlt und vertreten in ihrer Funktion die Interessen der Besch\u00e4ftigten. Als Ehrenamtliche Kolleginnen und Kollegen sind sie in der IGBAU ein wesentlicher Teil der Gewerkschaftlichen Arbeit.<\/p>\n<p>Als neuer Vorsitzender f\u00fcr die Fachgruppe der Forstwirte wurde Peter Wiese gew\u00e4hlt, als seine Stellvertretung Karl Heinz Heinen, Beisitzer sind Michael Schulte, Robin Rosenberger und der Kollege Martin Sch\u00f6nfelder.<\/p>\n<p>Bei der Landesvertretung wurde Peter Wicke in seiner Funktion best\u00e4tigt, als neuer Stellvertreter konnten wir Marco Oemkes gewinnen. Dar\u00fcber hinaus unterst\u00fctzen die Kolleginnen und Kollegen, Rut Twilfer, Burcu T\u00fcrkmen, Pia Beckers und Eric Lagast und Marc Redemann als BeisitzerInnen die Vorstandsarbeit der Landesvertretung f\u00fcr die n\u00e4chsten 4 Jahre.<\/p>\n<p><img data-recalc-dims=\"1\" fetchpriority=\"high\" decoding=\"async\" data-attachment-id=\"3057\" data-permalink=\"http:\/\/forst.igbau.nrw\/?attachment_id=3057\" data-orig-file=\"https:\/\/i0.wp.com\/forst.igbau.nrw\/wp-content\/uploads\/2025\/10\/TV-L_2025_10-SD-480p-1-mov-image.jpg?fit=360%2C640\" data-orig-size=\"360,640\" data-comments-opened=\"0\" data-image-meta=\"{&quot;aperture&quot;:&quot;0&quot;,&quot;credit&quot;:&quot;&quot;,&quot;camera&quot;:&quot;&quot;,&quot;caption&quot;:&quot;&quot;,&quot;created_timestamp&quot;:&quot;0&quot;,&quot;copyright&quot;:&quot;&quot;,&quot;focal_length&quot;:&quot;0&quot;,&quot;iso&quot;:&quot;0&quot;,&quot;shutter_speed&quot;:&quot;0&quot;,&quot;title&quot;:&quot;&quot;,&quot;orientation&quot;:&quot;0&quot;}\" data-image-title=\"\" data-image-description=\"\" data-image-caption=\"\" data-large-file=\"https:\/\/i0.wp.com\/forst.igbau.nrw\/wp-content\/uploads\/2025\/10\/TV-L_2025_10-SD-480p-1-mov-image.jpg?fit=360%2C640\" class=\"size-full wp-image-3057 aligncenter\" src=\"https:\/\/i0.wp.com\/forst.igbau.nrw\/wp-content\/uploads\/2025\/10\/TV-L_2025_10-SD-480p-1-mov-image.jpg?resize=360%2C640\" alt=\"\" width=\"360\" height=\"640\" srcset=\"https:\/\/i0.wp.com\/forst.igbau.nrw\/wp-content\/uploads\/2025\/10\/TV-L_2025_10-SD-480p-1-mov-image.jpg?w=360 360w, https:\/\/i0.wp.com\/forst.igbau.nrw\/wp-content\/uploads\/2025\/10\/TV-L_2025_10-SD-480p-1-mov-image.jpg?resize=169%2C300 169w\" sizes=\"(max-width: 360px) 100vw, 360px\" \/><\/p>\n<p><strong><a href=\"http:\/\/forst.igbau.nrw\/wp-content\/uploads\/2025\/10\/TV-L_2025_10-SD-480p-1.mov\" target=\"_blank\" rel=\"noopener\">Snapshot der Versammlung.<\/a><\/strong><\/p>\n<p>Mach dem aus allen Bundesl\u00e4ndern die Forderung in der n\u00e4chsten Woche gemeinsam beraten worden sind und ein einheitliches Forderungspapier erstellt wurde, werden diese dann mit den anderen \u00f6ffentlichen Dienst Gewerkschaften abgestimmt und schlie\u00dfen in unsere Forderung zum folgenden Tarif TV \u2013 L Gegen\u00fcber den Bundesl\u00e4ndern ein. Wir hoffen nat\u00fcrlich, dass die Bundesl\u00e4nder nun endlich ihren Worten auch Taten folgen lassen und f\u00fcr den Wald als Klimasch\u00fctzer ausreichend Finanzmittel zur Verf\u00fcgung stellen. Die immer wieder vor gebrachten knappen Haushaltsmittel in allen L\u00e4ndern k\u00f6nnen und d\u00fcrfen nicht der Ma\u00dfstab der \u00dcberlegungen sein.<\/p>\n<p>Die Abschl\u00fcsse im TV \u2013 L stellen nicht nur f\u00fcr die Betroffenen Tarifbesch\u00e4ftigten im Land Nordrhein-Westfalen, einen wichtigen Meilenstein da, sondern auch f\u00fcr alle Beamten und Beamte auf die die Abschl\u00fcsse \u00fcbertragen werden.<\/p>\n<p>Au\u00dferdem sind sie historisch bedingt immer die Grundlage auch unser kommenden Verhandlung im TVL Forst. Wir hoffen, dass nach den gescheiterten Forderungen aus der letzten Runde f\u00fcr den TV L \u2013 Forst dieses Mal die L\u00e4nder erkennen, dass sie sich bewegen m\u00fcssen, um qualifizierte Mitarbeiter Mitarbeiterin im Wald zu halten und attraktiv f\u00fcr neue Kollegin Kollegin zu sein.<\/p>\n<p>Es bleibt zu vermuten, dass wir auch dieses Mal umfangreich und lautstark unsere Meinung in D\u00fcsseldorf darstellen m\u00fcssen. Daher bitte jetzt schon einmal f\u00fcr euch vormerken, dass nur eine gro\u00dfe Resonanz auf der Fl\u00e4che unsere Forderungen mittragen k\u00f6nnen, d.h. seid mit dabei wenn es soweit ist.<\/p>\n","protected":false},"excerpt":{"rendered":"<p>Am 28.10.2025 fanden sich im DGB Gewerkschaftshaus aus allen Regionen des Landes ein, um sowohl f\u00fcr die Fachgruppe der Forstwirte als auch<\/p>\n<p class=\"link-more\"><a class=\"myButt \" href=\"http:\/\/forst.igbau.nrw\/?p=3046\">Weitere Infos &#8230;<\/a><\/p>\n","protected":false},"author":1,"featured_media":2661,"comment_status":"closed","ping_status":"open","sticky":false,"template":"","format":"standard","meta":{"ngg_post_thumbnail":0,"jetpack_post_was_ever_published":false,"_jetpack_newsletter_access":"","_jetpack_dont_email_post_to_subs":false,"_jetpack_newsletter_tier_id":0,"_jetpack_memberships_contains_paywalled_content":false,"_jetpack_memberships_contains_paid_content":false,"footnotes":"","jetpack_publicize_message":"","jetpack_publicize_feature_enabled":true,"jetpack_social_post_already_shared":true,"jetpack_social_options":{"image_generator_settings":{"template":"highway","default_image_id":0,"font":"","enabled":false},"version":2}},"categories":[21,5,43],"tags":[],"class_list":["post-3046","post","type-post","status-publish","format-standard","has-post-thumbnail","hentry","category-dgb-gewerkschaften","category-forstwirtschaft","category-tarif"],"jetpack_publicize_connections":[],"jetpack_featured_media_url":"https:\/\/i0.wp.com\/forst.igbau.nrw\/wp-content\/uploads\/2023\/12\/Bildschirmfoto-2023-12-09-um-18.14.59.png?fit=1132%2C638","jetpack_sharing_enabled":true,"jetpack_shortlink":"https:\/\/wp.me\/p8x7f7-N8","jetpack-related-posts":[],"_links":{"self":[{"href":"http:\/\/forst.igbau.nrw\/index.php?rest_route=\/wp\/v2\/posts\/3046","targetHints":{"allow":["GET"]}}],"collection":[{"href":"http:\/\/forst.igbau.nrw\/index.php?rest_route=\/wp\/v2\/posts"}],"about":[{"href":"http:\/\/forst.igbau.nrw\/index.php?rest_route=\/wp\/v2\/types\/post"}],"author":[{"embeddable":true,"href":"http:\/\/forst.igbau.nrw\/index.php?rest_route=\/wp\/v2\/users\/1"}],"replies":[{"embeddable":true,"href":"http:\/\/forst.igbau.nrw\/index.php?rest_route=%2Fwp%2Fv2%2Fcomments&post=3046"}],"version-history":[{"count":12,"href":"http:\/\/forst.igbau.nrw\/index.php?rest_route=\/wp\/v2\/posts\/3046\/revisions"}],"predecessor-version":[{"id":3062,"href":"http:\/\/forst.igbau.nrw\/index.php?rest_route=\/wp\/v2\/posts\/3046\/revisions\/3062"}],"wp:featuredmedia":[{"embeddable":true,"href":"http:\/\/forst.igbau.nrw\/index.php?rest_route=\/wp\/v2\/media\/2661"}],"wp:attachment":[{"href":"http:\/\/forst.igbau.nrw\/index.php?rest_route=%2Fwp%2Fv2%2Fmedia&parent=3046"}],"wp:term":[{"taxonomy":"category","embeddable":true,"href":"http:\/\/forst.igbau.nrw\/index.php?rest_route=%2Fwp%2Fv2%2Fcategories&post=3046"},{"taxonomy":"post_tag","embeddable":true,"href":"http:\/\/forst.igbau.nrw\/index.php?rest_route=%2Fwp%2Fv2%2Ftags&post=3046"}],"curies":[{"name":"wp","href":"https:\/\/api.w.org\/{rel}","templated":true}]}}