{"id":3069,"date":"2025-12-05T07:06:54","date_gmt":"2025-12-05T07:06:54","guid":{"rendered":"http:\/\/forst.igbau.nrw\/?p=3069"},"modified":"2025-12-05T08:30:00","modified_gmt":"2025-12-05T08:30:00","slug":"auftaktverhandlung-in-der-tarif-und-besoldungsrunde-2025-2026","status":"publish","type":"post","link":"http:\/\/forst.igbau.nrw\/?p=3069","title":{"rendered":"Auftaktverhandlung in der Tarif- und Besoldungsrunde 2025\/2026"},"content":{"rendered":"<p>Es war leider zu erwarten, die Auftaktverhandlung in der Tarif- und Besoldungsrunde 2025\/2026 f\u00fcr die Besch\u00e4ftigten der L\u00e4nder. Die Arbeitgeber weisen im Auftakt unsere Forderungen als astronomisch zur\u00fcck.<\/p>\n<p><a href=\"http:\/\/forst.igbau.nrw\/wp-content\/uploads\/2025\/12\/Beitrag_Wiese_2025_2026.m4a\">Eine Zusammenfassung zum Auftakt von Peter Wiese, unser Mitglied in der Bundestarifkommission.<\/a><\/p>\n<figure id=\"attachment_2777\" aria-describedby=\"caption-attachment-2777\" style=\"width: 300px\" class=\"wp-caption aligncenter\"><img data-recalc-dims=\"1\" fetchpriority=\"high\" decoding=\"async\" data-attachment-id=\"2777\" data-permalink=\"http:\/\/forst.igbau.nrw\/?attachment_id=2777\" data-orig-file=\"https:\/\/i0.wp.com\/forst.igbau.nrw\/wp-content\/uploads\/2024\/03\/Wiese_Peter-scaled.jpg?fit=2560%2C1920\" data-orig-size=\"2560,1920\" data-comments-opened=\"0\" data-image-meta=\"{&quot;aperture&quot;:&quot;4.5&quot;,&quot;credit&quot;:&quot;&quot;,&quot;camera&quot;:&quot;Canon PowerShot SX20 IS&quot;,&quot;caption&quot;:&quot;&quot;,&quot;created_timestamp&quot;:&quot;1494418763&quot;,&quot;copyright&quot;:&quot;&quot;,&quot;focal_length&quot;:&quot;23.752&quot;,&quot;iso&quot;:&quot;125&quot;,&quot;shutter_speed&quot;:&quot;0.01&quot;,&quot;title&quot;:&quot;&quot;,&quot;orientation&quot;:&quot;1&quot;}\" data-image-title=\"Wiese_Peter\" data-image-description=\"\" data-image-caption=\"\" data-large-file=\"https:\/\/i0.wp.com\/forst.igbau.nrw\/wp-content\/uploads\/2024\/03\/Wiese_Peter-scaled.jpg?fit=640%2C480\" class=\"wp-image-2777 size-medium\" src=\"https:\/\/i0.wp.com\/forst.igbau.nrw\/wp-content\/uploads\/2024\/03\/Wiese_Peter.jpg?resize=300%2C225\" alt=\"Kommentar Peter Wiese\" width=\"300\" height=\"225\" srcset=\"https:\/\/i0.wp.com\/forst.igbau.nrw\/wp-content\/uploads\/2024\/03\/Wiese_Peter-scaled.jpg?resize=300%2C225 300w, https:\/\/i0.wp.com\/forst.igbau.nrw\/wp-content\/uploads\/2024\/03\/Wiese_Peter-scaled.jpg?resize=1024%2C768 1024w, https:\/\/i0.wp.com\/forst.igbau.nrw\/wp-content\/uploads\/2024\/03\/Wiese_Peter-scaled.jpg?resize=768%2C576 768w, https:\/\/i0.wp.com\/forst.igbau.nrw\/wp-content\/uploads\/2024\/03\/Wiese_Peter-scaled.jpg?resize=1536%2C1152 1536w, https:\/\/i0.wp.com\/forst.igbau.nrw\/wp-content\/uploads\/2024\/03\/Wiese_Peter-scaled.jpg?resize=2048%2C1536 2048w, https:\/\/i0.wp.com\/forst.igbau.nrw\/wp-content\/uploads\/2024\/03\/Wiese_Peter-scaled.jpg?w=1280 1280w, https:\/\/i0.wp.com\/forst.igbau.nrw\/wp-content\/uploads\/2024\/03\/Wiese_Peter-scaled.jpg?w=1920 1920w\" sizes=\"(max-width: 300px) 100vw, 300px\" \/><figcaption id=\"caption-attachment-2777\" class=\"wp-caption-text\">Kommentar Peter Wiese<\/figcaption><\/figure>\n<p>Der aktuelle Tarifvertrags endete am 31. Oktober 2025, wie \u00fcblich besteht damit die Erfordernis eine neue Tarifrunde zu starten.<br \/>\nBis zum Abschluss des neuen Tarifvertrages gelten die alten Regelungen aus dem Vertragsabschluss des TV-L 2023 fort.<\/p>\n<p>Unser TV-L Forst ist mit den Ergebnissen des TV-L eng verkn\u00fcpft, daher ist nicht nur f\u00fcr die TV-L Besch\u00e4ftigten hier ein guter Abschluss wichtig.<\/p>\n<p>Immerhin werden in diesen Tarifverhandlungen&nbsp; die Grundlagen f\u00fcr&nbsp; ca. 2.6 Millionen Besch\u00e4ftigte der Bundesl\u00e4nder (ohne Hessen) festgeschrieben.<\/p>\n<p>Mehr \u00fcber die Herausforderungen und Schwierigkeiten zur Tarif- und Besoldungsrunde 2025\/2026 findest Du im angeh\u00e4ngten Tarifinfo.<\/p>\n<p><a href=\"https:\/\/i0.wp.com\/forst.igbau.nrw\/wp-content\/uploads\/2025\/12\/iScreen-Shoter-Vorschau-251205075755.jpg\" target=\"_blank\" rel=\"noopener\"><img data-recalc-dims=\"1\" decoding=\"async\" data-attachment-id=\"3070\" data-permalink=\"http:\/\/forst.igbau.nrw\/?attachment_id=3070\" data-orig-file=\"https:\/\/i0.wp.com\/forst.igbau.nrw\/wp-content\/uploads\/2025\/12\/iScreen-Shoter-Vorschau-251205075755.jpg?fit=1755%2C2452\" data-orig-size=\"1755,2452\" data-comments-opened=\"0\" data-image-meta=\"{&quot;aperture&quot;:&quot;0&quot;,&quot;credit&quot;:&quot;&quot;,&quot;camera&quot;:&quot;&quot;,&quot;caption&quot;:&quot;&quot;,&quot;created_timestamp&quot;:&quot;0&quot;,&quot;copyright&quot;:&quot;&quot;,&quot;focal_length&quot;:&quot;0&quot;,&quot;iso&quot;:&quot;0&quot;,&quot;shutter_speed&quot;:&quot;0&quot;,&quot;title&quot;:&quot;&quot;,&quot;orientation&quot;:&quot;0&quot;}\" data-image-title=\"Tarif 2025\/2026\" data-image-description=\"\" data-image-caption=\"\" data-large-file=\"https:\/\/i0.wp.com\/forst.igbau.nrw\/wp-content\/uploads\/2025\/12\/iScreen-Shoter-Vorschau-251205075755.jpg?fit=640%2C894\" class=\"alignnone wp-image-3070 size-large\" src=\"https:\/\/i0.wp.com\/forst.igbau.nrw\/wp-content\/uploads\/2025\/12\/iScreen-Shoter-Vorschau-251205075755.jpg?resize=640%2C894\" alt=\"\" width=\"640\" height=\"894\" srcset=\"https:\/\/i0.wp.com\/forst.igbau.nrw\/wp-content\/uploads\/2025\/12\/iScreen-Shoter-Vorschau-251205075755.jpg?resize=733%2C1024 733w, https:\/\/i0.wp.com\/forst.igbau.nrw\/wp-content\/uploads\/2025\/12\/iScreen-Shoter-Vorschau-251205075755.jpg?resize=215%2C300 215w, https:\/\/i0.wp.com\/forst.igbau.nrw\/wp-content\/uploads\/2025\/12\/iScreen-Shoter-Vorschau-251205075755.jpg?resize=768%2C1073 768w, https:\/\/i0.wp.com\/forst.igbau.nrw\/wp-content\/uploads\/2025\/12\/iScreen-Shoter-Vorschau-251205075755.jpg?resize=1099%2C1536 1099w, https:\/\/i0.wp.com\/forst.igbau.nrw\/wp-content\/uploads\/2025\/12\/iScreen-Shoter-Vorschau-251205075755.jpg?resize=1466%2C2048 1466w, https:\/\/i0.wp.com\/forst.igbau.nrw\/wp-content\/uploads\/2025\/12\/iScreen-Shoter-Vorschau-251205075755.jpg?w=1755 1755w, https:\/\/i0.wp.com\/forst.igbau.nrw\/wp-content\/uploads\/2025\/12\/iScreen-Shoter-Vorschau-251205075755.jpg?w=1280 1280w\" sizes=\"(max-width: 640px) 100vw, 640px\" \/><\/a><\/p>\n<p>Ein Hinweis noch zum Schluss:<\/p>\n<p>Zur Unterst\u00fctzung unserer Verhandlungspositionen in der Tarif- und Besoldungsrunde 2025\/2026 f\u00fcr die Besch\u00e4ftigten des \u00f6ffentlichen Dienstes der L\u00e4nder, haben wir eine extra Seite erstellt. <strong><a href=\"https:\/\/deine.igbau.de\/tvoed\" target=\"_blank\" rel=\"noopener\">Mit diesem Link geht es zur Unterst\u00fctzerseite.<\/a><\/strong><\/p>\n<p>Oder Du nutzt den QR-Code zur Unterst\u00fctzerseite.<\/p>\n<p><img data-recalc-dims=\"1\" decoding=\"async\" data-attachment-id=\"3071\" data-permalink=\"http:\/\/forst.igbau.nrw\/?attachment_id=3071\" data-orig-file=\"https:\/\/i0.wp.com\/forst.igbau.nrw\/wp-content\/uploads\/2025\/12\/iScreen-Shoter-Mail-251205080204.jpg?fit=227%2C233\" data-orig-size=\"227,233\" data-comments-opened=\"0\" data-image-meta=\"{&quot;aperture&quot;:&quot;0&quot;,&quot;credit&quot;:&quot;&quot;,&quot;camera&quot;:&quot;&quot;,&quot;caption&quot;:&quot;&quot;,&quot;created_timestamp&quot;:&quot;0&quot;,&quot;copyright&quot;:&quot;&quot;,&quot;focal_length&quot;:&quot;0&quot;,&quot;iso&quot;:&quot;0&quot;,&quot;shutter_speed&quot;:&quot;0&quot;,&quot;title&quot;:&quot;&quot;,&quot;orientation&quot;:&quot;0&quot;}\" data-image-title=\"Barcode Unterst\u00fctzerseite Tarif 2025\/2026\" data-image-description=\"\" data-image-caption=\"\" data-large-file=\"https:\/\/i0.wp.com\/forst.igbau.nrw\/wp-content\/uploads\/2025\/12\/iScreen-Shoter-Mail-251205080204.jpg?fit=227%2C233\" class=\"size-full wp-image-3071 aligncenter\" src=\"https:\/\/i0.wp.com\/forst.igbau.nrw\/wp-content\/uploads\/2025\/12\/iScreen-Shoter-Mail-251205080204.jpg?resize=227%2C233\" alt=\"\" width=\"227\" height=\"233\"><\/p>\n<p>Sollten Eure Kolleg*innen noch kein Mitglied bei uns sein, hier der Link zum Eintreten in die IG BAU: <strong><a href=\"https:\/\/igbau.de\/Mitglied-werden.html\" target=\"_blank\" rel=\"noopener\">https:\/\/igbau.de\/Mitglied-werden.html<\/a><\/strong><\/p>\n<p>&nbsp;<\/p>\n<p>Nur gemeinsam erreichen wir unsere Forderungen.<\/p>\n","protected":false},"excerpt":{"rendered":"<p>Es war leider zu erwarten, die Auftaktverhandlung in der Tarif- und Besoldungsrunde 2025\/2026 f\u00fcr die Besch\u00e4ftigten der L\u00e4nder. Die Arbeitgeber weisen im<\/p>\n<p class=\"link-more\"><a class=\"myButt \" href=\"http:\/\/forst.igbau.nrw\/?p=3069\">Weitere Infos &#8230;<\/a><\/p>\n","protected":false},"author":1,"featured_media":2638,"comment_status":"closed","ping_status":"open","sticky":false,"template":"","format":"standard","meta":{"ngg_post_thumbnail":0,"jetpack_post_was_ever_published":false,"_jetpack_newsletter_access":"","_jetpack_dont_email_post_to_subs":false,"_jetpack_newsletter_tier_id":0,"_jetpack_memberships_contains_paywalled_content":false,"_jetpack_memberships_contains_paid_content":false,"footnotes":"","jetpack_publicize_message":"","jetpack_publicize_feature_enabled":true,"jetpack_social_post_already_shared":true,"jetpack_social_options":{"image_generator_settings":{"template":"highway","default_image_id":0,"font":"","enabled":false},"version":2}},"categories":[5],"tags":[],"class_list":["post-3069","post","type-post","status-publish","format-standard","has-post-thumbnail","hentry","category-forstwirtschaft"],"jetpack_publicize_connections":[],"jetpack_featured_media_url":"https:\/\/i0.wp.com\/forst.igbau.nrw\/wp-content\/uploads\/2023\/12\/Tarifstreik_2023_42-scaled.jpg?fit=2560%2C1922","jetpack_sharing_enabled":true,"jetpack_shortlink":"https:\/\/wp.me\/p8x7f7-Nv","jetpack-related-posts":[],"_links":{"self":[{"href":"http:\/\/forst.igbau.nrw\/index.php?rest_route=\/wp\/v2\/posts\/3069","targetHints":{"allow":["GET"]}}],"collection":[{"href":"http:\/\/forst.igbau.nrw\/index.php?rest_route=\/wp\/v2\/posts"}],"about":[{"href":"http:\/\/forst.igbau.nrw\/index.php?rest_route=\/wp\/v2\/types\/post"}],"author":[{"embeddable":true,"href":"http:\/\/forst.igbau.nrw\/index.php?rest_route=\/wp\/v2\/users\/1"}],"replies":[{"embeddable":true,"href":"http:\/\/forst.igbau.nrw\/index.php?rest_route=%2Fwp%2Fv2%2Fcomments&post=3069"}],"version-history":[{"count":8,"href":"http:\/\/forst.igbau.nrw\/index.php?rest_route=\/wp\/v2\/posts\/3069\/revisions"}],"predecessor-version":[{"id":3073,"href":"http:\/\/forst.igbau.nrw\/index.php?rest_route=\/wp\/v2\/posts\/3069\/revisions\/3073"}],"wp:featuredmedia":[{"embeddable":true,"href":"http:\/\/forst.igbau.nrw\/index.php?rest_route=\/wp\/v2\/media\/2638"}],"wp:attachment":[{"href":"http:\/\/forst.igbau.nrw\/index.php?rest_route=%2Fwp%2Fv2%2Fmedia&parent=3069"}],"wp:term":[{"taxonomy":"category","embeddable":true,"href":"http:\/\/forst.igbau.nrw\/index.php?rest_route=%2Fwp%2Fv2%2Fcategories&post=3069"},{"taxonomy":"post_tag","embeddable":true,"href":"http:\/\/forst.igbau.nrw\/index.php?rest_route=%2Fwp%2Fv2%2Ftags&post=3069"}],"curies":[{"name":"wp","href":"https:\/\/api.w.org\/{rel}","templated":true}]}}