{"id":3084,"date":"2026-01-26T06:50:59","date_gmt":"2026-01-26T06:50:59","guid":{"rendered":"http:\/\/forst.igbau.nrw\/?p=3084"},"modified":"2026-01-26T06:50:59","modified_gmt":"2026-01-26T06:50:59","slug":"tarifverhandlungen-2026-nur-mitmachen-hilft","status":"publish","type":"post","link":"http:\/\/forst.igbau.nrw\/?p=3084","title":{"rendered":"Tarifverhandlungen 2026, nur mitmachen hilft."},"content":{"rendered":"<p style=\"font-weight: 400;\">Zur Unterst\u00fctzung unserer Verhandlungspositionen in der Tarif- und Besoldungsrunde 2025\/2026 f\u00fcr die Besch\u00e4ftigten des \u00f6ffentlichen Dienstes der L\u00e4nder, haben wir eine extra Seite erstellt. Mit diesem Link geht es zur Unterst\u00fctzerseite:<\/p>\n<p style=\"font-weight: 400;\"><a href=\"https:\/\/deine.igbau.de\/tvoed\">https:\/\/deine.igbau.de\/tvoed<\/a><\/p>\n<p style=\"font-weight: 400;\">Gerne an die Kolleg*innen weiterleiten! Sollten Eure Kolleg*innen noch kein Mitglied bei uns sein, hier der Link zum Eintreten in die IG BAU: <a href=\"https:\/\/igbau.de\/Mitglied-werden.html\">https:\/\/igbau.de\/Mitglied-werden.html<\/a><\/p>\n<p style=\"font-weight: 400;\"><img data-recalc-dims=\"1\" fetchpriority=\"high\" decoding=\"async\" data-attachment-id=\"3071\" data-permalink=\"http:\/\/forst.igbau.nrw\/?attachment_id=3071\" data-orig-file=\"https:\/\/i0.wp.com\/forst.igbau.nrw\/wp-content\/uploads\/2025\/12\/iScreen-Shoter-Mail-251205080204.jpg?fit=227%2C233\" data-orig-size=\"227,233\" data-comments-opened=\"0\" data-image-meta=\"{&quot;aperture&quot;:&quot;0&quot;,&quot;credit&quot;:&quot;&quot;,&quot;camera&quot;:&quot;&quot;,&quot;caption&quot;:&quot;&quot;,&quot;created_timestamp&quot;:&quot;0&quot;,&quot;copyright&quot;:&quot;&quot;,&quot;focal_length&quot;:&quot;0&quot;,&quot;iso&quot;:&quot;0&quot;,&quot;shutter_speed&quot;:&quot;0&quot;,&quot;title&quot;:&quot;&quot;,&quot;orientation&quot;:&quot;0&quot;}\" data-image-title=\"Barcode Unterst\u00fctzerseite Tarif 2025\/2026\" data-image-description=\"\" data-image-caption=\"\" data-large-file=\"https:\/\/i0.wp.com\/forst.igbau.nrw\/wp-content\/uploads\/2025\/12\/iScreen-Shoter-Mail-251205080204.jpg?fit=227%2C233\" class=\"size-full wp-image-3071 aligncenter\" src=\"https:\/\/i0.wp.com\/forst.igbau.nrw\/wp-content\/uploads\/2025\/12\/iScreen-Shoter-Mail-251205080204.jpg?resize=227%2C233\" alt=\"\" width=\"227\" height=\"233\"><\/p>\n","protected":false},"excerpt":{"rendered":"<p>Zur Unterst\u00fctzung unserer Verhandlungspositionen in der Tarif- und Besoldungsrunde 2025\/2026 f\u00fcr die Besch\u00e4ftigten des \u00f6ffentlichen Dienstes der L\u00e4nder, haben wir eine extra<\/p>\n<p class=\"link-more\"><a class=\"myButt \" href=\"http:\/\/forst.igbau.nrw\/?p=3084\">Weitere Infos &#8230;<\/a><\/p>\n","protected":false},"author":1,"featured_media":2661,"comment_status":"closed","ping_status":"open","sticky":false,"template":"","format":"standard","meta":{"ngg_post_thumbnail":0,"jetpack_post_was_ever_published":false,"_jetpack_newsletter_access":"","_jetpack_dont_email_post_to_subs":false,"_jetpack_newsletter_tier_id":0,"_jetpack_memberships_contains_paywalled_content":false,"_jetpack_memberships_contains_paid_content":false,"footnotes":"","jetpack_publicize_message":"","jetpack_publicize_feature_enabled":true,"jetpack_social_post_already_shared":true,"jetpack_social_options":{"image_generator_settings":{"template":"highway","default_image_id":0,"font":"","enabled":false},"version":2}},"categories":[5],"tags":[],"class_list":["post-3084","post","type-post","status-publish","format-standard","has-post-thumbnail","hentry","category-forstwirtschaft"],"jetpack_publicize_connections":[],"jetpack_featured_media_url":"https:\/\/i0.wp.com\/forst.igbau.nrw\/wp-content\/uploads\/2023\/12\/Bildschirmfoto-2023-12-09-um-18.14.59.png?fit=1132%2C638","jetpack_sharing_enabled":true,"jetpack_shortlink":"https:\/\/wp.me\/p8x7f7-NK","jetpack-related-posts":[],"_links":{"self":[{"href":"http:\/\/forst.igbau.nrw\/index.php?rest_route=\/wp\/v2\/posts\/3084","targetHints":{"allow":["GET"]}}],"collection":[{"href":"http:\/\/forst.igbau.nrw\/index.php?rest_route=\/wp\/v2\/posts"}],"about":[{"href":"http:\/\/forst.igbau.nrw\/index.php?rest_route=\/wp\/v2\/types\/post"}],"author":[{"embeddable":true,"href":"http:\/\/forst.igbau.nrw\/index.php?rest_route=\/wp\/v2\/users\/1"}],"replies":[{"embeddable":true,"href":"http:\/\/forst.igbau.nrw\/index.php?rest_route=%2Fwp%2Fv2%2Fcomments&post=3084"}],"version-history":[{"count":1,"href":"http:\/\/forst.igbau.nrw\/index.php?rest_route=\/wp\/v2\/posts\/3084\/revisions"}],"predecessor-version":[{"id":3085,"href":"http:\/\/forst.igbau.nrw\/index.php?rest_route=\/wp\/v2\/posts\/3084\/revisions\/3085"}],"wp:featuredmedia":[{"embeddable":true,"href":"http:\/\/forst.igbau.nrw\/index.php?rest_route=\/wp\/v2\/media\/2661"}],"wp:attachment":[{"href":"http:\/\/forst.igbau.nrw\/index.php?rest_route=%2Fwp%2Fv2%2Fmedia&parent=3084"}],"wp:term":[{"taxonomy":"category","embeddable":true,"href":"http:\/\/forst.igbau.nrw\/index.php?rest_route=%2Fwp%2Fv2%2Fcategories&post=3084"},{"taxonomy":"post_tag","embeddable":true,"href":"http:\/\/forst.igbau.nrw\/index.php?rest_route=%2Fwp%2Fv2%2Ftags&post=3084"}],"curies":[{"name":"wp","href":"https:\/\/api.w.org\/{rel}","templated":true}]}}