{"id":3092,"date":"2025-11-30T12:55:46","date_gmt":"2025-11-30T12:55:46","guid":{"rendered":"http:\/\/forst.igbau.nrw\/?p=3092"},"modified":"2026-01-30T13:40:59","modified_gmt":"2026-01-30T13:40:59","slug":"steht-der-landesbetrieb-wald-und-holz-vor-erneuter-organisationsreform","status":"publish","type":"post","link":"http:\/\/forst.igbau.nrw\/?p=3092","title":{"rendered":"Steht der Landesbetrieb Wald und Holz vor erneuter Organisationsreform?"},"content":{"rendered":"<p>In den letzten Wochen und Monaten wurde unter der Verantwortung des Ministeriums f\u00fcr Landwirtschaft und Verbraucherschutz NRW, die Ausschreibung f\u00fcr eine finanzielle \u00dcberpr\u00fcfung des Landesbetriebes, Wald und Holz Nordrhein-Westfalen auf dem Weg gebracht. Nun mehrere Monate sp\u00e4ter scheint es so, als wenn von den verbliebenen Interessenten zwei Firmen in die engere Auswahl f\u00fcr die Erstellung des Gutachten kommen.<\/p>\n<p>Aus Sicht der IGBAU Landesvertretung Forst eine teure und \u00fcberfl\u00fcssige Ausschreibung und daraus resultierende Beauftragung. Anstatt die Landesressourcen zu nutzen um eine tragf\u00e4higes Konzept zu erstellen werden hier steuerfinanzierte Gutachten beauftragt.<\/p>\n<p>Die IGBAU Landesvertretung prognostiziert hier eine erneute Reduktion von Aussenstellen und eine Reduktion von Personal. Sobald es weitere Informationen zum Finanzgutachten gibt werden wir an dieser Stelle informieren.<\/p>\n<p>Bereits im Vorfeld wurde ein Gutachten in Auftrag gegeben in dem das Handeln des Landesbetriebes \u00fcberpr\u00fcft werden sollte. Ziel war es ein rechtssicheres Erbringen von Dienstleistungen durch den Landesbetriebes f\u00fcr den Privat- und Kommunalwaldbesitz.<\/p>\n<p>Hintergrund des durch das Land NRW in Auftrag gegebenen Gutachtens&nbsp; war die Umstellung der finanziellen F\u00f6rderung<br \/>\nsog. forstwirtschaftlicher Zusammenschl\u00fcsse (FWZ) von einer indirekten auf eine direkte F\u00f6rderung. In diesem Zusammenhang kam und kommt es immer wieder zu Kritik aus dem Kreis der forstlichen Unternehmen in der Dienstleistung. Die vielf\u00e4ltigen Vorw\u00fcrfe unterstellen unter anderen eine Quersubvention innerhalb des Landesbetriebes.<\/p>\n<p><a href=\"https:\/\/opal.landtag.nrw.de\/portal\/WWW\/dokumentenarchiv\/Dokument\/MMV18-4220.pdf\" target=\"_blank\" rel=\"noopener\">Noch einmal zur Information verlinken wir hier das &#8222;alte&#8220;Gutachten.&nbsp;<\/a><\/p>\n<p>&nbsp;<\/p>\n<p>&nbsp;<\/p>\n<p>&nbsp;<\/p>\n","protected":false},"excerpt":{"rendered":"<p>In den letzten Wochen und Monaten wurde unter der Verantwortung des Ministeriums f\u00fcr Landwirtschaft und Verbraucherschutz NRW, die Ausschreibung f\u00fcr eine finanzielle<\/p>\n<p class=\"link-more\"><a class=\"myButt \" href=\"http:\/\/forst.igbau.nrw\/?p=3092\">Weitere Infos &#8230;<\/a><\/p>\n","protected":false},"author":1,"featured_media":1758,"comment_status":"closed","ping_status":"open","sticky":false,"template":"","format":"standard","meta":{"ngg_post_thumbnail":0,"jetpack_post_was_ever_published":false,"_jetpack_newsletter_access":"","_jetpack_dont_email_post_to_subs":false,"_jetpack_newsletter_tier_id":0,"_jetpack_memberships_contains_paywalled_content":false,"_jetpack_memberships_contains_paid_content":false,"footnotes":"","jetpack_publicize_message":"","jetpack_publicize_feature_enabled":true,"jetpack_social_post_already_shared":true,"jetpack_social_options":{"image_generator_settings":{"template":"highway","default_image_id":0,"font":"","enabled":false},"version":2}},"categories":[20],"tags":[],"class_list":["post-3092","post","type-post","status-publish","format-standard","has-post-thumbnail","hentry","category-landesbetrieb-wald-und-holz"],"jetpack_publicize_connections":[],"jetpack_featured_media_url":"https:\/\/i0.wp.com\/forst.igbau.nrw\/wp-content\/uploads\/2020\/06\/Waldfotos_56.jpg?fit=1616%2C1212","jetpack_sharing_enabled":true,"jetpack_shortlink":"https:\/\/wp.me\/p8x7f7-NS","jetpack-related-posts":[],"_links":{"self":[{"href":"http:\/\/forst.igbau.nrw\/index.php?rest_route=\/wp\/v2\/posts\/3092","targetHints":{"allow":["GET"]}}],"collection":[{"href":"http:\/\/forst.igbau.nrw\/index.php?rest_route=\/wp\/v2\/posts"}],"about":[{"href":"http:\/\/forst.igbau.nrw\/index.php?rest_route=\/wp\/v2\/types\/post"}],"author":[{"embeddable":true,"href":"http:\/\/forst.igbau.nrw\/index.php?rest_route=\/wp\/v2\/users\/1"}],"replies":[{"embeddable":true,"href":"http:\/\/forst.igbau.nrw\/index.php?rest_route=%2Fwp%2Fv2%2Fcomments&post=3092"}],"version-history":[{"count":1,"href":"http:\/\/forst.igbau.nrw\/index.php?rest_route=\/wp\/v2\/posts\/3092\/revisions"}],"predecessor-version":[{"id":3093,"href":"http:\/\/forst.igbau.nrw\/index.php?rest_route=\/wp\/v2\/posts\/3092\/revisions\/3093"}],"wp:featuredmedia":[{"embeddable":true,"href":"http:\/\/forst.igbau.nrw\/index.php?rest_route=\/wp\/v2\/media\/1758"}],"wp:attachment":[{"href":"http:\/\/forst.igbau.nrw\/index.php?rest_route=%2Fwp%2Fv2%2Fmedia&parent=3092"}],"wp:term":[{"taxonomy":"category","embeddable":true,"href":"http:\/\/forst.igbau.nrw\/index.php?rest_route=%2Fwp%2Fv2%2Fcategories&post=3092"},{"taxonomy":"post_tag","embeddable":true,"href":"http:\/\/forst.igbau.nrw\/index.php?rest_route=%2Fwp%2Fv2%2Ftags&post=3092"}],"curies":[{"name":"wp","href":"https:\/\/api.w.org\/{rel}","templated":true}]}}