{"id":3123,"date":"2026-02-24T08:56:00","date_gmt":"2026-02-24T08:56:00","guid":{"rendered":"http:\/\/forst.igbau.nrw\/?p=3123"},"modified":"2026-02-24T08:58:08","modified_gmt":"2026-02-24T08:58:08","slug":"infoveranstaltung-der-fachgruppe-und-landesvertretung-zum-tarifabschluss-2026","status":"publish","type":"post","link":"http:\/\/forst.igbau.nrw\/?p=3123","title":{"rendered":"Infoveranstaltung der Fachgruppe und Landesvertretung zum Tarifabschluss 2026"},"content":{"rendered":"<p data-start=\"315\" data-end=\"713\">Nachdem nun die Tarifverhandlungen f\u00fcr die Besch\u00e4ftigten im Geltungsbereich des <span class=\"hover:entity-accent entity-underline inline cursor-pointer align-baseline\"><span class=\"whitespace-normal\">Tarifvertrag f\u00fcr den \u00f6ffentlichen Dienst der L\u00e4nder<\/span><\/span> (TV-L) erfolgreich abgeschlossen worden sind. Hatte die Fachgruppe Forstwirte und die Landesvertretung Forst der IGBAU zu einem Onlineaustausch der Mitglieder aus NRW eingeladen.<\/p>\n<p data-start=\"315\" data-end=\"713\">Dem Angebot sind leider nur eine \u00fcberschaubare Anzahl von Teilnehmenden gefolgt.<\/p>\n<p data-start=\"315\" data-end=\"713\">Das kurzfristige Angebot ist der Erfordernis geschuldet, das nach dem Abschluss die Frist bis zur m\u00f6glichen Annahme nur knapp bemessen ist.<\/p>\n<p data-start=\"315\" data-end=\"713\"><strong>Trotzdem hatten sich die Organisatoren aus der Fachgruppe und Landesvertretung eine breitere Zustimmung erhofft, um die Ergebnisse zu diskutieren und ein Feedback an die Verhandlungsf\u00fchrer zur\u00fcck geben zu k\u00f6nnen.<\/strong><\/p>\n<p data-start=\"315\" data-end=\"713\">Kollege <strong>Peter Wiese<\/strong> stellte anhand einer sehr informativen Pr\u00e4sentation die Entstehung, Grundlagen, Hintergr\u00fcnde und Ergebnisse der&nbsp; Verhandlungen dar.<\/p>\n<p data-start=\"315\" data-end=\"713\">Und im Anschluss entstand trotz der geringen Teilnehmerzahl eine umfangreiche Diskussion dazu.<\/p>\n<figure id=\"attachment_3124\" aria-describedby=\"caption-attachment-3124\" style=\"width: 2338px\" class=\"wp-caption alignnone\"><img data-recalc-dims=\"1\" fetchpriority=\"high\" decoding=\"async\" data-attachment-id=\"3124\" data-permalink=\"http:\/\/forst.igbau.nrw\/?attachment_id=3124\" data-orig-file=\"https:\/\/i0.wp.com\/forst.igbau.nrw\/wp-content\/uploads\/2026\/02\/TV-L-Infos_2026.jpg?fit=2338%2C1653\" data-orig-size=\"2338,1653\" data-comments-opened=\"0\" data-image-meta=\"{&quot;aperture&quot;:&quot;0&quot;,&quot;credit&quot;:&quot;&quot;,&quot;camera&quot;:&quot;&quot;,&quot;caption&quot;:&quot;&quot;,&quot;created_timestamp&quot;:&quot;0&quot;,&quot;copyright&quot;:&quot;&quot;,&quot;focal_length&quot;:&quot;0&quot;,&quot;iso&quot;:&quot;0&quot;,&quot;shutter_speed&quot;:&quot;0&quot;,&quot;title&quot;:&quot;&quot;,&quot;orientation&quot;:&quot;0&quot;}\" data-image-title=\"TV-L Infos_2026\" data-image-description=\"\" data-image-caption=\"\" data-large-file=\"https:\/\/i0.wp.com\/forst.igbau.nrw\/wp-content\/uploads\/2026\/02\/TV-L-Infos_2026.jpg?fit=640%2C453\" class=\"wp-image-3124 size-full\" src=\"https:\/\/i0.wp.com\/forst.igbau.nrw\/wp-content\/uploads\/2026\/02\/TV-L-Infos_2026.jpg?resize=640%2C452\" alt=\"\" width=\"640\" height=\"452\" srcset=\"https:\/\/i0.wp.com\/forst.igbau.nrw\/wp-content\/uploads\/2026\/02\/TV-L-Infos_2026.jpg?w=2338 2338w, https:\/\/i0.wp.com\/forst.igbau.nrw\/wp-content\/uploads\/2026\/02\/TV-L-Infos_2026.jpg?resize=300%2C212 300w, https:\/\/i0.wp.com\/forst.igbau.nrw\/wp-content\/uploads\/2026\/02\/TV-L-Infos_2026.jpg?resize=1024%2C724 1024w, https:\/\/i0.wp.com\/forst.igbau.nrw\/wp-content\/uploads\/2026\/02\/TV-L-Infos_2026.jpg?resize=768%2C543 768w, https:\/\/i0.wp.com\/forst.igbau.nrw\/wp-content\/uploads\/2026\/02\/TV-L-Infos_2026.jpg?resize=1536%2C1086 1536w, https:\/\/i0.wp.com\/forst.igbau.nrw\/wp-content\/uploads\/2026\/02\/TV-L-Infos_2026.jpg?resize=2048%2C1448 2048w, https:\/\/i0.wp.com\/forst.igbau.nrw\/wp-content\/uploads\/2026\/02\/TV-L-Infos_2026.jpg?w=1280 1280w, https:\/\/i0.wp.com\/forst.igbau.nrw\/wp-content\/uploads\/2026\/02\/TV-L-Infos_2026.jpg?w=1920 1920w\" sizes=\"(max-width: 640px) 100vw, 640px\" \/><figcaption id=\"caption-attachment-3124\" class=\"wp-caption-text\">Momentaufnahme der Videokonferenz<\/figcaption><\/figure>\n<p data-start=\"315\" data-end=\"713\">Der Abschluss erfolgte, man muss leider sagen wie traditionell \u00fcblich nach intensiven Gespr\u00e4chen bis in sp\u00e4te Stunde zwischen der Tarifgemeinschaft deutscher L\u00e4nder (TdL) und den Gewerkschaften. Und f\u00fchrte letztendlich zu den bereits bekannten Gehaltssteigerungen, als auch zu strukturelle Verbesserungen gerade f\u00fcr die Besch\u00e4ftigten in den \u00f6stlichen Bundesl\u00e4ndern.<\/p>\n<p data-start=\"715\" data-end=\"768\"><strong data-start=\"715\" data-end=\"768\">Lineare Entgelterh\u00f6hungen und soziale Komponenten<\/strong><\/p>\n<p data-start=\"770\" data-end=\"1078\">Der neue Tarifvertrag sieht eine mehrstufige Anhebung der Tabellenentgelte vor. Neben prozentualen Erh\u00f6hungen profitieren insbesondere untere und mittlere Entgeltgruppen von \u00fcberproportionalen Steigerungen. Damit wird ein klares Signal f\u00fcr mehr soziale Ausgewogenheit und eine St\u00e4rkung der Kaufkraft gesetzt.<\/p>\n<p data-start=\"1080\" data-end=\"1123\"><strong data-start=\"1080\" data-end=\"1123\">Inflationsausgleich und Einmalzahlungen<\/strong><\/p>\n<p data-start=\"1125\" data-end=\"1402\">Zur Abfederung der gestiegenen Lebenshaltungskosten wurden zudem steuer- und abgabenfreie Sonderzahlungen vereinbart. Diese dienen als unmittelbare Entlastung f\u00fcr die Besch\u00e4ftigten und sollen dazu beitragen, die finanziellen Auswirkungen der anhaltenden Inflation sp\u00fcrbar zu mindern.<\/p>\n<p data-start=\"1404\" data-end=\"1445\"><strong data-start=\"1404\" data-end=\"1445\">Verbesserungen bei Arbeitsbedingungen<\/strong><\/p>\n<p data-start=\"1447\" data-end=\"1796\">Neben den finanziellen Komponenten beinhaltet der Abschluss auch strukturelle Verbesserungen, unter anderem bei Zulagenregelungen sowie bei einzelnen Arbeitszeit- und Belastungsthemen. Ziel ist es, die Attraktivit\u00e4t des \u00f6ffentlichen Dienstes der L\u00e4nder nachhaltig zu st\u00e4rken und die Wettbewerbsf\u00e4higkeit gegen\u00fcber anderen Arbeitgebern zu verbessern.<\/p>\n<p data-start=\"1798\" data-end=\"1848\"><strong data-start=\"1798\" data-end=\"1848\">Planungssicherheit f\u00fcr Besch\u00e4ftigte und L\u00e4nder<\/strong><\/p>\n<p data-start=\"1850\" data-end=\"2221\">Mit dem erzielten Abschluss erhalten sowohl die rund eine Million Tarifbesch\u00e4ftigten der L\u00e4nder als auch die Arbeitgeberseite Planungssicherheit f\u00fcr die kommenden 27 Monate Laufzeit.&nbsp;<\/p>\n<p data-start=\"2223\" data-end=\"2320\">Der Tarifabschluss steht nun unter dem Vorbehalt der formalen Zustimmung der zust\u00e4ndigen Gremien.<\/p>\n<p>Im Anhang findest Du auch eine PDF-Datei mit dem QR-Code zur Unterst\u00fctzerseite.<\/p>\n<figure id=\"attachment_3071\" aria-describedby=\"caption-attachment-3071\" style=\"width: 227px\" class=\"wp-caption aligncenter\"><img data-recalc-dims=\"1\" decoding=\"async\" data-attachment-id=\"3071\" data-permalink=\"http:\/\/forst.igbau.nrw\/?attachment_id=3071\" data-orig-file=\"https:\/\/i0.wp.com\/forst.igbau.nrw\/wp-content\/uploads\/2025\/12\/iScreen-Shoter-Mail-251205080204.jpg?fit=227%2C233\" data-orig-size=\"227,233\" data-comments-opened=\"0\" data-image-meta=\"{&quot;aperture&quot;:&quot;0&quot;,&quot;credit&quot;:&quot;&quot;,&quot;camera&quot;:&quot;&quot;,&quot;caption&quot;:&quot;&quot;,&quot;created_timestamp&quot;:&quot;0&quot;,&quot;copyright&quot;:&quot;&quot;,&quot;focal_length&quot;:&quot;0&quot;,&quot;iso&quot;:&quot;0&quot;,&quot;shutter_speed&quot;:&quot;0&quot;,&quot;title&quot;:&quot;&quot;,&quot;orientation&quot;:&quot;0&quot;}\" data-image-title=\"Barcode Unterst\u00fctzerseite Tarif 2025\/2026\" data-image-description=\"\" data-image-caption=\"\" data-large-file=\"https:\/\/i0.wp.com\/forst.igbau.nrw\/wp-content\/uploads\/2025\/12\/iScreen-Shoter-Mail-251205080204.jpg?fit=227%2C233\" class=\"wp-image-3071 size-full\" src=\"https:\/\/i0.wp.com\/forst.igbau.nrw\/wp-content\/uploads\/2025\/12\/iScreen-Shoter-Mail-251205080204.jpg?resize=227%2C233\" alt=\"\" width=\"227\" height=\"233\"><figcaption id=\"caption-attachment-3071\" class=\"wp-caption-text\">Unterst\u00fctzerseite<\/figcaption><\/figure>\n<p>Gerne an dieKolleg*innen weiterleiten!<\/p>\n<p>Sollten Eure Kolleg*innen noch kein Mitglied bei uns sein, hier der Link zum Eintreten in die IG BAU:<a href=\"https:\/\/igbau.de\/Mitglied-werden.html\">https:\/\/igbau.de\/Mitglied-werden.html<\/a><\/p>\n<p><strong>Dazu seid ihr jetzt gefragt.<\/strong><\/p>\n","protected":false},"excerpt":{"rendered":"<p>Nachdem nun die Tarifverhandlungen f\u00fcr die Besch\u00e4ftigten im Geltungsbereich des Tarifvertrag f\u00fcr den \u00f6ffentlichen Dienst der L\u00e4nder (TV-L) erfolgreich abgeschlossen worden sind.<\/p>\n<p class=\"link-more\"><a class=\"myButt \" href=\"http:\/\/forst.igbau.nrw\/?p=3123\">Weitere Infos &#8230;<\/a><\/p>\n","protected":false},"author":1,"featured_media":3124,"comment_status":"closed","ping_status":"open","sticky":false,"template":"","format":"standard","meta":{"ngg_post_thumbnail":0,"jetpack_post_was_ever_published":false,"_jetpack_newsletter_access":"","_jetpack_dont_email_post_to_subs":false,"_jetpack_newsletter_tier_id":0,"_jetpack_memberships_contains_paywalled_content":false,"_jetpack_memberships_contains_paid_content":false,"footnotes":"","jetpack_publicize_message":"","jetpack_publicize_feature_enabled":true,"jetpack_social_post_already_shared":true,"jetpack_social_options":{"image_generator_settings":{"template":"highway","default_image_id":0,"font":"","enabled":false},"version":2}},"categories":[21,8,43],"tags":[],"class_list":["post-3123","post","type-post","status-publish","format-standard","has-post-thumbnail","hentry","category-dgb-gewerkschaften","category-ig-bau","category-tarif"],"jetpack_publicize_connections":[],"jetpack_featured_media_url":"https:\/\/i0.wp.com\/forst.igbau.nrw\/wp-content\/uploads\/2026\/02\/TV-L-Infos_2026.jpg?fit=2338%2C1653","jetpack_sharing_enabled":true,"jetpack_shortlink":"https:\/\/wp.me\/p8x7f7-On","jetpack-related-posts":[],"_links":{"self":[{"href":"http:\/\/forst.igbau.nrw\/index.php?rest_route=\/wp\/v2\/posts\/3123","targetHints":{"allow":["GET"]}}],"collection":[{"href":"http:\/\/forst.igbau.nrw\/index.php?rest_route=\/wp\/v2\/posts"}],"about":[{"href":"http:\/\/forst.igbau.nrw\/index.php?rest_route=\/wp\/v2\/types\/post"}],"author":[{"embeddable":true,"href":"http:\/\/forst.igbau.nrw\/index.php?rest_route=\/wp\/v2\/users\/1"}],"replies":[{"embeddable":true,"href":"http:\/\/forst.igbau.nrw\/index.php?rest_route=%2Fwp%2Fv2%2Fcomments&post=3123"}],"version-history":[{"count":3,"href":"http:\/\/forst.igbau.nrw\/index.php?rest_route=\/wp\/v2\/posts\/3123\/revisions"}],"predecessor-version":[{"id":3127,"href":"http:\/\/forst.igbau.nrw\/index.php?rest_route=\/wp\/v2\/posts\/3123\/revisions\/3127"}],"wp:featuredmedia":[{"embeddable":true,"href":"http:\/\/forst.igbau.nrw\/index.php?rest_route=\/wp\/v2\/media\/3124"}],"wp:attachment":[{"href":"http:\/\/forst.igbau.nrw\/index.php?rest_route=%2Fwp%2Fv2%2Fmedia&parent=3123"}],"wp:term":[{"taxonomy":"category","embeddable":true,"href":"http:\/\/forst.igbau.nrw\/index.php?rest_route=%2Fwp%2Fv2%2Fcategories&post=3123"},{"taxonomy":"post_tag","embeddable":true,"href":"http:\/\/forst.igbau.nrw\/index.php?rest_route=%2Fwp%2Fv2%2Ftags&post=3123"}],"curies":[{"name":"wp","href":"https:\/\/api.w.org\/{rel}","templated":true}]}}