{"id":3129,"date":"2026-03-10T20:11:08","date_gmt":"2026-03-10T20:11:08","guid":{"rendered":"http:\/\/forst.igbau.nrw\/?p=3129"},"modified":"2026-03-13T13:45:30","modified_gmt":"2026-03-13T13:45:30","slug":"kommt-eine-weiterer-waldnationalpark-in-nrw","status":"publish","type":"post","link":"http:\/\/forst.igbau.nrw\/?p=3129","title":{"rendered":"Kommt eine weiterer Waldnationalpark in NRW ?"},"content":{"rendered":"<p>In den letzten Tagen hat die Landesvertretung und die Fachgruppe der IGBAU in NRW erfahren, dass es einen Beschluss des Kreistages Siegen-Wittgenstein gibt, wonach der Ausschuss f\u00fcr Umwelt- und Klimaschutz, Land- und Forstwirtschaft des Kreises vorschl\u00e4gt\/empfiehlt den Landrat zu beauftragen, das vorgeschlagene Verfahren zur Pr\u00fcfung der f\u00fcr die Ausweisung eines Nationalparks im Kreis Siegen-Wittgenstein ma\u00dfgeblichen Grundlagen, Voraussetzungen und Rahmenbedingungen umzusetzen.<\/p>\n<p>Dieser Beschluss wirft aus Sicht der IGBAU viele Fragen auf die wir in einem ersten Schritt in einem <strong><a href=\"http:\/\/forst.igbau.nrw\/wp-content\/uploads\/2026\/03\/Nationalpark_Siegerland_2026_03.pdf\" target=\"_blank\" rel=\"noopener\">offenen Brief<\/a> <\/strong>an Frau Ministerin Gorissen adressiert haben und um Erl\u00e4uterung und Beteiligung bitten.<\/p>\n<p><img data-recalc-dims=\"1\" fetchpriority=\"high\" decoding=\"async\" data-attachment-id=\"3131\" data-permalink=\"http:\/\/forst.igbau.nrw\/?attachment_id=3131\" data-orig-file=\"https:\/\/i0.wp.com\/forst.igbau.nrw\/wp-content\/uploads\/2026\/03\/NP_Rothaarsteig_2026_MLV_IGBAU.jpg?fit=746%2C1034\" data-orig-size=\"746,1034\" data-comments-opened=\"0\" data-image-meta=\"{&quot;aperture&quot;:&quot;0&quot;,&quot;credit&quot;:&quot;&quot;,&quot;camera&quot;:&quot;&quot;,&quot;caption&quot;:&quot;&quot;,&quot;created_timestamp&quot;:&quot;0&quot;,&quot;copyright&quot;:&quot;&quot;,&quot;focal_length&quot;:&quot;0&quot;,&quot;iso&quot;:&quot;0&quot;,&quot;shutter_speed&quot;:&quot;0&quot;,&quot;title&quot;:&quot;&quot;,&quot;orientation&quot;:&quot;0&quot;}\" data-image-title=\"NP_Rothaarsteig_2026_MLV_IGBAU\" data-image-description=\"\" data-image-caption=\"\" data-large-file=\"https:\/\/i0.wp.com\/forst.igbau.nrw\/wp-content\/uploads\/2026\/03\/NP_Rothaarsteig_2026_MLV_IGBAU.jpg?fit=640%2C887\" class=\"aligncenter wp-image-3131 size-large\" src=\"https:\/\/i0.wp.com\/forst.igbau.nrw\/wp-content\/uploads\/2026\/03\/NP_Rothaarsteig_2026_MLV_IGBAU.jpg?resize=640%2C887\" alt=\"\" width=\"640\" height=\"887\" srcset=\"https:\/\/i0.wp.com\/forst.igbau.nrw\/wp-content\/uploads\/2026\/03\/NP_Rothaarsteig_2026_MLV_IGBAU.jpg?resize=739%2C1024 739w, https:\/\/i0.wp.com\/forst.igbau.nrw\/wp-content\/uploads\/2026\/03\/NP_Rothaarsteig_2026_MLV_IGBAU.jpg?resize=216%2C300 216w, https:\/\/i0.wp.com\/forst.igbau.nrw\/wp-content\/uploads\/2026\/03\/NP_Rothaarsteig_2026_MLV_IGBAU.jpg?w=746 746w\" sizes=\"(max-width: 640px) 100vw, 640px\" \/><\/p>\n<p>Sobald die IGBAU hier weitergehende Infos erh\u00e4lt werden wir an dieser Stelle informieren.<\/p>\n<p>Die \u00f6ffentlich zug\u00e4ngliche Beschlusslage und die Unterlagen dazu finden Sie hier:<\/p>\n<p><strong><a href=\"https:\/\/gremien.siegen-wittgenstein.de\/vorgang\/?__=UGhVM0hpd2NXNFdFcExjZW-XQ7qKnES2DathlaQZoA8\" target=\"_blank\" rel=\"noopener\">Link zur Kreistagsseite Siegen Wittgenstein<\/a><\/strong><\/p>\n<p>&nbsp;<\/p>\n","protected":false},"excerpt":{"rendered":"<p>In den letzten Tagen hat die Landesvertretung und die Fachgruppe der IGBAU in NRW erfahren, dass es einen Beschluss des Kreistages Siegen-Wittgenstein<\/p>\n<p class=\"link-more\"><a class=\"myButt \" href=\"http:\/\/forst.igbau.nrw\/?p=3129\">Weitere Infos &#8230;<\/a><\/p>\n","protected":false},"author":1,"featured_media":2466,"comment_status":"closed","ping_status":"open","sticky":false,"template":"","format":"standard","meta":{"ngg_post_thumbnail":0,"jetpack_post_was_ever_published":false,"_jetpack_newsletter_access":"","_jetpack_dont_email_post_to_subs":false,"_jetpack_newsletter_tier_id":0,"_jetpack_memberships_contains_paywalled_content":false,"_jetpack_memberships_contains_paid_content":false,"footnotes":"","jetpack_publicize_message":"","jetpack_publicize_feature_enabled":true,"jetpack_social_post_already_shared":true,"jetpack_social_options":{"image_generator_settings":{"template":"highway","default_image_id":0,"font":"","enabled":false},"version":2}},"categories":[5],"tags":[],"class_list":["post-3129","post","type-post","status-publish","format-standard","has-post-thumbnail","hentry","category-forstwirtschaft"],"jetpack_publicize_connections":[],"jetpack_featured_media_url":"https:\/\/i0.wp.com\/forst.igbau.nrw\/wp-content\/uploads\/2023\/03\/Tag_des_Waldes_2023_Duesseldorf_IGBAU_50-scaled.jpeg?fit=2560%2C1920","jetpack_sharing_enabled":true,"jetpack_shortlink":"https:\/\/wp.me\/p8x7f7-Ot","jetpack-related-posts":[],"_links":{"self":[{"href":"http:\/\/forst.igbau.nrw\/index.php?rest_route=\/wp\/v2\/posts\/3129","targetHints":{"allow":["GET"]}}],"collection":[{"href":"http:\/\/forst.igbau.nrw\/index.php?rest_route=\/wp\/v2\/posts"}],"about":[{"href":"http:\/\/forst.igbau.nrw\/index.php?rest_route=\/wp\/v2\/types\/post"}],"author":[{"embeddable":true,"href":"http:\/\/forst.igbau.nrw\/index.php?rest_route=\/wp\/v2\/users\/1"}],"replies":[{"embeddable":true,"href":"http:\/\/forst.igbau.nrw\/index.php?rest_route=%2Fwp%2Fv2%2Fcomments&post=3129"}],"version-history":[{"count":9,"href":"http:\/\/forst.igbau.nrw\/index.php?rest_route=\/wp\/v2\/posts\/3129\/revisions"}],"predecessor-version":[{"id":3142,"href":"http:\/\/forst.igbau.nrw\/index.php?rest_route=\/wp\/v2\/posts\/3129\/revisions\/3142"}],"wp:featuredmedia":[{"embeddable":true,"href":"http:\/\/forst.igbau.nrw\/index.php?rest_route=\/wp\/v2\/media\/2466"}],"wp:attachment":[{"href":"http:\/\/forst.igbau.nrw\/index.php?rest_route=%2Fwp%2Fv2%2Fmedia&parent=3129"}],"wp:term":[{"taxonomy":"category","embeddable":true,"href":"http:\/\/forst.igbau.nrw\/index.php?rest_route=%2Fwp%2Fv2%2Fcategories&post=3129"},{"taxonomy":"post_tag","embeddable":true,"href":"http:\/\/forst.igbau.nrw\/index.php?rest_route=%2Fwp%2Fv2%2Ftags&post=3129"}],"curies":[{"name":"wp","href":"https:\/\/api.w.org\/{rel}","templated":true}]}}