{"id":3143,"date":"2026-03-13T13:18:09","date_gmt":"2026-03-13T13:18:09","guid":{"rendered":"http:\/\/forst.igbau.nrw\/?p=3143"},"modified":"2026-03-13T13:21:39","modified_gmt":"2026-03-13T13:21:39","slug":"nach-dem-tarifabschluss-tv-l-ist-vor-dem-tv-l-forst","status":"publish","type":"post","link":"http:\/\/forst.igbau.nrw\/?p=3143","title":{"rendered":"Nach dem Tarifabschluss TV-L ist vor dem TV-L Forst"},"content":{"rendered":"<p>Die DGB Gewerkschaften haben, wie bereits bekannt am 12. M\u00e4rz 2026 die Annahme der Tarifeinigung im TV-L beschlossen. Mit dem Abschluss erh\u00f6hen sich die Tabellenentgelte \u00fcber die Laufzeit um 5,8 Prozent.<\/p>\n<p>Die Entgelte f\u00fcr die Auszubildenden steigen im gleichen&nbsp; Zeitraum um 150 Euro.<\/p>\n<p>Mit diesem Abschluss bleibt der TV-L auf Augenh\u00f6he mit dem Tarifabschluss des TV\u00d6D Abschluss bei Bund und Kommunen.<\/p>\n<p>Nun geht es darum einen guten und angemessenen Abschluss f\u00fcr die Kolleginnen und Kollegen im TV-L Forst zu erreichen.<\/p>\n<p><strong><a href=\"http:\/\/forst.igbau.nrw\/wp-content\/uploads\/2026\/03\/TI-TROeD-2025_26-TDL-ANNAHME-TARIFEINIGUNG-MV_30642.pdf\" target=\"_blank\" rel=\"noopener\">Die Presserkl\u00e4rung&nbsp; der IGBAU dazu findet ihr hier.<\/a><\/strong><\/p>\n","protected":false},"excerpt":{"rendered":"<p>Die DGB Gewerkschaften haben, wie bereits bekannt am 12. M\u00e4rz 2026 die Annahme der Tarifeinigung im TV-L beschlossen. Mit dem Abschluss erh\u00f6hen<\/p>\n<p class=\"link-more\"><a class=\"myButt \" href=\"http:\/\/forst.igbau.nrw\/?p=3143\">Weitere Infos &#8230;<\/a><\/p>\n","protected":false},"author":1,"featured_media":3104,"comment_status":"closed","ping_status":"open","sticky":false,"template":"","format":"standard","meta":{"ngg_post_thumbnail":0,"jetpack_post_was_ever_published":false,"_jetpack_newsletter_access":"","_jetpack_dont_email_post_to_subs":false,"_jetpack_newsletter_tier_id":0,"_jetpack_memberships_contains_paywalled_content":false,"_jetpack_memberships_contains_paid_content":false,"footnotes":"","jetpack_publicize_message":"","jetpack_publicize_feature_enabled":true,"jetpack_social_post_already_shared":true,"jetpack_social_options":{"image_generator_settings":{"template":"highway","default_image_id":0,"font":"","enabled":false},"version":2}},"categories":[8,43],"tags":[],"class_list":["post-3143","post","type-post","status-publish","format-standard","has-post-thumbnail","hentry","category-ig-bau","category-tarif"],"jetpack_publicize_connections":[],"jetpack_featured_media_url":"https:\/\/i0.wp.com\/forst.igbau.nrw\/wp-content\/uploads\/2026\/02\/Tarif_2026_Duesseldorf_05.jpg?fit=1600%2C1200","jetpack_sharing_enabled":true,"jetpack_shortlink":"https:\/\/wp.me\/p8x7f7-OH","jetpack-related-posts":[],"_links":{"self":[{"href":"http:\/\/forst.igbau.nrw\/index.php?rest_route=\/wp\/v2\/posts\/3143","targetHints":{"allow":["GET"]}}],"collection":[{"href":"http:\/\/forst.igbau.nrw\/index.php?rest_route=\/wp\/v2\/posts"}],"about":[{"href":"http:\/\/forst.igbau.nrw\/index.php?rest_route=\/wp\/v2\/types\/post"}],"author":[{"embeddable":true,"href":"http:\/\/forst.igbau.nrw\/index.php?rest_route=\/wp\/v2\/users\/1"}],"replies":[{"embeddable":true,"href":"http:\/\/forst.igbau.nrw\/index.php?rest_route=%2Fwp%2Fv2%2Fcomments&post=3143"}],"version-history":[{"count":4,"href":"http:\/\/forst.igbau.nrw\/index.php?rest_route=\/wp\/v2\/posts\/3143\/revisions"}],"predecessor-version":[{"id":3148,"href":"http:\/\/forst.igbau.nrw\/index.php?rest_route=\/wp\/v2\/posts\/3143\/revisions\/3148"}],"wp:featuredmedia":[{"embeddable":true,"href":"http:\/\/forst.igbau.nrw\/index.php?rest_route=\/wp\/v2\/media\/3104"}],"wp:attachment":[{"href":"http:\/\/forst.igbau.nrw\/index.php?rest_route=%2Fwp%2Fv2%2Fmedia&parent=3143"}],"wp:term":[{"taxonomy":"category","embeddable":true,"href":"http:\/\/forst.igbau.nrw\/index.php?rest_route=%2Fwp%2Fv2%2Fcategories&post=3143"},{"taxonomy":"post_tag","embeddable":true,"href":"http:\/\/forst.igbau.nrw\/index.php?rest_route=%2Fwp%2Fv2%2Ftags&post=3143"}],"curies":[{"name":"wp","href":"https:\/\/api.w.org\/{rel}","templated":true}]}}