{"id":3149,"date":"2026-03-13T14:04:12","date_gmt":"2026-03-13T14:04:12","guid":{"rendered":"http:\/\/forst.igbau.nrw\/?p=3149"},"modified":"2026-03-13T14:06:47","modified_gmt":"2026-03-13T14:06:47","slug":"mainz-ist-nicht-nur-geburtsort-der-mainzelmaennchen","status":"publish","type":"post","link":"http:\/\/forst.igbau.nrw\/?p=3149","title":{"rendered":"Mainz ist nicht nur Geburtsort der Mainzelm\u00e4nnchen"},"content":{"rendered":"<p class=\"p1\"><b>Sitzung des Ausschusses f\u00fcr \u00d6ffentlichkeitsarbeit beim Deutschen Forstwirtschaftsrates.<\/b><\/p>\n<p>&nbsp;<\/p>\n<p class=\"p4\">Am 11.03.2026 traf sich in der Stadt am Rhein die Stimme des Waldes in Mainz.<\/p>\n<p class=\"p4\">Der Ausschuss f\u00fcr \u00d6ffentlichkeitsarbeit des Deutschen Forstwirtschaftsrates, kurz AF\u00d6,<span class=\"Apple-converted-space\">&nbsp;<\/span>durfte dazu die direkt am Rhein gelegenen R\u00e4umlichkeiten des Landessportbundes Rheinland Pfalz nutzen.<\/p>\n<figure id=\"attachment_3130\" aria-describedby=\"caption-attachment-3130\" style=\"width: 300px\" class=\"wp-caption alignleft\"><img data-recalc-dims=\"1\" fetchpriority=\"high\" decoding=\"async\" data-attachment-id=\"3130\" data-permalink=\"http:\/\/forst.igbau.nrw\/?attachment_id=3130\" data-orig-file=\"https:\/\/i0.wp.com\/forst.igbau.nrw\/wp-content\/uploads\/2026\/03\/DFWR_AFOe_Mainz_2026-scaled.jpg?fit=2560%2C2260\" data-orig-size=\"2560,2260\" data-comments-opened=\"0\" data-image-meta=\"{&quot;aperture&quot;:&quot;0&quot;,&quot;credit&quot;:&quot;&quot;,&quot;camera&quot;:&quot;&quot;,&quot;caption&quot;:&quot;&quot;,&quot;created_timestamp&quot;:&quot;0&quot;,&quot;copyright&quot;:&quot;&quot;,&quot;focal_length&quot;:&quot;0&quot;,&quot;iso&quot;:&quot;0&quot;,&quot;shutter_speed&quot;:&quot;0&quot;,&quot;title&quot;:&quot;&quot;,&quot;orientation&quot;:&quot;1&quot;}\" data-image-title=\"DFWR_AFO\u0308_Mainz_2026\" data-image-description=\"\" data-image-caption=\"&lt;p&gt;Sportbund Rheinland-Pfalz in Mainz&lt;\/p&gt;\n\" data-large-file=\"https:\/\/i0.wp.com\/forst.igbau.nrw\/wp-content\/uploads\/2026\/03\/DFWR_AFOe_Mainz_2026-scaled.jpg?fit=640%2C565\" class=\"wp-image-3130 size-medium\" src=\"https:\/\/i0.wp.com\/forst.igbau.nrw\/wp-content\/uploads\/2026\/03\/DFWR_AFOe_Mainz_2026.jpg?resize=300%2C265\" alt=\"\" width=\"300\" height=\"265\" srcset=\"https:\/\/i0.wp.com\/forst.igbau.nrw\/wp-content\/uploads\/2026\/03\/DFWR_AFOe_Mainz_2026-scaled.jpg?resize=300%2C265 300w, https:\/\/i0.wp.com\/forst.igbau.nrw\/wp-content\/uploads\/2026\/03\/DFWR_AFOe_Mainz_2026-scaled.jpg?resize=1024%2C904 1024w, https:\/\/i0.wp.com\/forst.igbau.nrw\/wp-content\/uploads\/2026\/03\/DFWR_AFOe_Mainz_2026-scaled.jpg?resize=768%2C678 768w, https:\/\/i0.wp.com\/forst.igbau.nrw\/wp-content\/uploads\/2026\/03\/DFWR_AFOe_Mainz_2026-scaled.jpg?resize=1536%2C1356 1536w, https:\/\/i0.wp.com\/forst.igbau.nrw\/wp-content\/uploads\/2026\/03\/DFWR_AFOe_Mainz_2026-scaled.jpg?resize=2048%2C1808 2048w, https:\/\/i0.wp.com\/forst.igbau.nrw\/wp-content\/uploads\/2026\/03\/DFWR_AFOe_Mainz_2026-scaled.jpg?w=1280 1280w, https:\/\/i0.wp.com\/forst.igbau.nrw\/wp-content\/uploads\/2026\/03\/DFWR_AFOe_Mainz_2026-scaled.jpg?w=1920 1920w\" sizes=\"(max-width: 300px) 100vw, 300px\" \/><figcaption id=\"caption-attachment-3130\" class=\"wp-caption-text\">Sportbund Rheinland-Pfalz in Mainz<\/figcaption><\/figure>\n<p class=\"p4\">Die Pressesprecher, \u00d6ffentlichkeitsreferenten und Verantwortliche f\u00fcr die \u00d6ffentlichkeitsarbeit in der Forstbranche kommen 2 j\u00e4hrlich zusammen und zu Jahresbeginn erfolgt diese Zusammenkunft traditionell im Rahmen einer Fr\u00fchjahrestagung.<\/p>\n<p class=\"p4\">Dazu finden sich die Vertretungen der Mitgliedsverb\u00e4nde wechselseitig in einem der Bundesl\u00e4nder als Gastgeberland zusammen. Die Gastgeberrolle wechselt jedes Jahr und bringt interessante und informative Einblicke in die Aktionen, Entwicklungen und Branchenprojekte der einzelnen Bundesl\u00e4nder f\u00fcr den Wald.<\/p>\n<p class=\"p4\">Bereits seit 2008 wirbt der AF\u00d6 auf Bundesebene f\u00fcr den Wald und die Forstwirtschaft mit verschiedenen Kampagnen. Beispielsweise die Aktionen \u201eTreffpunkt Wald\u201c, \u201e Wald.Sport.Bewegt\u201c, \u201eDeutsche Waldtage\u201c, \u201eGr\u00fcne Woche\u201c und die &#8222;Baustellenkommunikation&#8220;, um nur einige Highlights zu nennen, all diese Kampagne und Projekte sind Ergebnisse der Arbeit aus dem AF\u00d6.<\/p>\n<p class=\"p4\">Der AF\u00d6 des DFWR im Zusammenspiel mit der Presse und \u00d6ffentlichkeitsarbeit der Verb\u00e4nde und Landesverwaltungen hat es in den Jahren seit seiner Gr\u00fcndung geschafft aus der doch sehr \u00fcberschaubaren Wahrnehmung der Gesellschaft und Politik mit dem Thema Wald immer wieder in die Tages- und \u00dcberregionale Presse zu kommen. Damit setzt der AF\u00d6 eines seiner selbst gesteckten Ziele erfolgreich um.<\/p>\n<p class=\"p4\">Als IGBAU k\u00f6nnen wir diese Initiativen nur begr\u00fc\u00dfen und unterst\u00fctzen die Zusammenarbeit. Als DGB Gewerkschaft steht die Aufgabe der Pressearbeit f\u00fcr den Wald nicht unbedingt in unserer vordringlichen Verantwortung und Aufgabenstellung.<\/p>\n<p class=\"p4\">Trotzdem hat die IGBAU in den letzten Jahren vor allem durch unsere Kampagne &#8222;Waldklimaschutz&#8220; eine Marke gesetzt.&nbsp; Die Kampagne hat weiterhin ihre Berechtigung soll auch in Zukunft weitergef\u00fchrt werden.<\/p>\n<p>&nbsp;<\/p>\n","protected":false},"excerpt":{"rendered":"<p>Sitzung des Ausschusses f\u00fcr \u00d6ffentlichkeitsarbeit beim Deutschen Forstwirtschaftsrates. &nbsp; Am 11.03.2026 traf sich in der Stadt am Rhein die Stimme des Waldes<\/p>\n<p class=\"link-more\"><a class=\"myButt \" href=\"http:\/\/forst.igbau.nrw\/?p=3149\">Weitere Infos &#8230;<\/a><\/p>\n","protected":false},"author":1,"featured_media":3153,"comment_status":"closed","ping_status":"open","sticky":false,"template":"","format":"standard","meta":{"ngg_post_thumbnail":0,"jetpack_post_was_ever_published":false,"_jetpack_newsletter_access":"","_jetpack_dont_email_post_to_subs":false,"_jetpack_newsletter_tier_id":0,"_jetpack_memberships_contains_paywalled_content":false,"_jetpack_memberships_contains_paid_content":false,"footnotes":"","jetpack_publicize_message":"","jetpack_publicize_feature_enabled":true,"jetpack_social_post_already_shared":true,"jetpack_social_options":{"image_generator_settings":{"template":"highway","default_image_id":0,"font":"","enabled":false},"version":2}},"categories":[5],"tags":[],"class_list":["post-3149","post","type-post","status-publish","format-standard","has-post-thumbnail","hentry","category-forstwirtschaft"],"jetpack_publicize_connections":[],"jetpack_featured_media_url":"https:\/\/i0.wp.com\/forst.igbau.nrw\/wp-content\/uploads\/2026\/03\/Mainz_2026-scaled.jpg?fit=1869%2C2560","jetpack_sharing_enabled":true,"jetpack_shortlink":"https:\/\/wp.me\/p8x7f7-ON","jetpack-related-posts":[],"_links":{"self":[{"href":"http:\/\/forst.igbau.nrw\/index.php?rest_route=\/wp\/v2\/posts\/3149","targetHints":{"allow":["GET"]}}],"collection":[{"href":"http:\/\/forst.igbau.nrw\/index.php?rest_route=\/wp\/v2\/posts"}],"about":[{"href":"http:\/\/forst.igbau.nrw\/index.php?rest_route=\/wp\/v2\/types\/post"}],"author":[{"embeddable":true,"href":"http:\/\/forst.igbau.nrw\/index.php?rest_route=\/wp\/v2\/users\/1"}],"replies":[{"embeddable":true,"href":"http:\/\/forst.igbau.nrw\/index.php?rest_route=%2Fwp%2Fv2%2Fcomments&post=3149"}],"version-history":[{"count":2,"href":"http:\/\/forst.igbau.nrw\/index.php?rest_route=\/wp\/v2\/posts\/3149\/revisions"}],"predecessor-version":[{"id":3154,"href":"http:\/\/forst.igbau.nrw\/index.php?rest_route=\/wp\/v2\/posts\/3149\/revisions\/3154"}],"wp:featuredmedia":[{"embeddable":true,"href":"http:\/\/forst.igbau.nrw\/index.php?rest_route=\/wp\/v2\/media\/3153"}],"wp:attachment":[{"href":"http:\/\/forst.igbau.nrw\/index.php?rest_route=%2Fwp%2Fv2%2Fmedia&parent=3149"}],"wp:term":[{"taxonomy":"category","embeddable":true,"href":"http:\/\/forst.igbau.nrw\/index.php?rest_route=%2Fwp%2Fv2%2Fcategories&post=3149"},{"taxonomy":"post_tag","embeddable":true,"href":"http:\/\/forst.igbau.nrw\/index.php?rest_route=%2Fwp%2Fv2%2Ftags&post=3149"}],"curies":[{"name":"wp","href":"https:\/\/api.w.org\/{rel}","templated":true}]}}