{"id":3169,"date":"2026-04-24T08:26:32","date_gmt":"2026-04-24T08:26:32","guid":{"rendered":"http:\/\/forst.igbau.nrw\/?p=3169"},"modified":"2026-04-24T08:26:32","modified_gmt":"2026-04-24T08:26:32","slug":"neue-sdw-landesvorsitzende","status":"publish","type":"post","link":"http:\/\/forst.igbau.nrw\/?p=3169","title":{"rendered":"Neue SDW Landesvorsitzende"},"content":{"rendered":"<p><strong>Presseticker der SDW NRW<\/strong><\/p>\n<p>&#8222;Kerstin Radomski zur neuen Landesvorsitzenden gew\u00e4hlt<br \/>\nDie Delegiertenversammlung der Schutzgemeinschaft Deutscher Wald Landesverband NRW (SDW) w\u00e4hlte auf ihrer Zusammenkunft am 18. April 2026 auf Gut Leidenhausen in K\u00f6ln Kerstin Radomski MdB (5.v.r.) einstimmig zu ihrer neuen Landvorsitzenden. Damit endet zugleich eine \u00c4ra des SDW-Landesverbandes, denn sie folgt Marie-Luise Fasse, die dieses Ehrenamt \u00fcber 20 Jahre innehatte.<br \/>\nKerstin Radomski ist mit den Belangen der SDW bestens vertraut, denn Sie ist zugleich Vize-Pr\u00e4sidentin des SDW-Bundesverbandes, Vorsitzende der SDW-Kreisgruppe Krefeld und geh\u00f6rte bereits dem NRW-Landesvorstand als Beisitzerin an. Die geb\u00fcrtige Krefelderin ist von Hause aus Lehrerin mit den F\u00e4chern Geografie und Biologie, so dass der Schwerpunkt der SDW-Aktivit\u00e4ten weiterhin im Bereich Umweltbildung liegen wird.<br \/>\nMarie-Luise Fasse gab den Landesvorsitz nach zwei Jahrzehnten in j\u00fcngere H\u00e4nde. In ihre Amtszeit f\u00e4llt u.a. die Anerkennung der SDW als vierter Naturschutzverband in NRW, die Etablierung des \u201eNRW-Preises f\u00fcr vorbildliche Waldwirtschaft\u201c und die enorme Steigerung der Teilnehmerzahlen der \u201eAktion Waldjugendspiele\u201c auf landesweit \u00fcber 40.000 Grundschulkinder. Die Versammlung w\u00fcrdigte Ihr au\u00dferordentliches Engagement und ernannte Sie einstimmig zur Ehrenvorsitzenden.<\/p>\n<p><img data-recalc-dims=\"1\" fetchpriority=\"high\" decoding=\"async\" data-attachment-id=\"3171\" data-permalink=\"http:\/\/forst.igbau.nrw\/?attachment_id=3171\" data-orig-file=\"https:\/\/i0.wp.com\/forst.igbau.nrw\/wp-content\/uploads\/2026\/04\/image001-scaled.jpg?fit=2560%2C1363\" data-orig-size=\"2560,1363\" data-comments-opened=\"0\" data-image-meta=\"{&quot;aperture&quot;:&quot;5.6&quot;,&quot;credit&quot;:&quot;&quot;,&quot;camera&quot;:&quot;Canon EOS 600D&quot;,&quot;caption&quot;:&quot;&quot;,&quot;created_timestamp&quot;:&quot;1776478980&quot;,&quot;copyright&quot;:&quot;&quot;,&quot;focal_length&quot;:&quot;25&quot;,&quot;iso&quot;:&quot;100&quot;,&quot;shutter_speed&quot;:&quot;0.016666666666667&quot;,&quot;title&quot;:&quot;&quot;,&quot;orientation&quot;:&quot;0&quot;}\" data-image-title=\"SDW NRW\" data-image-description=\"\" data-image-caption=\"\" data-large-file=\"https:\/\/i0.wp.com\/forst.igbau.nrw\/wp-content\/uploads\/2026\/04\/image001-scaled.jpg?fit=640%2C341\" class=\"alignnone wp-image-3171 size-large\" src=\"https:\/\/i0.wp.com\/forst.igbau.nrw\/wp-content\/uploads\/2026\/04\/image001.jpg?resize=640%2C341\" alt=\"\" width=\"640\" height=\"341\" srcset=\"https:\/\/i0.wp.com\/forst.igbau.nrw\/wp-content\/uploads\/2026\/04\/image001-scaled.jpg?resize=1024%2C545 1024w, https:\/\/i0.wp.com\/forst.igbau.nrw\/wp-content\/uploads\/2026\/04\/image001-scaled.jpg?resize=300%2C160 300w, https:\/\/i0.wp.com\/forst.igbau.nrw\/wp-content\/uploads\/2026\/04\/image001-scaled.jpg?resize=768%2C409 768w, https:\/\/i0.wp.com\/forst.igbau.nrw\/wp-content\/uploads\/2026\/04\/image001-scaled.jpg?resize=1536%2C818 1536w, https:\/\/i0.wp.com\/forst.igbau.nrw\/wp-content\/uploads\/2026\/04\/image001-scaled.jpg?resize=2048%2C1091 2048w, https:\/\/i0.wp.com\/forst.igbau.nrw\/wp-content\/uploads\/2026\/04\/image001-scaled.jpg?w=1280 1280w, https:\/\/i0.wp.com\/forst.igbau.nrw\/wp-content\/uploads\/2026\/04\/image001-scaled.jpg?w=1920 1920w\" sizes=\"(max-width: 640px) 100vw, 640px\" \/><br \/>\nFoto: Gerhard Naendrup<br \/>\nHintergrund<\/p>\n","protected":false},"excerpt":{"rendered":"<p>Presseticker der SDW NRW &#8222;Kerstin Radomski zur neuen Landesvorsitzenden gew\u00e4hlt Die Delegiertenversammlung der Schutzgemeinschaft Deutscher Wald Landesverband NRW (SDW) w\u00e4hlte auf ihrer<\/p>\n<p class=\"link-more\"><a class=\"myButt \" href=\"http:\/\/forst.igbau.nrw\/?p=3169\">Weitere Infos &#8230;<\/a><\/p>\n","protected":false},"author":1,"featured_media":3170,"comment_status":"closed","ping_status":"open","sticky":false,"template":"","format":"standard","meta":{"ngg_post_thumbnail":0,"jetpack_post_was_ever_published":false,"_jetpack_newsletter_access":"","_jetpack_dont_email_post_to_subs":false,"_jetpack_newsletter_tier_id":0,"_jetpack_memberships_contains_paywalled_content":false,"_jetpack_memberships_contains_paid_content":false,"footnotes":"","jetpack_publicize_message":"","jetpack_publicize_feature_enabled":true,"jetpack_social_post_already_shared":true,"jetpack_social_options":{"image_generator_settings":{"template":"highway","default_image_id":0,"font":"","enabled":false},"version":2}},"categories":[5],"tags":[],"class_list":["post-3169","post","type-post","status-publish","format-standard","has-post-thumbnail","hentry","category-forstwirtschaft"],"jetpack_publicize_connections":[],"jetpack_featured_media_url":"https:\/\/i0.wp.com\/forst.igbau.nrw\/wp-content\/uploads\/2026\/04\/d85da42ff611ac0521cb8dad80febf46.webp?fit=500%2C518","jetpack_sharing_enabled":true,"jetpack_shortlink":"https:\/\/wp.me\/p8x7f7-P7","jetpack-related-posts":[],"_links":{"self":[{"href":"http:\/\/forst.igbau.nrw\/index.php?rest_route=\/wp\/v2\/posts\/3169","targetHints":{"allow":["GET"]}}],"collection":[{"href":"http:\/\/forst.igbau.nrw\/index.php?rest_route=\/wp\/v2\/posts"}],"about":[{"href":"http:\/\/forst.igbau.nrw\/index.php?rest_route=\/wp\/v2\/types\/post"}],"author":[{"embeddable":true,"href":"http:\/\/forst.igbau.nrw\/index.php?rest_route=\/wp\/v2\/users\/1"}],"replies":[{"embeddable":true,"href":"http:\/\/forst.igbau.nrw\/index.php?rest_route=%2Fwp%2Fv2%2Fcomments&post=3169"}],"version-history":[{"count":1,"href":"http:\/\/forst.igbau.nrw\/index.php?rest_route=\/wp\/v2\/posts\/3169\/revisions"}],"predecessor-version":[{"id":3172,"href":"http:\/\/forst.igbau.nrw\/index.php?rest_route=\/wp\/v2\/posts\/3169\/revisions\/3172"}],"wp:featuredmedia":[{"embeddable":true,"href":"http:\/\/forst.igbau.nrw\/index.php?rest_route=\/wp\/v2\/media\/3170"}],"wp:attachment":[{"href":"http:\/\/forst.igbau.nrw\/index.php?rest_route=%2Fwp%2Fv2%2Fmedia&parent=3169"}],"wp:term":[{"taxonomy":"category","embeddable":true,"href":"http:\/\/forst.igbau.nrw\/index.php?rest_route=%2Fwp%2Fv2%2Fcategories&post=3169"},{"taxonomy":"post_tag","embeddable":true,"href":"http:\/\/forst.igbau.nrw\/index.php?rest_route=%2Fwp%2Fv2%2Ftags&post=3169"}],"curies":[{"name":"wp","href":"https:\/\/api.w.org\/{rel}","templated":true}]}}