{"id":320,"date":"2017-04-03T09:53:36","date_gmt":"2017-04-03T09:53:36","guid":{"rendered":"http:\/\/forst.igbau.nrw\/?p=320"},"modified":"2017-04-03T09:53:36","modified_gmt":"2017-04-03T09:53:36","slug":"bundeskartellamt-nimmt-thueringen-ins-visier","status":"publish","type":"post","link":"http:\/\/forst.igbau.nrw\/?p=320","title":{"rendered":"Bundeskartellamt nimmt Th\u00fcringen ins Visier."},"content":{"rendered":"<p>Laut den Pressemitteilungen verschiedener Onlineredaktionen soll nach Baden-W\u00fcrttemberg nun auch in Th\u00fcringen durch das Bundeskartellamt eine kartellrechtliche Pr\u00fcfung der Holzvermarktung auf m\u00f6gliche Verst\u00f6\u00dfe gegen das Wettbewerbsrecht erfolgen.<\/p>\n<p>Der Pr\u00e4sident des Bundeskartellamts Andreas Mundt bezeichnet demnach die Entscheidung im Fall Baden-W\u00fcrttemberg als eine Entscheidung mit grunds\u00e4tzlichem Charakter, sieht eine unmittelbare \u00a0\u00dcbertragung der Entscheidung auf Th\u00fcringen jedoch nicht.<\/p>\n<p>Im Interview des MDR erkl\u00e4rt Herr Mundt das im Zuge des Verfahrens zu allererst der Holzmarkt in Th\u00fcringen ermittelt werden muss.<\/p>\n<p>Damit verfolgt das Bundeskartellamt, trotz der \u00c4nderung des Bundeswaldgesetzes und der gemeinsamen Auffassung der Bundesl\u00e4nder und der Bundesregierung, weiter das Ziel die seit langem in vielen Bundesl\u00e4ndern bew\u00e4hrten Angebote der Forstkolleginnen und Forstkollegen zu beschneiden.<\/p>\n<p>&nbsp;<\/p>\n","protected":false},"excerpt":{"rendered":"<p>Laut den Pressemitteilungen verschiedener Onlineredaktionen soll nach Baden-W\u00fcrttemberg nun auch in Th\u00fcringen durch das Bundeskartellamt eine kartellrechtliche Pr\u00fcfung der Holzvermarktung auf m\u00f6gliche<\/p>\n<p class=\"link-more\"><a class=\"myButt \" href=\"http:\/\/forst.igbau.nrw\/?p=320\">Weitere Infos &#8230;<\/a><\/p>\n","protected":false},"author":1,"featured_media":0,"comment_status":"open","ping_status":"open","sticky":false,"template":"","format":"standard","meta":{"ngg_post_thumbnail":0,"jetpack_post_was_ever_published":false,"_jetpack_newsletter_access":"","_jetpack_dont_email_post_to_subs":false,"_jetpack_newsletter_tier_id":0,"_jetpack_memberships_contains_paywalled_content":false,"_jetpack_memberships_contains_paid_content":false,"footnotes":"","jetpack_publicize_message":"","jetpack_publicize_feature_enabled":true,"jetpack_social_post_already_shared":true,"jetpack_social_options":{"image_generator_settings":{"template":"highway","default_image_id":0,"font":"","enabled":false},"version":2}},"categories":[4,5,8],"tags":[],"class_list":["post-320","post","type-post","status-publish","format-standard","hentry","category-forstpolitik","category-forstwirtschaft","category-ig-bau"],"jetpack_publicize_connections":[],"jetpack_featured_media_url":"","jetpack_sharing_enabled":true,"jetpack_shortlink":"https:\/\/wp.me\/p8x7f7-5a","jetpack-related-posts":[],"_links":{"self":[{"href":"http:\/\/forst.igbau.nrw\/index.php?rest_route=\/wp\/v2\/posts\/320","targetHints":{"allow":["GET"]}}],"collection":[{"href":"http:\/\/forst.igbau.nrw\/index.php?rest_route=\/wp\/v2\/posts"}],"about":[{"href":"http:\/\/forst.igbau.nrw\/index.php?rest_route=\/wp\/v2\/types\/post"}],"author":[{"embeddable":true,"href":"http:\/\/forst.igbau.nrw\/index.php?rest_route=\/wp\/v2\/users\/1"}],"replies":[{"embeddable":true,"href":"http:\/\/forst.igbau.nrw\/index.php?rest_route=%2Fwp%2Fv2%2Fcomments&post=320"}],"version-history":[{"count":1,"href":"http:\/\/forst.igbau.nrw\/index.php?rest_route=\/wp\/v2\/posts\/320\/revisions"}],"predecessor-version":[{"id":321,"href":"http:\/\/forst.igbau.nrw\/index.php?rest_route=\/wp\/v2\/posts\/320\/revisions\/321"}],"wp:attachment":[{"href":"http:\/\/forst.igbau.nrw\/index.php?rest_route=%2Fwp%2Fv2%2Fmedia&parent=320"}],"wp:term":[{"taxonomy":"category","embeddable":true,"href":"http:\/\/forst.igbau.nrw\/index.php?rest_route=%2Fwp%2Fv2%2Fcategories&post=320"},{"taxonomy":"post_tag","embeddable":true,"href":"http:\/\/forst.igbau.nrw\/index.php?rest_route=%2Fwp%2Fv2%2Ftags&post=320"}],"curies":[{"name":"wp","href":"https:\/\/api.w.org\/{rel}","templated":true}]}}