{"id":326,"date":"2017-04-03T13:36:53","date_gmt":"2017-04-03T13:36:53","guid":{"rendered":"http:\/\/forst.igbau.nrw\/?p=326"},"modified":"2017-04-04T13:07:00","modified_gmt":"2017-04-04T13:07:00","slug":"326","status":"publish","type":"post","link":"http:\/\/forst.igbau.nrw\/?p=326","title":{"rendered":"Tarifabschluss in der Waldarbeit !"},"content":{"rendered":"<p>Nach Abschluss der Verhandlungen der IG BAU am 30. M\u00e4rz mit der Tarifgemeinschaft deutscher L\u00e4nder (TdL) wird die Tarifeinigung vom 17.02.2017 zur Tarif- und Besoldungsrunde mit den L\u00e4ndern,\u00a0mit Ausnahme von Hessen, zeit- und inhaltsgleich auf die Besch\u00e4ftigten der L\u00e4nder,\u00a0mit T\u00e4tigkeiten in der Waldarbeit\u00a0\u00fcbertragen.<\/p>\n<p><a href=\"https:\/\/www.igbau.de\/Landesforst_auszer_Hessen_Deutliche_Reallohnsteigerung.html\" target=\"_blank\">Details zum Tarifabschluss f\u00fcr IG BAU Mitglieder &#8230;<\/a><\/p>\n<p><a href=\"https:\/\/www.igbau.de\/Landesforst_auszer_Hessen_Deutliche_Reallohnsteigerung.html\" target=\"_blank\"><img data-recalc-dims=\"1\" fetchpriority=\"high\" decoding=\"async\" data-attachment-id=\"270\" data-permalink=\"http:\/\/forst.igbau.nrw\/?attachment_id=270\" data-orig-file=\"https:\/\/i0.wp.com\/forst.igbau.nrw\/wp-content\/uploads\/2017\/03\/IGBAU_Menschen_klein.png?fit=408%2C272\" data-orig-size=\"408,272\" data-comments-opened=\"1\" data-image-meta=\"{&quot;aperture&quot;:&quot;0&quot;,&quot;credit&quot;:&quot;&quot;,&quot;camera&quot;:&quot;&quot;,&quot;caption&quot;:&quot;&quot;,&quot;created_timestamp&quot;:&quot;0&quot;,&quot;copyright&quot;:&quot;&quot;,&quot;focal_length&quot;:&quot;0&quot;,&quot;iso&quot;:&quot;0&quot;,&quot;shutter_speed&quot;:&quot;0&quot;,&quot;title&quot;:&quot;&quot;,&quot;orientation&quot;:&quot;0&quot;}\" data-image-title=\"IGBAU_Menschen\" data-image-description=\"\" data-image-caption=\"\" data-large-file=\"https:\/\/i0.wp.com\/forst.igbau.nrw\/wp-content\/uploads\/2017\/03\/IGBAU_Menschen_klein.png?fit=408%2C272\" class=\"aligncenter size-full wp-image-270\" src=\"https:\/\/i0.wp.com\/forst.igbau.nrw\/wp-content\/uploads\/2017\/03\/IGBAU_Menschen_klein.png?resize=408%2C272\" alt=\"\" width=\"408\" height=\"272\" srcset=\"https:\/\/i0.wp.com\/forst.igbau.nrw\/wp-content\/uploads\/2017\/03\/IGBAU_Menschen_klein.png?w=408 408w, https:\/\/i0.wp.com\/forst.igbau.nrw\/wp-content\/uploads\/2017\/03\/IGBAU_Menschen_klein.png?resize=300%2C200 300w\" sizes=\"(max-width: 408px) 100vw, 408px\" \/><\/a><\/p>\n","protected":false},"excerpt":{"rendered":"<p>Nach Abschluss der Verhandlungen der IG BAU am 30. M\u00e4rz mit der Tarifgemeinschaft deutscher L\u00e4nder (TdL) wird die Tarifeinigung vom 17.02.2017 zur<\/p>\n<p class=\"link-more\"><a class=\"myButt \" href=\"http:\/\/forst.igbau.nrw\/?p=326\">Weitere Infos &#8230;<\/a><\/p>\n","protected":false},"author":1,"featured_media":324,"comment_status":"open","ping_status":"open","sticky":false,"template":"","format":"standard","meta":{"ngg_post_thumbnail":0,"jetpack_post_was_ever_published":false,"_jetpack_newsletter_access":"","_jetpack_dont_email_post_to_subs":false,"_jetpack_newsletter_tier_id":0,"_jetpack_memberships_contains_paywalled_content":false,"_jetpack_memberships_contains_paid_content":false,"footnotes":"","jetpack_publicize_message":"","jetpack_publicize_feature_enabled":true,"jetpack_social_post_already_shared":false,"jetpack_social_options":{"image_generator_settings":{"template":"highway","default_image_id":0,"font":"","enabled":false},"version":2}},"categories":[5],"tags":[],"class_list":["post-326","post","type-post","status-publish","format-standard","has-post-thumbnail","hentry","category-forstwirtschaft"],"jetpack_publicize_connections":[],"jetpack_featured_media_url":"https:\/\/i0.wp.com\/forst.igbau.nrw\/wp-content\/uploads\/2017\/03\/logo_igbau_original_gross-e1491225332768.png?fit=745%2C288","jetpack_sharing_enabled":true,"jetpack_shortlink":"https:\/\/wp.me\/s8x7f7-326","jetpack-related-posts":[],"_links":{"self":[{"href":"http:\/\/forst.igbau.nrw\/index.php?rest_route=\/wp\/v2\/posts\/326","targetHints":{"allow":["GET"]}}],"collection":[{"href":"http:\/\/forst.igbau.nrw\/index.php?rest_route=\/wp\/v2\/posts"}],"about":[{"href":"http:\/\/forst.igbau.nrw\/index.php?rest_route=\/wp\/v2\/types\/post"}],"author":[{"embeddable":true,"href":"http:\/\/forst.igbau.nrw\/index.php?rest_route=\/wp\/v2\/users\/1"}],"replies":[{"embeddable":true,"href":"http:\/\/forst.igbau.nrw\/index.php?rest_route=%2Fwp%2Fv2%2Fcomments&post=326"}],"version-history":[{"count":3,"href":"http:\/\/forst.igbau.nrw\/index.php?rest_route=\/wp\/v2\/posts\/326\/revisions"}],"predecessor-version":[{"id":332,"href":"http:\/\/forst.igbau.nrw\/index.php?rest_route=\/wp\/v2\/posts\/326\/revisions\/332"}],"wp:featuredmedia":[{"embeddable":true,"href":"http:\/\/forst.igbau.nrw\/index.php?rest_route=\/wp\/v2\/media\/324"}],"wp:attachment":[{"href":"http:\/\/forst.igbau.nrw\/index.php?rest_route=%2Fwp%2Fv2%2Fmedia&parent=326"}],"wp:term":[{"taxonomy":"category","embeddable":true,"href":"http:\/\/forst.igbau.nrw\/index.php?rest_route=%2Fwp%2Fv2%2Fcategories&post=326"},{"taxonomy":"post_tag","embeddable":true,"href":"http:\/\/forst.igbau.nrw\/index.php?rest_route=%2Fwp%2Fv2%2Ftags&post=326"}],"curies":[{"name":"wp","href":"https:\/\/api.w.org\/{rel}","templated":true}]}}