{"id":350,"date":"2017-04-28T13:55:36","date_gmt":"2017-04-28T13:55:36","guid":{"rendered":"http:\/\/forst.igbau.nrw\/?p=350"},"modified":"2017-04-28T15:14:25","modified_gmt":"2017-04-28T15:14:25","slug":"waldspaziergang-mit-frau-schulze-foecking-cdu","status":"publish","type":"post","link":"http:\/\/forst.igbau.nrw\/?p=350","title":{"rendered":"Waldspaziergang mit Frau Schulze-F\u00f6cking"},"content":{"rendered":"<p>Trotz der hohen Termindichte im Wahlkampf fand&nbsp;die IGBAU die M\u00f6glichkeit einen Waldspaziergang und einen damit verbundenen forstpolitischen Austausch mit Frau Schulze-F\u00f6cking zu realisieren. Als Landtagsabgeordnete der CDU in NRW ist Christina Schulze-F\u00f6cking unter anderem ordentliches Mitglied im Ausschuss f\u00fcr Klimaschutz, Umwelt, Landwirtschaft, Natur- und Verbraucherschutz und aus dieser Funktion heraus mit den Themen rund um den Wald vertraut.<\/p>\n<figure id=\"attachment_357\" aria-describedby=\"caption-attachment-357\" style=\"width: 640px\" class=\"wp-caption aligncenter\"><a href=\"https:\/\/i0.wp.com\/forst.igbau.nrw\/wp-content\/uploads\/2017\/04\/Waldspaziergang.jpg\"><img data-recalc-dims=\"1\" fetchpriority=\"high\" decoding=\"async\" data-attachment-id=\"357\" data-permalink=\"http:\/\/forst.igbau.nrw\/?attachment_id=357\" data-orig-file=\"https:\/\/i0.wp.com\/forst.igbau.nrw\/wp-content\/uploads\/2017\/04\/Waldspaziergang.jpg?fit=3817%2C2543\" data-orig-size=\"3817,2543\" data-comments-opened=\"1\" data-image-meta=\"{&quot;aperture&quot;:&quot;2.8&quot;,&quot;credit&quot;:&quot;PETER _ Wicke&quot;,&quot;camera&quot;:&quot;NIKON D7000&quot;,&quot;caption&quot;:&quot;&quot;,&quot;created_timestamp&quot;:&quot;1493367273&quot;,&quot;copyright&quot;:&quot;peter.wicke@greenmac.de&quot;,&quot;focal_length&quot;:&quot;35&quot;,&quot;iso&quot;:&quot;400&quot;,&quot;shutter_speed&quot;:&quot;0.0125&quot;,&quot;title&quot;:&quot;&quot;,&quot;orientation&quot;:&quot;1&quot;}\" data-image-title=\"Waldspaziergang, Schulze_F\u00f6cking, Marc Redemann\" data-image-description=\"\" data-image-caption=\"\" data-large-file=\"https:\/\/i0.wp.com\/forst.igbau.nrw\/wp-content\/uploads\/2017\/04\/Waldspaziergang.jpg?fit=640%2C426\" class=\"wp-image-357 size-large\" src=\"https:\/\/i0.wp.com\/forst.igbau.nrw\/wp-content\/uploads\/2017\/04\/Waldspaziergang.jpg?resize=640%2C426\" alt=\"\" width=\"640\" height=\"426\" srcset=\"https:\/\/i0.wp.com\/forst.igbau.nrw\/wp-content\/uploads\/2017\/04\/Waldspaziergang.jpg?resize=1024%2C682 1024w, https:\/\/i0.wp.com\/forst.igbau.nrw\/wp-content\/uploads\/2017\/04\/Waldspaziergang.jpg?resize=300%2C200 300w, https:\/\/i0.wp.com\/forst.igbau.nrw\/wp-content\/uploads\/2017\/04\/Waldspaziergang.jpg?resize=768%2C512 768w, https:\/\/i0.wp.com\/forst.igbau.nrw\/wp-content\/uploads\/2017\/04\/Waldspaziergang.jpg?w=1280 1280w, https:\/\/i0.wp.com\/forst.igbau.nrw\/wp-content\/uploads\/2017\/04\/Waldspaziergang.jpg?w=1920 1920w\" sizes=\"(max-width: 640px) 100vw, 640px\" \/><\/a><figcaption id=\"caption-attachment-357\" class=\"wp-caption-text\">Marc Redemann im Gespr\u00e4ch mir Christina Schulze-F\u00f6cking<\/figcaption><\/figure>\n<p>Die Landesvertretung NRW, vertreten durch die Kollegen Marc Redemann und Peter Wicke nutzten die kleine Waldexkursion um Frau Schulze-F\u00f6cking \u00fcber die aus Sicht der IGBAU derzeit wichtigsten Inhalte der Forstpolitik und die Belange der Besch\u00e4ftigten im Wald im allgemeinen und bei Wald und Holz NRW im speziellen zu informieren.<\/p>\n<p>Neben den Fragen zur Neufassung des Bundeswaldgesetzes &nbsp;waren die m\u00f6glichen Auswirkungen einer direkten F\u00f6rderung f\u00fcr den Waldbesitz und die Betreuungsarbeit durch die Kolleginnen und Kollegen ein Thema f\u00fcr das Treffen.<\/p>\n<p>Vor dem Hintergrund eines&nbsp;typischen m\u00fcnsterl\u00e4ndischen Waldbestandes mit kleinparzellierten Bestandesfl\u00e4chen und stetig wechselnden Eigentumsverh\u00e4ltnissen konnten die Fragestellungen dazu erl\u00e4utert werden, die IGBAU Landesvertretung stellte dar dass sie&nbsp;in der zuk\u00fcnftigen Ausgestaltung der F\u00f6rderung im Wald eine gro\u00dfe&nbsp;Verantwortung der Landesregierung in NRW sieht um den Fortbestand des bew\u00e4hrten fl\u00e4chendeckenden Betreuungsangebotes f\u00fcr den Waldbesitz zu sichern.<\/p>\n<p>Und wer k\u00f6nnte besser einen unabh\u00e4ngigen hohen Qualit\u00e4tsstandard der forstwirtschaftliche Betreuung im Wald in NRW gew\u00e4hrleisten als die \u00fcber viele Jahre bew\u00e4hrte&nbsp;Einheitsforstverwaltung, so die Argumentation der IGBAU.<\/p>\n<p>Auch die Forderung nach einem verbesserten &#8222;In Wert setzen&#8220; von \u00d6kosystemleistungen des Waldes und die&nbsp;Anerkennung der Allgemeinwohlverpflichtung des Grundeigentums durch die Gesellschaft wurden diskutiert und anhand von Beispielen vor Ort besprochen.<\/p>\n<figure id=\"attachment_358\" aria-describedby=\"caption-attachment-358\" style=\"width: 640px\" class=\"wp-caption aligncenter\"><a href=\"https:\/\/i0.wp.com\/forst.igbau.nrw\/wp-content\/uploads\/2017\/04\/Waldspaziergang_CDU_IGBAU.jpg\"><img data-recalc-dims=\"1\" decoding=\"async\" data-attachment-id=\"358\" data-permalink=\"http:\/\/forst.igbau.nrw\/?attachment_id=358\" data-orig-file=\"https:\/\/i0.wp.com\/forst.igbau.nrw\/wp-content\/uploads\/2017\/04\/Waldspaziergang_CDU_IGBAU.jpg?fit=3540%2C2360\" data-orig-size=\"3540,2360\" data-comments-opened=\"1\" data-image-meta=\"{&quot;aperture&quot;:&quot;10&quot;,&quot;credit&quot;:&quot;PETER _ Wicke&quot;,&quot;camera&quot;:&quot;NIKON D7000&quot;,&quot;caption&quot;:&quot;&quot;,&quot;created_timestamp&quot;:&quot;1493371772&quot;,&quot;copyright&quot;:&quot;peter.wicke@greenmac.de&quot;,&quot;focal_length&quot;:&quot;35&quot;,&quot;iso&quot;:&quot;1600&quot;,&quot;shutter_speed&quot;:&quot;0.01&quot;,&quot;title&quot;:&quot;&quot;,&quot;orientation&quot;:&quot;1&quot;}\" data-image-title=\"Peter Wicke, Christina Schulze-F\u00f6cking, Marc Redemann\" data-image-description=\"\" data-image-caption=\"\" data-large-file=\"https:\/\/i0.wp.com\/forst.igbau.nrw\/wp-content\/uploads\/2017\/04\/Waldspaziergang_CDU_IGBAU.jpg?fit=640%2C427\" class=\"wp-image-358 size-large\" src=\"https:\/\/i0.wp.com\/forst.igbau.nrw\/wp-content\/uploads\/2017\/04\/Waldspaziergang_CDU_IGBAU.jpg?resize=640%2C427\" alt=\"\" width=\"640\" height=\"427\" srcset=\"https:\/\/i0.wp.com\/forst.igbau.nrw\/wp-content\/uploads\/2017\/04\/Waldspaziergang_CDU_IGBAU.jpg?resize=1024%2C683 1024w, https:\/\/i0.wp.com\/forst.igbau.nrw\/wp-content\/uploads\/2017\/04\/Waldspaziergang_CDU_IGBAU.jpg?resize=300%2C200 300w, https:\/\/i0.wp.com\/forst.igbau.nrw\/wp-content\/uploads\/2017\/04\/Waldspaziergang_CDU_IGBAU.jpg?resize=768%2C512 768w, https:\/\/i0.wp.com\/forst.igbau.nrw\/wp-content\/uploads\/2017\/04\/Waldspaziergang_CDU_IGBAU.jpg?w=1280 1280w, https:\/\/i0.wp.com\/forst.igbau.nrw\/wp-content\/uploads\/2017\/04\/Waldspaziergang_CDU_IGBAU.jpg?w=1920 1920w\" sizes=\"(max-width: 640px) 100vw, 640px\" \/><\/a><figcaption id=\"caption-attachment-358\" class=\"wp-caption-text\">Peter Wicke (IGBAU), Christina Schulze-F\u00f6cking (CDU), Marc Redemann (IGBAU)<\/figcaption><\/figure>\n<p>Besonderen Wert legte die Landesvertretung darauf Frau Schulze-F\u00f6cking \u00fcber das Alleinstellungsmerkmal des Landesbetriebes Wald und Holz Nordrhein-Westfalen mit seinen&nbsp;Angeboten in der Ausbildung des Gehobenen und des H\u00f6heren Forstdienstes und auch in der&nbsp;Ausbildung zur Forstwirtin und zum Forstwirt in der forstlichen Berufswelt zu informieren.<\/p>\n<p>Auch zur Sprache kam die bedauernswerte Entwicklung das Kolleginnen und Kollegen in Aus\u00fcbung Ihrer T\u00e4tigkeit f\u00fcr den Wald zunehmend sowohl verbale als auch physische Angriffe erfahren. Hierzu bat die Landesvertretung Frau Schulze-F\u00f6cking sich auf Landesebene daf\u00fcr einzusetzen dass die Initiative zum Schutz vor Angriffen nicht nur den Kolleginnen und Kollegen bei&nbsp;Polizei der&nbsp;Feuerwehr und den Rettungskr\u00e4ften zu Gute kommt.<\/p>\n<p>Nach einem 2 st\u00fcndigen sehr informativen forstlichen Exkurs mit vielen weiteren Themen sprachen sich Frau Schulze-F\u00f6cking und die&nbsp;Landesvertretung NRW daf\u00fcr aus diesen Austausch auch zuk\u00fcnftig&nbsp;fortzusetzen.<\/p>\n<p>&nbsp;<\/p>\n<p>&nbsp;<\/p>\n","protected":false},"excerpt":{"rendered":"<p>Trotz der hohen Termindichte im Wahlkampf fand&nbsp;die IGBAU die M\u00f6glichkeit einen Waldspaziergang und einen damit verbundenen forstpolitischen Austausch mit Frau Schulze-F\u00f6cking zu<\/p>\n<p class=\"link-more\"><a class=\"myButt \" href=\"http:\/\/forst.igbau.nrw\/?p=350\">Weitere Infos &#8230;<\/a><\/p>\n","protected":false},"author":2,"featured_media":361,"comment_status":"open","ping_status":"open","sticky":false,"template":"","format":"standard","meta":{"ngg_post_thumbnail":0,"jetpack_post_was_ever_published":false,"_jetpack_newsletter_access":"","_jetpack_dont_email_post_to_subs":false,"_jetpack_newsletter_tier_id":0,"_jetpack_memberships_contains_paywalled_content":false,"_jetpack_memberships_contains_paid_content":false,"footnotes":"","jetpack_publicize_message":"","jetpack_publicize_feature_enabled":true,"jetpack_social_post_already_shared":false,"jetpack_social_options":{"image_generator_settings":{"template":"highway","default_image_id":0,"font":"","enabled":false},"version":2}},"categories":[4,5,8],"tags":[],"class_list":["post-350","post","type-post","status-publish","format-standard","has-post-thumbnail","hentry","category-forstpolitik","category-forstwirtschaft","category-ig-bau"],"jetpack_publicize_connections":[],"jetpack_featured_media_url":"https:\/\/i0.wp.com\/forst.igbau.nrw\/wp-content\/uploads\/2017\/04\/Waldspaziergang_Weg.jpg?fit=3018%2C2012","jetpack_sharing_enabled":true,"jetpack_shortlink":"https:\/\/wp.me\/p8x7f7-5E","jetpack-related-posts":[],"_links":{"self":[{"href":"http:\/\/forst.igbau.nrw\/index.php?rest_route=\/wp\/v2\/posts\/350","targetHints":{"allow":["GET"]}}],"collection":[{"href":"http:\/\/forst.igbau.nrw\/index.php?rest_route=\/wp\/v2\/posts"}],"about":[{"href":"http:\/\/forst.igbau.nrw\/index.php?rest_route=\/wp\/v2\/types\/post"}],"author":[{"embeddable":true,"href":"http:\/\/forst.igbau.nrw\/index.php?rest_route=\/wp\/v2\/users\/2"}],"replies":[{"embeddable":true,"href":"http:\/\/forst.igbau.nrw\/index.php?rest_route=%2Fwp%2Fv2%2Fcomments&post=350"}],"version-history":[{"count":10,"href":"http:\/\/forst.igbau.nrw\/index.php?rest_route=\/wp\/v2\/posts\/350\/revisions"}],"predecessor-version":[{"id":367,"href":"http:\/\/forst.igbau.nrw\/index.php?rest_route=\/wp\/v2\/posts\/350\/revisions\/367"}],"wp:featuredmedia":[{"embeddable":true,"href":"http:\/\/forst.igbau.nrw\/index.php?rest_route=\/wp\/v2\/media\/361"}],"wp:attachment":[{"href":"http:\/\/forst.igbau.nrw\/index.php?rest_route=%2Fwp%2Fv2%2Fmedia&parent=350"}],"wp:term":[{"taxonomy":"category","embeddable":true,"href":"http:\/\/forst.igbau.nrw\/index.php?rest_route=%2Fwp%2Fv2%2Fcategories&post=350"},{"taxonomy":"post_tag","embeddable":true,"href":"http:\/\/forst.igbau.nrw\/index.php?rest_route=%2Fwp%2Fv2%2Ftags&post=350"}],"curies":[{"name":"wp","href":"https:\/\/api.w.org\/{rel}","templated":true}]}}