{"id":368,"date":"2017-05-02T14:53:37","date_gmt":"2017-05-02T14:53:37","guid":{"rendered":"http:\/\/forst.igbau.nrw\/?p=368"},"modified":"2017-05-02T14:53:37","modified_gmt":"2017-05-02T14:53:37","slug":"erster-aufschlag-eines-forstlichen-informationsaustausches","status":"publish","type":"post","link":"http:\/\/forst.igbau.nrw\/?p=368","title":{"rendered":"Erster Aufschlag eines forstlichen Informationsaustausches."},"content":{"rendered":"<p>Kurz vor dem Endspurt zu den Landtagswahlen in NRW konnten wir am 29.04.2017 mit Kandidaten von &#8222;Die Linke&#8220; ein Gespr\u00e4ch \u00fcber das Thema Wald im Landtagswahlkampf f\u00fcr NRW f\u00fchren. Die M\u00f6glichkeit wurde genutzt um auf die aktuellen und mittelfristigen Fragestellungen zum komplexen und umfangreichen Thema Wald zu sprechen. Asli Nau, Petra Willemsen und Erich Burmeister von &#8222;Die Linke&#8220; zeigten sich sehr interessiert an den Informationen \u00fcber unsere Forderung zum unbedingten Erhalt der Einheitsforstverwaltung in NRW, zum Angebot von Wald und Holz NRW in der forstlichen Ausbildung, zu den m\u00f6glichen Auswirkungen einer direkten F\u00f6rderung im Wald und unseren Mindestanforderungen zu den forstlichen, arbeitsrechtlichen und sozialen Standards die wir f\u00fcr den \u00a0Wettbewerb im Wald erwarten.<\/p>\n<p>Obwohl zum Teil Inhalte aus dem Wahlprogramm von &#8222;Die Linke&#8220;durch die Landesvertretung grunds\u00e4tzlich begr\u00fc\u00dft werden k\u00f6nnen, wie z.B. die Forderung mehr Personal in den Forstbeh\u00f6rden einzustellen, die F\u00f6rderung Naturnaher Mischw\u00e4lder, sowie die Einf\u00fchrung von verbindlichen Standards f\u00fcr natur-, umwelt- und klimavertr\u00e4gliche sowie nachhaltige Forstwirtschaft gesetzlich zu verankern\u2026.\u00a0stellten wir die Frage warum die Forderung nach einer Integration des Nationalparks Eifel als Sonderbeh\u00f6rde in das Landesamt f\u00fcr Naturschutz, Umwelt und Verbraucherschutz im Wahlprogramm der Partei steht, obwohl Wald und Holz NRW und die dort besch\u00e4ftigten Kolleginnen und Kollegen seit der Gr\u00fcndung des Nationalparks in der Eifel bewiesen haben dass sie der Aufgabe voll und ganz gerecht werden und mit sehr gro\u00dfen Engagement eine hohe Akzeptanz in der Bev\u00f6lkerung und bei Fachleuten erfahren.<\/p>\n<p>Auch \u00fcber jagdliche und naturschutzfachliche Themen wurden die zum Teil unterschiedlichen Auffassungen \u00a0ausgetauscht und m\u00fcndeten abschlie\u00dfend \u00a0in einem Angebot der\u00a0Landesvertretung bei einem weiteren Termin im Laufe des Jahres im Zuge\u00a0einer forstlichen Exkursion diese\u00a0Inhalte fachlich\u00a0zu diskutieren.<\/p>\n<p>Diese Angebote nahmen die Kandidatinnen und Kandidaten von &#8222;Die Linke&#8220; gerne an.<\/p>\n","protected":false},"excerpt":{"rendered":"<p>Kurz vor dem Endspurt zu den Landtagswahlen in NRW konnten wir am 29.04.2017 mit Kandidaten von &#8222;Die Linke&#8220; ein Gespr\u00e4ch \u00fcber das<\/p>\n<p class=\"link-more\"><a class=\"myButt \" href=\"http:\/\/forst.igbau.nrw\/?p=368\">Weitere Infos &#8230;<\/a><\/p>\n","protected":false},"author":2,"featured_media":324,"comment_status":"open","ping_status":"open","sticky":false,"template":"","format":"standard","meta":{"ngg_post_thumbnail":0,"jetpack_post_was_ever_published":false,"_jetpack_newsletter_access":"","_jetpack_dont_email_post_to_subs":false,"_jetpack_newsletter_tier_id":0,"_jetpack_memberships_contains_paywalled_content":false,"_jetpack_memberships_contains_paid_content":false,"footnotes":"","jetpack_publicize_message":"","jetpack_publicize_feature_enabled":true,"jetpack_social_post_already_shared":false,"jetpack_social_options":{"image_generator_settings":{"template":"highway","default_image_id":0,"font":"","enabled":false},"version":2}},"categories":[4,8],"tags":[],"class_list":["post-368","post","type-post","status-publish","format-standard","has-post-thumbnail","hentry","category-forstpolitik","category-ig-bau"],"jetpack_publicize_connections":[],"jetpack_featured_media_url":"https:\/\/i0.wp.com\/forst.igbau.nrw\/wp-content\/uploads\/2017\/03\/logo_igbau_original_gross-e1491225332768.png?fit=745%2C288","jetpack_sharing_enabled":true,"jetpack_shortlink":"https:\/\/wp.me\/p8x7f7-5W","jetpack-related-posts":[],"_links":{"self":[{"href":"http:\/\/forst.igbau.nrw\/index.php?rest_route=\/wp\/v2\/posts\/368","targetHints":{"allow":["GET"]}}],"collection":[{"href":"http:\/\/forst.igbau.nrw\/index.php?rest_route=\/wp\/v2\/posts"}],"about":[{"href":"http:\/\/forst.igbau.nrw\/index.php?rest_route=\/wp\/v2\/types\/post"}],"author":[{"embeddable":true,"href":"http:\/\/forst.igbau.nrw\/index.php?rest_route=\/wp\/v2\/users\/2"}],"replies":[{"embeddable":true,"href":"http:\/\/forst.igbau.nrw\/index.php?rest_route=%2Fwp%2Fv2%2Fcomments&post=368"}],"version-history":[{"count":1,"href":"http:\/\/forst.igbau.nrw\/index.php?rest_route=\/wp\/v2\/posts\/368\/revisions"}],"predecessor-version":[{"id":369,"href":"http:\/\/forst.igbau.nrw\/index.php?rest_route=\/wp\/v2\/posts\/368\/revisions\/369"}],"wp:featuredmedia":[{"embeddable":true,"href":"http:\/\/forst.igbau.nrw\/index.php?rest_route=\/wp\/v2\/media\/324"}],"wp:attachment":[{"href":"http:\/\/forst.igbau.nrw\/index.php?rest_route=%2Fwp%2Fv2%2Fmedia&parent=368"}],"wp:term":[{"taxonomy":"category","embeddable":true,"href":"http:\/\/forst.igbau.nrw\/index.php?rest_route=%2Fwp%2Fv2%2Fcategories&post=368"},{"taxonomy":"post_tag","embeddable":true,"href":"http:\/\/forst.igbau.nrw\/index.php?rest_route=%2Fwp%2Fv2%2Ftags&post=368"}],"curies":[{"name":"wp","href":"https:\/\/api.w.org\/{rel}","templated":true}]}}