{"id":37,"date":"2015-05-13T21:54:18","date_gmt":"2015-05-13T21:54:18","guid":{"rendered":"http:\/\/forst.igbau.nrw\/?p=37"},"modified":"2017-03-24T18:55:03","modified_gmt":"2017-03-24T18:55:03","slug":"laubholznutzung","status":"publish","type":"post","link":"http:\/\/forst.igbau.nrw\/?p=37","title":{"rendered":"Laubholznutzung"},"content":{"rendered":"<div class=\"page\" title=\"Page 1\">\n<div class=\"layoutArea\">\n<div class=\"column\">\n<h4>Minister Johannes Remmel : \u201eNeue Perspektiven\u00a0f\u00fcr die Ressource Laubholz\u201c<\/h4>\n<div><\/div>\n<\/div>\n<div>Auf der LIGNA in Hannover pr\u00e4sentierte Herr Minister Remmel im Rahmen einer Podiumsdiskussion die aktuelle Studie zur Ressource Laubholz.<br \/>\nNordrhein-Westfalen als Bundesland mit der relativ gr\u00f6\u00dften Laubwaldfl\u00e4che zielt mit der Studie auf eine gr\u00f6\u00dfere Wertsch\u00f6pfungsrate bei der stofflichen Nutzung von Laubholz, einer Steigerung des aktuellen Rohholzangebotes und einer Sicherung und St\u00e4rkung der Wettbewerbs- und Zukunftsf\u00e4higkeit des Laubholzclusters in NRW ab.<\/div>\n<p>Die bedingt durch eine zunehmende Globalisierung in den letzten Jahren Erfolgten starken Ver\u00e4nderungen in der Nachfrage und im Angebot von Laubholz, f\u00fchren zu einem anhaltenden Strukturwandel mit sinkenden Ums\u00e4tzen und einer Verringerung von Betrieben in der verarbeitenden Holzindustrie.<br \/>\nUnd dies trotz einer stetigen Zunahme des Laubholzeinschlages in den letzten 10 Jahren um ca. 50%. Wobei diese Zunahme jedoch leider in der Masse der Nachfrage nach Energieholz zu Gute kam.<br \/>\nDie Studie sieht vor diesem Hintergrund unter anderem die Erfordernis<br \/>\ndie Rohstoffmengen f\u00fcr das Laubholz in NRW zu erh\u00f6hen um die auch zuk\u00fcnftig steigende Nachfrage an Laubholz befriedigen zu k\u00f6nnen.<\/p>\n<div class=\"column\">\n<p>Hier die dazugeh\u00f6rige Pressemitteilung von Wald und Holz NRW und der Link zur Studie.<\/p>\n<\/div>\n<p><a href=\"https:\/\/www.wald-und-holz.nrw.de\/fileadmin\/Presse\/Dokumente\/150508_Laubholz_pressemitteilung_Studie_LIGNA.pdf\">https:\/\/www.wald-und-holz.nrw.de\/fileadmin\/Presse\/Dokumente\/150508_Laubholz_pressemitteilung_Studie_LIGNA.pdf<\/a><\/p>\n<p><a href=\"https:\/\/www.wald-und-holz.nrw.de\/fileadmin\/Presse\/Dokumente\/2015-04-30_Laubholzstudie_Wald_NRW_UNIQUE.pdf\">https:\/\/www.wald-und-holz.nrw.de\/fileadmin\/Presse\/Dokumente\/2015-04-30_Laubholzstudie_Wald_NRW_UNIQUE.pdf<\/a><\/p>\n<\/div>\n<\/div>\n","protected":false},"excerpt":{"rendered":"<p>Minister Johannes Remmel : \u201eNeue Perspektiven\u00a0f\u00fcr die Ressource Laubholz\u201c Auf der LIGNA in Hannover pr\u00e4sentierte Herr Minister Remmel im Rahmen einer Podiumsdiskussion<\/p>\n<p class=\"link-more\"><a class=\"myButt \" href=\"http:\/\/forst.igbau.nrw\/?p=37\">Weitere Infos &#8230;<\/a><\/p>\n","protected":false},"author":1,"featured_media":268,"comment_status":"open","ping_status":"open","sticky":false,"template":"","format":"image","meta":{"ngg_post_thumbnail":0,"jetpack_post_was_ever_published":false,"_jetpack_newsletter_access":"","_jetpack_dont_email_post_to_subs":true,"_jetpack_newsletter_tier_id":0,"_jetpack_memberships_contains_paywalled_content":false,"_jetpack_memberships_contains_paid_content":false,"footnotes":"","jetpack_publicize_message":"","jetpack_publicize_feature_enabled":true,"jetpack_social_post_already_shared":false,"jetpack_social_options":{"image_generator_settings":{"template":"highway","default_image_id":0,"font":"","enabled":false},"version":2}},"categories":[5],"tags":[],"class_list":["post-37","post","type-post","status-publish","format-image","has-post-thumbnail","hentry","category-forstwirtschaft","post_format-post-format-image"],"jetpack_publicize_connections":[],"jetpack_featured_media_url":"https:\/\/i0.wp.com\/forst.igbau.nrw\/wp-content\/uploads\/2015\/05\/Laubholzstudie_Remmel_Ligna_2015.jpg?fit=2592%2C1936","jetpack_sharing_enabled":true,"jetpack_shortlink":"https:\/\/wp.me\/p8x7f7-B","jetpack-related-posts":[],"_links":{"self":[{"href":"http:\/\/forst.igbau.nrw\/index.php?rest_route=\/wp\/v2\/posts\/37","targetHints":{"allow":["GET"]}}],"collection":[{"href":"http:\/\/forst.igbau.nrw\/index.php?rest_route=\/wp\/v2\/posts"}],"about":[{"href":"http:\/\/forst.igbau.nrw\/index.php?rest_route=\/wp\/v2\/types\/post"}],"author":[{"embeddable":true,"href":"http:\/\/forst.igbau.nrw\/index.php?rest_route=\/wp\/v2\/users\/1"}],"replies":[{"embeddable":true,"href":"http:\/\/forst.igbau.nrw\/index.php?rest_route=%2Fwp%2Fv2%2Fcomments&post=37"}],"version-history":[{"count":10,"href":"http:\/\/forst.igbau.nrw\/index.php?rest_route=\/wp\/v2\/posts\/37\/revisions"}],"predecessor-version":[{"id":247,"href":"http:\/\/forst.igbau.nrw\/index.php?rest_route=\/wp\/v2\/posts\/37\/revisions\/247"}],"wp:featuredmedia":[{"embeddable":true,"href":"http:\/\/forst.igbau.nrw\/index.php?rest_route=\/wp\/v2\/media\/268"}],"wp:attachment":[{"href":"http:\/\/forst.igbau.nrw\/index.php?rest_route=%2Fwp%2Fv2%2Fmedia&parent=37"}],"wp:term":[{"taxonomy":"category","embeddable":true,"href":"http:\/\/forst.igbau.nrw\/index.php?rest_route=%2Fwp%2Fv2%2Fcategories&post=37"},{"taxonomy":"post_tag","embeddable":true,"href":"http:\/\/forst.igbau.nrw\/index.php?rest_route=%2Fwp%2Fv2%2Ftags&post=37"}],"curies":[{"name":"wp","href":"https:\/\/api.w.org\/{rel}","templated":true}]}}