{"id":371,"date":"2017-05-04T21:05:30","date_gmt":"2017-05-04T21:05:30","guid":{"rendered":"http:\/\/forst.igbau.nrw\/?p=371"},"modified":"2017-05-05T09:07:20","modified_gmt":"2017-05-05T09:07:20","slug":"igbau-und-grossprivatwald-trifft-auf-politik","status":"publish","type":"post","link":"http:\/\/forst.igbau.nrw\/?p=371","title":{"rendered":"IGBAU trifft im Gro\u00dfprivatwald auf Politik"},"content":{"rendered":"<p>Im Zuge der Gespr\u00e4che mit den Parteien zur Landtagswahl in NRW fand am 04.05.2017 in Burgsteinfurt ein Treffen mit dem MDL Norwich R\u00fc\u00dfe (B\u00fcndnis90\/Die Gr\u00fcnen) statt. Die Landesvertretung in Person von Stefan D\u00f6rr, Marc Redemann und Peter Wicke stellten bei dieser Gelegenheit die derzeit wichtigsten Forderungen der IG BAU Landesvertretung Forst und Naturschutz dar.<\/p>\n<p>Dazu geh\u00f6rte die eindeutige Forderung an die Politik die bew\u00e4hrte Einheitsforstverwaltung zu erhalten. Untermauert wurde diese Forderung mit Argumenten wie der Sicherstellung eines unabh\u00e4ngigen fl\u00e4chendeckenden Betreungs- und Dienstleistungsangebot im Wald, der Gew\u00e4hrleistung von zertifizierten Standards, sowohl im Forstlichen, im Organisatorischen als auch im Betrieblichen, an dieser Stelle stehen vor allem die Beschreibung der Arbeitsabl\u00e4ufe (ISO) sowie die geltenden Tarifrechtlichen Vorgaben und Vergabe- und Antikorruptionsregeln.<\/p>\n<p>Die Landesvertretung der IG BAU in NRW bekr\u00e4ftigte, wie bereits im Wahlkampf 2012, ihre klare Ablehnung gegen\u00fcber den Pl\u00e4nen aus dem Koalitionsvertrag der Landesregierung \u00a0den landeseigenen Wald in eine Stiftung bzw. in einen \u201eB\u00fcrgerwald\u201c zu \u00fcberf\u00fchren und lehnt eine Fortsetzung dieser Planungen kategorisch ab.<\/p>\n<p>Im Anschluss an das Gespr\u00e4ch bestand die M\u00f6glichkeit unter der Leitung von Herrn Henning Buss im angrenzenden Wald des F\u00fcrsten zu Bentheim und Steinfurt in Begleitung von Carl Ferdinand Erbprinz zu Bentheim und Steinfurt sowie dem zust\u00e4ndigen Revierleiter Herrn Olaf Hoffmann eine kurze forstliche Exkursion durchzuf\u00fchren.<\/p>\n<figure id=\"attachment_373\" aria-describedby=\"caption-attachment-373\" style=\"width: 640px\" class=\"wp-caption aligncenter\"><img data-recalc-dims=\"1\" fetchpriority=\"high\" decoding=\"async\" data-attachment-id=\"373\" data-permalink=\"http:\/\/forst.igbau.nrw\/?attachment_id=373\" data-orig-file=\"https:\/\/i0.wp.com\/forst.igbau.nrw\/wp-content\/uploads\/2017\/05\/Waldspaziergang_Steinfurt_R%C3%BC%C3%9Fe.jpg?fit=4198%2C2797\" data-orig-size=\"4198,2797\" data-comments-opened=\"1\" data-image-meta=\"{&quot;aperture&quot;:&quot;5.6&quot;,&quot;credit&quot;:&quot;PETER _ Wicke&quot;,&quot;camera&quot;:&quot;NIKON D7000&quot;,&quot;caption&quot;:&quot;&quot;,&quot;created_timestamp&quot;:&quot;1493924909&quot;,&quot;copyright&quot;:&quot;peter.wicke@greenmac.de&quot;,&quot;focal_length&quot;:&quot;35&quot;,&quot;iso&quot;:&quot;400&quot;,&quot;shutter_speed&quot;:&quot;0.016666666666667&quot;,&quot;title&quot;:&quot;&quot;,&quot;orientation&quot;:&quot;1&quot;}\" data-image-title=\"Waldspaziergang_Steinfurt_R\u00fc\u00dfe\" data-image-description=\"\" data-image-caption=\"&lt;p&gt;Die Kollegen D\u00f6rr und Redemann im Gespr\u00e4ch mit Herrn Norwich F\u00fc\u00dfe und Erbprinz Carl Ferdinand zu Bentheim und Steinfurt &lt;\/p&gt;\n\" data-large-file=\"https:\/\/i0.wp.com\/forst.igbau.nrw\/wp-content\/uploads\/2017\/05\/Waldspaziergang_Steinfurt_R%C3%BC%C3%9Fe.jpg?fit=640%2C426\" class=\"size-large wp-image-373\" src=\"https:\/\/i0.wp.com\/forst.igbau.nrw\/wp-content\/uploads\/2017\/05\/Waldspaziergang_Steinfurt_R%C3%BC%C3%9Fe.jpg?resize=640%2C426\" alt=\"\" width=\"640\" height=\"426\" srcset=\"https:\/\/i0.wp.com\/forst.igbau.nrw\/wp-content\/uploads\/2017\/05\/Waldspaziergang_Steinfurt_R%C3%BC%C3%9Fe.jpg?resize=1024%2C682 1024w, https:\/\/i0.wp.com\/forst.igbau.nrw\/wp-content\/uploads\/2017\/05\/Waldspaziergang_Steinfurt_R%C3%BC%C3%9Fe.jpg?resize=300%2C200 300w, https:\/\/i0.wp.com\/forst.igbau.nrw\/wp-content\/uploads\/2017\/05\/Waldspaziergang_Steinfurt_R%C3%BC%C3%9Fe.jpg?resize=768%2C512 768w, https:\/\/i0.wp.com\/forst.igbau.nrw\/wp-content\/uploads\/2017\/05\/Waldspaziergang_Steinfurt_R%C3%BC%C3%9Fe.jpg?w=1280 1280w, https:\/\/i0.wp.com\/forst.igbau.nrw\/wp-content\/uploads\/2017\/05\/Waldspaziergang_Steinfurt_R%C3%BC%C3%9Fe.jpg?w=1920 1920w\" sizes=\"(max-width: 640px) 100vw, 640px\" \/><figcaption id=\"caption-attachment-373\" class=\"wp-caption-text\">(von rechts) Die Kollegen Stefan D\u00f6rr (IGBAU) und Marc Redemann (IGBAU) im Gespr\u00e4ch mit \u00a0Erbprinz Carl Ferdinand zu Bentheim und Steinfurt und Norwich R\u00fc\u00dfe (MDL, B\u00fcndnis 90\/Die Gr\u00fcnen)<\/figcaption><\/figure>\n<p>&nbsp;<\/p>\n<p>Auf der Runde durch das \u201eBagno\u201c genannte Waldgebiet wurden durch die Beteiligten anhand der Waldbilder sowohl waldbauliche als auch forstfachliche Themen angesprochen.<\/p>\n<p>Insbesondere das in Wert setzen von \u00d6kosystemleistungen f\u00fcr den Waldbesitz, Naturschutzfachliche Fragestellungen und die aktuelle Problematik des Forstschutzes wie\u00a0das Absterben von Eschenbest\u00e4nden und der Befall der Eiche mit dem Eichenprachtk\u00e4fer wurden diskutiert.<\/p>\n<p>Die Landesvertretung erl\u00e4uterte an diesen Beispielen Ihren Standpunkt f\u00fcr eine st\u00e4rkere Verantwortung von Wald und Holz NRW\u00a0 f\u00fcr den Naturschutz im Wald.<\/p>\n<figure id=\"attachment_374\" aria-describedby=\"caption-attachment-374\" style=\"width: 640px\" class=\"wp-caption aligncenter\"><img data-recalc-dims=\"1\" decoding=\"async\" data-attachment-id=\"374\" data-permalink=\"http:\/\/forst.igbau.nrw\/?attachment_id=374\" data-orig-file=\"https:\/\/i0.wp.com\/forst.igbau.nrw\/wp-content\/uploads\/2017\/05\/Waldspaziergang_R%C3%BC%C3%9Fe_Steinfurt_D%C3%B6rr_Buss_.jpg?fit=3841%2C2560\" data-orig-size=\"3841,2560\" data-comments-opened=\"1\" data-image-meta=\"{&quot;aperture&quot;:&quot;2.8&quot;,&quot;credit&quot;:&quot;PETER _ Wicke&quot;,&quot;camera&quot;:&quot;NIKON D7000&quot;,&quot;caption&quot;:&quot;&quot;,&quot;created_timestamp&quot;:&quot;1493923834&quot;,&quot;copyright&quot;:&quot;peter.wicke@greenmac.de&quot;,&quot;focal_length&quot;:&quot;35&quot;,&quot;iso&quot;:&quot;720&quot;,&quot;shutter_speed&quot;:&quot;0.016666666666667&quot;,&quot;title&quot;:&quot;&quot;,&quot;orientation&quot;:&quot;1&quot;}\" data-image-title=\"Waldspaziergang_R\u00fc\u00dfe_Steinfurt_D\u00f6rr_Buss_\" data-image-description=\"\" data-image-caption=\"&lt;p&gt;Henning Buss von der F\u00fcrst zu Bentheimschen Dom\u00e4nenkammer erl\u00e4utert den Teilnehmern das Waldbild .&lt;\/p&gt;\n\" data-large-file=\"https:\/\/i0.wp.com\/forst.igbau.nrw\/wp-content\/uploads\/2017\/05\/Waldspaziergang_R%C3%BC%C3%9Fe_Steinfurt_D%C3%B6rr_Buss_.jpg?fit=640%2C426\" class=\"size-large wp-image-374\" src=\"https:\/\/i0.wp.com\/forst.igbau.nrw\/wp-content\/uploads\/2017\/05\/Waldspaziergang_R%C3%BC%C3%9Fe_Steinfurt_D%C3%B6rr_Buss_.jpg?resize=640%2C426\" alt=\"\" width=\"640\" height=\"426\" srcset=\"https:\/\/i0.wp.com\/forst.igbau.nrw\/wp-content\/uploads\/2017\/05\/Waldspaziergang_R%C3%BC%C3%9Fe_Steinfurt_D%C3%B6rr_Buss_.jpg?resize=1024%2C682 1024w, https:\/\/i0.wp.com\/forst.igbau.nrw\/wp-content\/uploads\/2017\/05\/Waldspaziergang_R%C3%BC%C3%9Fe_Steinfurt_D%C3%B6rr_Buss_.jpg?resize=300%2C200 300w, https:\/\/i0.wp.com\/forst.igbau.nrw\/wp-content\/uploads\/2017\/05\/Waldspaziergang_R%C3%BC%C3%9Fe_Steinfurt_D%C3%B6rr_Buss_.jpg?resize=768%2C512 768w, https:\/\/i0.wp.com\/forst.igbau.nrw\/wp-content\/uploads\/2017\/05\/Waldspaziergang_R%C3%BC%C3%9Fe_Steinfurt_D%C3%B6rr_Buss_.jpg?w=1280 1280w, https:\/\/i0.wp.com\/forst.igbau.nrw\/wp-content\/uploads\/2017\/05\/Waldspaziergang_R%C3%BC%C3%9Fe_Steinfurt_D%C3%B6rr_Buss_.jpg?w=1920 1920w\" sizes=\"(max-width: 640px) 100vw, 640px\" \/><figcaption id=\"caption-attachment-374\" class=\"wp-caption-text\">Henning Buss von der F\u00fcrst zu Bentheimschen Dom\u00e4nenkammer erl\u00e4utert das Waldbild .<\/figcaption><\/figure>\n<p>&nbsp;<\/p>\n<p>Nach gut 2 Stunden endete der sehr interessante und informative fachliche Exkurs. Die Landesvertretung bedankte sich bei den Beteiligten f\u00fcr den Fachlichen Austausch und der M\u00f6glichkeit vor der Landtagswahl noch einmal konzentriert unsere Vorstellungen f\u00fcr den Wald und die hier Besch\u00e4ftigten diskutieren zu k\u00f6nnen.<\/p>\n<p>&nbsp;<\/p>\n<p>&nbsp;<\/p>\n<p>&nbsp;<\/p>\n<p>&nbsp;<\/p>\n","protected":false},"excerpt":{"rendered":"<p>Im Zuge der Gespr\u00e4che mit den Parteien zur Landtagswahl in NRW fand am 04.05.2017 in Burgsteinfurt ein Treffen mit dem MDL Norwich<\/p>\n<p class=\"link-more\"><a class=\"myButt \" href=\"http:\/\/forst.igbau.nrw\/?p=371\">Weitere Infos &#8230;<\/a><\/p>\n","protected":false},"author":2,"featured_media":372,"comment_status":"open","ping_status":"open","sticky":false,"template":"","format":"standard","meta":{"ngg_post_thumbnail":0,"jetpack_post_was_ever_published":false,"_jetpack_newsletter_access":"","_jetpack_dont_email_post_to_subs":false,"_jetpack_newsletter_tier_id":0,"_jetpack_memberships_contains_paywalled_content":false,"_jetpack_memberships_contains_paid_content":false,"footnotes":"","jetpack_publicize_message":"","jetpack_publicize_feature_enabled":true,"jetpack_social_post_already_shared":false,"jetpack_social_options":{"image_generator_settings":{"template":"highway","default_image_id":0,"font":"","enabled":false},"version":2}},"categories":[11,4,5,8],"tags":[],"class_list":["post-371","post","type-post","status-publish","format-standard","has-post-thumbnail","hentry","category-exkursionen","category-forstpolitik","category-forstwirtschaft","category-ig-bau"],"jetpack_publicize_connections":[],"jetpack_featured_media_url":"https:\/\/i0.wp.com\/forst.igbau.nrw\/wp-content\/uploads\/2017\/05\/Waldspaziergang_R%C3%BC%C3%9Fe_Steinfurt_Hoffmann_Redemann.jpg?fit=3571%2C2380","jetpack_sharing_enabled":true,"jetpack_shortlink":"https:\/\/wp.me\/p8x7f7-5Z","jetpack-related-posts":[],"_links":{"self":[{"href":"http:\/\/forst.igbau.nrw\/index.php?rest_route=\/wp\/v2\/posts\/371","targetHints":{"allow":["GET"]}}],"collection":[{"href":"http:\/\/forst.igbau.nrw\/index.php?rest_route=\/wp\/v2\/posts"}],"about":[{"href":"http:\/\/forst.igbau.nrw\/index.php?rest_route=\/wp\/v2\/types\/post"}],"author":[{"embeddable":true,"href":"http:\/\/forst.igbau.nrw\/index.php?rest_route=\/wp\/v2\/users\/2"}],"replies":[{"embeddable":true,"href":"http:\/\/forst.igbau.nrw\/index.php?rest_route=%2Fwp%2Fv2%2Fcomments&post=371"}],"version-history":[{"count":4,"href":"http:\/\/forst.igbau.nrw\/index.php?rest_route=\/wp\/v2\/posts\/371\/revisions"}],"predecessor-version":[{"id":378,"href":"http:\/\/forst.igbau.nrw\/index.php?rest_route=\/wp\/v2\/posts\/371\/revisions\/378"}],"wp:featuredmedia":[{"embeddable":true,"href":"http:\/\/forst.igbau.nrw\/index.php?rest_route=\/wp\/v2\/media\/372"}],"wp:attachment":[{"href":"http:\/\/forst.igbau.nrw\/index.php?rest_route=%2Fwp%2Fv2%2Fmedia&parent=371"}],"wp:term":[{"taxonomy":"category","embeddable":true,"href":"http:\/\/forst.igbau.nrw\/index.php?rest_route=%2Fwp%2Fv2%2Fcategories&post=371"},{"taxonomy":"post_tag","embeddable":true,"href":"http:\/\/forst.igbau.nrw\/index.php?rest_route=%2Fwp%2Fv2%2Ftags&post=371"}],"curies":[{"name":"wp","href":"https:\/\/api.w.org\/{rel}","templated":true}]}}