{"id":390,"date":"2017-05-23T14:01:24","date_gmt":"2017-05-23T14:01:24","guid":{"rendered":"http:\/\/forst.igbau.nrw\/?p=390"},"modified":"2017-05-23T14:04:07","modified_gmt":"2017-05-23T14:04:07","slug":"der-beitrag-der-forst-und-holzwirtschaft-zur-nachhaltigen-entwicklung","status":"publish","type":"post","link":"http:\/\/forst.igbau.nrw\/?p=390","title":{"rendered":"Der Beitrag der Forst- und Holzwirtschaft zur nachhaltigen Entwicklung"},"content":{"rendered":"<p>Auf der LIGNA in Hannover finden\u00a0neben\u00a0den Produkt Pr\u00e4sentation der internationalen Firmen in der Halle 26 anhand des Wood Industry Summit Vortr\u00e4ge \u00a0der forstlichen und holzwirtschaftlichen\u00a0\u00a0Prim\u00e4rindustrie statt.<\/p>\n<p>Anhand\u00a0t\u00e4glich wechselnder Schwerpunkte wird der Fokus auf verschiedene\u00a0Themenbereiche gelegt, die die Branche weltweit bewegen.<\/p>\n<p>Am 22.05.2017 erfolgte\u00a0dazu eine Vortragsreihe mit anschlie\u00dfender Podiumsdiskussion zum Thema &#8222;Der Beitrag der Forst- und Holzwirtschaft zur nachhaltigen Entwicklung&#8220;.<\/p>\n<p>Gerade das Bauen mit Holz in den urbanen R\u00e4umen soll einen sp\u00fcrbaren Beitrag zur nachhaltigen Stadtentwicklung leisten. Dazu pr\u00e4sentierte\u00a0Ass. Prof. Dr. Tobias Schauerten der \u00a0Linnaeus University V\u00e4xj\u00f6, Faculty of Technology in Schweden eine\u00a0Schwedische Holzbaustrategie \u00a0und deren Erfahrungen und weitere Entwicklungsm\u00f6glichkeiten.<\/p>\n<p><img data-recalc-dims=\"1\" fetchpriority=\"high\" decoding=\"async\" data-attachment-id=\"392\" data-permalink=\"http:\/\/forst.igbau.nrw\/?attachment_id=392\" data-orig-file=\"https:\/\/i0.wp.com\/forst.igbau.nrw\/wp-content\/uploads\/2017\/05\/PEW5065.jpg?fit=4928%2C3264\" data-orig-size=\"4928,3264\" data-comments-opened=\"1\" data-image-meta=\"{&quot;aperture&quot;:&quot;6.3&quot;,&quot;credit&quot;:&quot;PETER _ Wicke&quot;,&quot;camera&quot;:&quot;NIKON D7000&quot;,&quot;caption&quot;:&quot;&quot;,&quot;created_timestamp&quot;:&quot;1495466875&quot;,&quot;copyright&quot;:&quot;peter.wicke@greenmac.de&quot;,&quot;focal_length&quot;:&quot;35&quot;,&quot;iso&quot;:&quot;560&quot;,&quot;shutter_speed&quot;:&quot;0.01&quot;,&quot;title&quot;:&quot;&quot;,&quot;orientation&quot;:&quot;1&quot;}\" data-image-title=\"Podiumsdiskussion zum Thema Der Beitrag der Forst- und Holzwirtschaft zur nachhaltigen Entwicklung\" data-image-description=\"\" data-image-caption=\"\" data-large-file=\"https:\/\/i0.wp.com\/forst.igbau.nrw\/wp-content\/uploads\/2017\/05\/PEW5065.jpg?fit=640%2C424\" class=\"aligncenter size-large wp-image-392\" src=\"https:\/\/i0.wp.com\/forst.igbau.nrw\/wp-content\/uploads\/2017\/05\/PEW5065.jpg?resize=640%2C424\" alt=\"\" width=\"640\" height=\"424\" srcset=\"https:\/\/i0.wp.com\/forst.igbau.nrw\/wp-content\/uploads\/2017\/05\/PEW5065.jpg?resize=1024%2C678 1024w, https:\/\/i0.wp.com\/forst.igbau.nrw\/wp-content\/uploads\/2017\/05\/PEW5065.jpg?resize=300%2C199 300w, https:\/\/i0.wp.com\/forst.igbau.nrw\/wp-content\/uploads\/2017\/05\/PEW5065.jpg?resize=768%2C509 768w, https:\/\/i0.wp.com\/forst.igbau.nrw\/wp-content\/uploads\/2017\/05\/PEW5065.jpg?w=1280 1280w, https:\/\/i0.wp.com\/forst.igbau.nrw\/wp-content\/uploads\/2017\/05\/PEW5065.jpg?w=1920 1920w\" sizes=\"(max-width: 640px) 100vw, 640px\" \/><\/p>\n<p>Weitere Referenten waren:\u00a0 Prof. Dr. Arno Fr\u00fchwald (Dr. Marcus Knauf, Knauf Consulting, Bielefeld) zum Thema &#8222;Analyse der Klimaschutzleistungen auf lokaler Ebene&#8220;, Hubert Kaiser, (MKULNV NRW) \u00a0zum Thema &#8222;Der Klimaschutzplan NRW und Perspektiven f\u00fcr die Forst- und Holzwirtschaft in Nordrhein-Westfalen&#8220; und\u00a0Clemens Neumann (\u00a0Bundesministerium f\u00fcr Ern\u00e4hrung und Landwirtschaft) erl\u00e4uterte den\u00a0Klimaschutzplan 2050 der Bundesregierung und die \u00a0<a href=\"http:\/\/www.charta-fuer-holz.de\/\">Charta f\u00fcr Holz 2.0<\/a><\/p>\n","protected":false},"excerpt":{"rendered":"<p>Auf der LIGNA in Hannover finden\u00a0neben\u00a0den Produkt Pr\u00e4sentation der internationalen Firmen in der Halle 26 anhand des Wood Industry Summit Vortr\u00e4ge \u00a0der<\/p>\n<p class=\"link-more\"><a class=\"myButt \" href=\"http:\/\/forst.igbau.nrw\/?p=390\">Weitere Infos &#8230;<\/a><\/p>\n","protected":false},"author":2,"featured_media":391,"comment_status":"open","ping_status":"open","sticky":false,"template":"","format":"standard","meta":{"ngg_post_thumbnail":0,"jetpack_post_was_ever_published":false,"_jetpack_newsletter_access":"","_jetpack_dont_email_post_to_subs":false,"_jetpack_newsletter_tier_id":0,"_jetpack_memberships_contains_paywalled_content":false,"_jetpack_memberships_contains_paid_content":false,"footnotes":"","jetpack_publicize_message":"","jetpack_publicize_feature_enabled":true,"jetpack_social_post_already_shared":false,"jetpack_social_options":{"image_generator_settings":{"template":"highway","default_image_id":0,"font":"","enabled":false},"version":2}},"categories":[4,15,7],"tags":[],"class_list":["post-390","post","type-post","status-publish","format-standard","has-post-thumbnail","hentry","category-forstpolitik","category-oeffentlichkeitsarbeit","category-wissenschaft"],"jetpack_publicize_connections":[],"jetpack_featured_media_url":"https:\/\/i0.wp.com\/forst.igbau.nrw\/wp-content\/uploads\/2017\/05\/PEW5045.jpg?fit=4928%2C3264","jetpack_sharing_enabled":true,"jetpack_shortlink":"https:\/\/wp.me\/p8x7f7-6i","jetpack-related-posts":[],"_links":{"self":[{"href":"http:\/\/forst.igbau.nrw\/index.php?rest_route=\/wp\/v2\/posts\/390","targetHints":{"allow":["GET"]}}],"collection":[{"href":"http:\/\/forst.igbau.nrw\/index.php?rest_route=\/wp\/v2\/posts"}],"about":[{"href":"http:\/\/forst.igbau.nrw\/index.php?rest_route=\/wp\/v2\/types\/post"}],"author":[{"embeddable":true,"href":"http:\/\/forst.igbau.nrw\/index.php?rest_route=\/wp\/v2\/users\/2"}],"replies":[{"embeddable":true,"href":"http:\/\/forst.igbau.nrw\/index.php?rest_route=%2Fwp%2Fv2%2Fcomments&post=390"}],"version-history":[{"count":3,"href":"http:\/\/forst.igbau.nrw\/index.php?rest_route=\/wp\/v2\/posts\/390\/revisions"}],"predecessor-version":[{"id":395,"href":"http:\/\/forst.igbau.nrw\/index.php?rest_route=\/wp\/v2\/posts\/390\/revisions\/395"}],"wp:featuredmedia":[{"embeddable":true,"href":"http:\/\/forst.igbau.nrw\/index.php?rest_route=\/wp\/v2\/media\/391"}],"wp:attachment":[{"href":"http:\/\/forst.igbau.nrw\/index.php?rest_route=%2Fwp%2Fv2%2Fmedia&parent=390"}],"wp:term":[{"taxonomy":"category","embeddable":true,"href":"http:\/\/forst.igbau.nrw\/index.php?rest_route=%2Fwp%2Fv2%2Fcategories&post=390"},{"taxonomy":"post_tag","embeddable":true,"href":"http:\/\/forst.igbau.nrw\/index.php?rest_route=%2Fwp%2Fv2%2Ftags&post=390"}],"curies":[{"name":"wp","href":"https:\/\/api.w.org\/{rel}","templated":true}]}}