{"id":398,"date":"2017-06-30T08:51:28","date_gmt":"2017-06-30T08:51:28","guid":{"rendered":"http:\/\/forst.igbau.nrw\/?p=398"},"modified":"2017-07-13T14:38:25","modified_gmt":"2017-07-13T14:38:25","slug":"der-nutzen-der-holznutzung-eine-ansatz","status":"publish","type":"post","link":"http:\/\/forst.igbau.nrw\/?p=398","title":{"rendered":"&#8222;Der Nutzen der Holznutzung&#8220; eine Ansatz"},"content":{"rendered":"<p>Am 22.06. fand in G\u00f6ttingen die diesj\u00e4hrige Tagung des\u00a03N Kompetenzzentrums Niedersachsen statt, das Thema &#8222;Der Nutzen der Holznutzung&#8220; als Ansatz f\u00fcr eine Vortragsreihe zu den verschiedensten Themen in dieser Fragestellung f\u00fcllte den gro\u00dfen H\u00f6rsaal des Max-Planck-Instituts in G\u00f6ttingen. Die zahlreichen Interessenten erhielten zum Thema eine breite Palette an Informationen und die M\u00f6glichkeit zur Diskussion und Gedankenaustausch.<\/p>\n<p>Nach den Vortr\u00e4gen von Herrn Prof. Dr. Matthias Dieter vom\u00a0Th\u00fcnen-Institut in Hamburg mit der \u00dcberschrift &#8222;Der Nutzen der Holznutzung aus gesamtgesellschaftlicher Perspektive&#8220;<\/p>\n<p>und<\/p>\n<p>den Ausz\u00fcgen aus dem Klimaschutzgutachten der Wissenschaftlichen Beir\u00e4te f\u00fcr Agrarpolitik und Waldpolitik beim BMEL zum Thema &#8222;Beitr\u00e4ge der Forst- und Holzwirtschaft zum Klimaschutz&#8220; von Herrn\u00a0Prof. Dr. Hermann Spellmann von der\u00a0Nordwestdeutschen Forstlichen Versuchsanstalt (NW-FVA) in G\u00f6ttingen\u00a0wurde das Ergebnis \u00a0der\u00a0Erfassung und Bewertung von Klimaschutzleistungen im Forstbetrieb &#8211; Teilergebnisse aus dem Waldklimafonds-Projekt CO-2-OPT vorgestellt.<\/p>\n<p>(Christian Schulz, Dr. Ren\u00e9 W\u00f6rdehoff, Prof. Dr. J\u00fcrgen Nagel \/ Nordwestdeutsche Forstliche Versuchsanstalt)<\/p>\n<p>Anschlie\u00dfend stellte Prof. Dr. Christian Ammer von der\u00a0Georg-August-Universit\u00e4t G\u00f6ttingen\u00a0 die Ergebnisse einer Studie \u00fcber die\u00a0Auswirkungen der Waldbewirtschaftung auf die Biodiversit\u00e4t vor.<\/p>\n<figure id=\"attachment_400\" aria-describedby=\"caption-attachment-400\" style=\"width: 640px\" class=\"wp-caption aligncenter\"><a href=\"https:\/\/i0.wp.com\/forst.igbau.nrw\/wp-content\/uploads\/2017\/06\/NHN_Tagung_G%C3%B6ttingen_2017.jpg\"><img data-recalc-dims=\"1\" fetchpriority=\"high\" decoding=\"async\" data-attachment-id=\"400\" data-permalink=\"http:\/\/forst.igbau.nrw\/?attachment_id=400\" data-orig-file=\"https:\/\/i0.wp.com\/forst.igbau.nrw\/wp-content\/uploads\/2017\/06\/NHN_Tagung_G%C3%B6ttingen_2017.jpg?fit=1704%2C1135\" data-orig-size=\"1704,1135\" data-comments-opened=\"1\" data-image-meta=\"{&quot;aperture&quot;:&quot;6.3&quot;,&quot;credit&quot;:&quot;Peter Wicke&quot;,&quot;camera&quot;:&quot;NIKON D7000&quot;,&quot;caption&quot;:&quot;&quot;,&quot;created_timestamp&quot;:&quot;1498132385&quot;,&quot;copyright&quot;:&quot;Peter Wicke&quot;,&quot;focal_length&quot;:&quot;28&quot;,&quot;iso&quot;:&quot;1600&quot;,&quot;shutter_speed&quot;:&quot;0.01&quot;,&quot;title&quot;:&quot;&quot;,&quot;orientation&quot;:&quot;1&quot;}\" data-image-title=\"NHN_Tagung_G\u00f6ttingen_2017_Biodiversit\u00e4t\" data-image-description=\"\" data-image-caption=\"\" data-large-file=\"https:\/\/i0.wp.com\/forst.igbau.nrw\/wp-content\/uploads\/2017\/06\/NHN_Tagung_G%C3%B6ttingen_2017.jpg?fit=640%2C426\" class=\"wp-image-400 size-large\" src=\"https:\/\/i0.wp.com\/forst.igbau.nrw\/wp-content\/uploads\/2017\/06\/NHN_Tagung_G%C3%B6ttingen_2017.jpg?resize=640%2C426\" alt=\"\" width=\"640\" height=\"426\" srcset=\"https:\/\/i0.wp.com\/forst.igbau.nrw\/wp-content\/uploads\/2017\/06\/NHN_Tagung_G%C3%B6ttingen_2017.jpg?resize=1024%2C682 1024w, https:\/\/i0.wp.com\/forst.igbau.nrw\/wp-content\/uploads\/2017\/06\/NHN_Tagung_G%C3%B6ttingen_2017.jpg?resize=300%2C200 300w, https:\/\/i0.wp.com\/forst.igbau.nrw\/wp-content\/uploads\/2017\/06\/NHN_Tagung_G%C3%B6ttingen_2017.jpg?resize=768%2C512 768w, https:\/\/i0.wp.com\/forst.igbau.nrw\/wp-content\/uploads\/2017\/06\/NHN_Tagung_G%C3%B6ttingen_2017.jpg?w=1704 1704w, https:\/\/i0.wp.com\/forst.igbau.nrw\/wp-content\/uploads\/2017\/06\/NHN_Tagung_G%C3%B6ttingen_2017.jpg?w=1280 1280w\" sizes=\"(max-width: 640px) 100vw, 640px\" \/><\/a><figcaption id=\"caption-attachment-400\" class=\"wp-caption-text\">Auswirkungen der Waldbewirtschaftung auf die Biodiversit\u00e4t \/ Prof. Dr. Christian Ammer<\/figcaption><\/figure>\n<p>Gerade diese Studie trifft beim forstlichen Fachpublikum auf ein gesteigertes Interesse denn die Erkenntnisse stellen zumindest f\u00fcr den untersuchten Bereich fundierte Zahlen zur Verf\u00fcgung und k\u00f6nnen in der st\u00e4ndigen Diskussion \u00fcber \u00a0eine zuk\u00fcnftige Nutzung im Wald im Konflikt mit anderen gesellschaftlichen Interessen aufzeigen.<\/p>\n<p>Die Frage wie den Verlust an Biodiversit\u00e4t stoppen oder reduzieren und gleichzeitig \u00a0eine Versorgung mit Holz als den Nachhaltigen Rohstoff schlechthin sicherstellen kann nur durch wissenschaftliche Erkenntnisse beantwortet werden.<\/p>\n<p>Hier finden Sie eine zugeh\u00f6rige\u00a0<a href=\"https:\/\/www.uni-goettingen.de\/de\/-vielfalt-an-baumarten-steigert-waldertr\u00e4ge-\/549086.html\" target=\"_blank\" rel=\"noopener\">Presseinformation<\/a><\/p>\n<p>Im anschlie\u00dfenden Vortrag von Frau\u00a0Prof. Dr.-Ing. Anette Hafner von der\u00a0Ruhr-Universit\u00e4t in Bochum<\/p>\n<p>erl\u00e4uterte Sie Erkenntnisse \u00fcber die Beitr\u00e4ge zum Klimaschutz durch die\u00a0Verwendung von Holz im Bausektor, Frau Hafner\u00a0befasst sich\u00a0mit Ihren Mitarbeitern mit den Einfl\u00fcssen unterschiedlicher Materialien auf die \u00d6kobilanzierung von Bauwerken sowie dem entwicklen ressourceneffizienter Konstruktionen und der Konzeption nachhaltigen Bauens.<\/p>\n<p>In Ihrem Vortrag wurde nicht nur das errichten von Neubauten sondern vor allem auch der gesamte Lebenszyklus eines Geb\u00e4udes dargestellt, bis hin zur Kaskadennutzung, Weiterverwertung und letztendlich Entsorgung.<\/p>\n<p>Nach der Erl\u00e4uterung von\u00a0Perspektiven f\u00fcr die\u00a0Verwendung der Hauptbaumarten aus dem &#8222;Groben&#8220; durch Herrn\u00a0Prof. Dr. Klaus Richter von der\u00a0Technische Universit\u00e4t M\u00fcnchen stellte\u00a0Jr.-Prof. Dr. Kai Zhang von der\u00a0Georgs-August-Universit\u00e4t G\u00f6ttingen\u00a0die Verwendung des Rohstoffes Holz im Kleinen vor.<\/p>\n<p>Zum Thema &#8222;<a href=\"https:\/\/www.uni-goettingen.de\/de\/publications\/513719.html\" target=\"_blank\" rel=\"noopener\">Nanostrukturierte funktionale Materialien aus Holzkomponenten<\/a>&#8220; erl\u00e4uterte Herr Zhang eine F\u00fclle an technischen Entwicklungen dar die das sonstige Themenspektrum der Tagung um eine komplexes und f\u00fcr viele Teilnehmer unbekanntes Gebiet der Holzverwendung erweiterte.<\/p>\n<p>Herr Zhang stellte den Zuh\u00f6rern unter anderem anhand von kurzen Videos vor welche technischen M\u00f6glichkeiten im Rohstoffholz auf Nanoebene bereits jetzt m\u00f6glich sind. Sei es die Verwendung in Lacken oder als Beschichtung von Werkstoffen oder aber auch die M\u00f6glichkeit Materialien zu entwicklen die z.B. Ihren Agregatzustand je nach Temperatur \u00e4ndern, z.b. von Blickdicht zu Durchsichtig und dies alles aus Holz auf Zellulosebasis.<\/p>\n<p>Der abschlie\u00dfende\u00a0Beitrag von Herrn\u00a0Dirk Alfter vom\u00a0Bundesministerium f\u00fcr Ern\u00e4hrung und Landwirtschaft zur\u00a0Charta f\u00fcr Holz 2.0 und den Zielen \u00a0&#8222;Klima sch\u00fctzen. Werte schaffen. Ressourcen effizient nutzen&#8220; rundete den eng getackteten Tagungstag ab.<\/p>\n<p>Alle Beitr\u00e4ge zur Veranstaltung k\u00f6nnen Sie <a href=\"http:\/\/3-n.info\/news-und-termine\/veranstaltungen\/veranstaltungsrueckblick\/tagung-vom-nutzen-der-holznutzung.html\" target=\"_blank\" rel=\"noopener\">hier nachlesen<\/a>.<\/p>\n","protected":false},"excerpt":{"rendered":"<p>Am 22.06. fand in G\u00f6ttingen die diesj\u00e4hrige Tagung des\u00a03N Kompetenzzentrums Niedersachsen statt, das Thema &#8222;Der Nutzen der Holznutzung&#8220; als Ansatz f\u00fcr eine<\/p>\n<p class=\"link-more\"><a class=\"myButt \" href=\"http:\/\/forst.igbau.nrw\/?p=398\">Weitere Infos &#8230;<\/a><\/p>\n","protected":false},"author":2,"featured_media":399,"comment_status":"open","ping_status":"open","sticky":false,"template":"","format":"standard","meta":{"ngg_post_thumbnail":0,"jetpack_post_was_ever_published":false,"_jetpack_newsletter_access":"","_jetpack_dont_email_post_to_subs":false,"_jetpack_newsletter_tier_id":0,"_jetpack_memberships_contains_paywalled_content":false,"_jetpack_memberships_contains_paid_content":false,"footnotes":"","jetpack_publicize_message":"","jetpack_publicize_feature_enabled":true,"jetpack_social_post_already_shared":false,"jetpack_social_options":{"image_generator_settings":{"template":"highway","default_image_id":0,"font":"","enabled":false},"version":2}},"categories":[5],"tags":[],"class_list":["post-398","post","type-post","status-publish","format-standard","has-post-thumbnail","hentry","category-forstwirtschaft"],"jetpack_publicize_connections":[],"jetpack_featured_media_url":"https:\/\/i0.wp.com\/forst.igbau.nrw\/wp-content\/uploads\/2017\/06\/NHN_Tagung_G%C3%B6ttingen.jpg?fit=1873%2C1249","jetpack_sharing_enabled":true,"jetpack_shortlink":"https:\/\/wp.me\/p8x7f7-6q","jetpack-related-posts":[],"_links":{"self":[{"href":"http:\/\/forst.igbau.nrw\/index.php?rest_route=\/wp\/v2\/posts\/398","targetHints":{"allow":["GET"]}}],"collection":[{"href":"http:\/\/forst.igbau.nrw\/index.php?rest_route=\/wp\/v2\/posts"}],"about":[{"href":"http:\/\/forst.igbau.nrw\/index.php?rest_route=\/wp\/v2\/types\/post"}],"author":[{"embeddable":true,"href":"http:\/\/forst.igbau.nrw\/index.php?rest_route=\/wp\/v2\/users\/2"}],"replies":[{"embeddable":true,"href":"http:\/\/forst.igbau.nrw\/index.php?rest_route=%2Fwp%2Fv2%2Fcomments&post=398"}],"version-history":[{"count":5,"href":"http:\/\/forst.igbau.nrw\/index.php?rest_route=\/wp\/v2\/posts\/398\/revisions"}],"predecessor-version":[{"id":407,"href":"http:\/\/forst.igbau.nrw\/index.php?rest_route=\/wp\/v2\/posts\/398\/revisions\/407"}],"wp:featuredmedia":[{"embeddable":true,"href":"http:\/\/forst.igbau.nrw\/index.php?rest_route=\/wp\/v2\/media\/399"}],"wp:attachment":[{"href":"http:\/\/forst.igbau.nrw\/index.php?rest_route=%2Fwp%2Fv2%2Fmedia&parent=398"}],"wp:term":[{"taxonomy":"category","embeddable":true,"href":"http:\/\/forst.igbau.nrw\/index.php?rest_route=%2Fwp%2Fv2%2Fcategories&post=398"},{"taxonomy":"post_tag","embeddable":true,"href":"http:\/\/forst.igbau.nrw\/index.php?rest_route=%2Fwp%2Fv2%2Ftags&post=398"}],"curies":[{"name":"wp","href":"https:\/\/api.w.org\/{rel}","templated":true}]}}