{"id":422,"date":"2017-09-11T11:25:42","date_gmt":"2017-09-11T11:25:42","guid":{"rendered":"http:\/\/forst.igbau.nrw\/?p=422"},"modified":"2017-09-11T11:26:58","modified_gmt":"2017-09-11T11:26:58","slug":"denkzettel-fuer-die-politik-laeuft-ins-leere-ein-leserbrief-fuer-der-grundstein","status":"publish","type":"post","link":"http:\/\/forst.igbau.nrw\/?p=422","title":{"rendered":"\u201eDenkzettel\u201c f\u00fcr die Politik l\u00e4uft ins Leere  Ein Leserbrief f\u00fcr &#8222;Der Grundstein&#8220;"},"content":{"rendered":"<p>Vor der Bundestagswahl stellt sich wieder einmal die Frage: \u201eGehe ich w\u00e4hlen?\u201c Als langj\u00e4hriges Mitglied der Gewerkschaft IG BAU sollte dies aus meiner Sicht eigentlich keine Frage sein, trotzdem scheint sie immer h\u00e4ufiger gestellt zu werden. Die Grundsatzfrage, ob das Recht, ja, das Privileg zu w\u00e4hlen durch \u201eaktives Nichtw\u00e4hlen\u201c verworfen werden sollte, stellt sich meines Erachtens gar nicht. Als Mitglied einer politischen Organisation wie der IG BAU ist mir bewusst, dass, wenn ich nicht w\u00e4hle, andere f\u00fcr mich in Zukunft die Entscheidungen treffen werden. Ich k\u00f6nnte dann noch nicht einmal eine Gegenmeinung vertreten, weil ich dieses Privileg verwirkt habe. Gerade jetzt, da wir in vielen L\u00e4ndern, auch in Europa, feststellen m\u00fcssen, dass um die demokratischen Rechte und Privilegien gek\u00e4mpft werden muss, um das Erreichte zu erhalten, muss eine lebendige Demokratie, wie wir sie in Deutschland haben, durch unser Mitwirken und eine aktive Wahrnehmung unserer Rechte und Pflichten gest\u00e4rkt werden. Bei mehr als 80 Mio. Menschen in Deutschland \u2013 oder sogar mehr als 500 Mio. in der Europ\u00e4ischen Union \u2013 kann immer nur ein Kompromiss der verschiedensten gesellschaftlichen und wirtschaftlichen Interessen herauskommen. Wir m\u00fcssen uns mit unserer Stimme daf\u00fcr einsetzen, dass dieser Kompromiss auch den gesellschaftlichen Verh\u00e4ltnissen entspricht und nicht zugunsten einiger weniger ausf\u00e4llt. Dazu geh\u00f6rt auch, dass wir den Kandidaten der demokratischen Parteien vor der Wahl \u2013 als W\u00e4hler und Gewerkschaft \u2013 unsere Vorstellungen und Forderungen rechtzeitig bewusstmachen und eben auch unsere Zustimmung oder Ablehnung der Kandidaten und Parteien durch die Aus\u00fcbung des Wahlrechts erkl\u00e4ren. Der \u201eDenkzettel\u201c, den bewusste Nichtw\u00e4hler den Politikern verpassen wollen, l\u00e4uft dagegen ins Leere. Je weniger Menschen w\u00e4hlen, desto mehr Einfluss gewinnen die, die es tun, und desto weniger kann sich \u201edie Politik\u201c gegen starke Einzelinteressen durchsetzen. F\u00fcr mich geh\u00f6rt es dazu, dass wir als Gewerkschaft uns gerade in den Wahlen starkmachen gegen eine populistische Rhetorik, gegen Hetze und Hass gegen\u00fcber Kandidaten, gegen eine Einschr\u00e4nkung der Pressefreiheit. Denn Respekt, Kompromissbereitschaft und eine freie Presse sind das, was eine Demokratie ausmachen \u2013 und das sollten wir nicht aufs Spiel setzen. Wir B\u00fcrger und Gewerkschaftler erleben Demokratie in Deutschland \u2013 einem der sichersten wohlhabendsten und demokratischsten L\u00e4nder dieser Erde \u2013 jeden Tag als ganz selbstverst\u00e4ndlich. Daf\u00fcr lohnt es sich, sich zu engagieren und zur Wahl zu gehen.<\/p>\n<p><a href=\"https:\/\/i0.wp.com\/forst.igbau.nrw\/wp-content\/uploads\/2017\/09\/Leserbrief_NRW_2017._Ausschnitt.jpeg\"><img data-recalc-dims=\"1\" decoding=\"async\" data-attachment-id=\"423\" data-permalink=\"http:\/\/forst.igbau.nrw\/?attachment_id=423\" data-orig-file=\"https:\/\/i0.wp.com\/forst.igbau.nrw\/wp-content\/uploads\/2017\/09\/Leserbrief_NRW_2017._Ausschnitt.jpeg?fit=2463%2C3255\" data-orig-size=\"2463,3255\" data-comments-opened=\"1\" data-image-meta=\"{&quot;aperture&quot;:&quot;0&quot;,&quot;credit&quot;:&quot;&quot;,&quot;camera&quot;:&quot;&quot;,&quot;caption&quot;:&quot;&quot;,&quot;created_timestamp&quot;:&quot;0&quot;,&quot;copyright&quot;:&quot;&quot;,&quot;focal_length&quot;:&quot;0&quot;,&quot;iso&quot;:&quot;0&quot;,&quot;shutter_speed&quot;:&quot;0&quot;,&quot;title&quot;:&quot;&quot;,&quot;orientation&quot;:&quot;1&quot;}\" data-image-title=\"Auszug_Leserbrief_NRW_2017._Ausschnitt\" data-image-description=\"\" data-image-caption=\"\" data-large-file=\"https:\/\/i0.wp.com\/forst.igbau.nrw\/wp-content\/uploads\/2017\/09\/Leserbrief_NRW_2017._Ausschnitt.jpeg?fit=640%2C846\" class=\"aligncenter wp-image-423 size-thumbnail\" src=\"https:\/\/i0.wp.com\/forst.igbau.nrw\/wp-content\/uploads\/2017\/09\/Leserbrief_NRW_2017._Ausschnitt.jpeg?resize=150%2C150\" alt=\"\" width=\"150\" height=\"150\" srcset=\"https:\/\/i0.wp.com\/forst.igbau.nrw\/wp-content\/uploads\/2017\/09\/Leserbrief_NRW_2017._Ausschnitt.jpeg?resize=150%2C150 150w, https:\/\/i0.wp.com\/forst.igbau.nrw\/wp-content\/uploads\/2017\/09\/Leserbrief_NRW_2017._Ausschnitt.jpeg?zoom=2&amp;resize=150%2C150 300w, https:\/\/i0.wp.com\/forst.igbau.nrw\/wp-content\/uploads\/2017\/09\/Leserbrief_NRW_2017._Ausschnitt.jpeg?zoom=3&amp;resize=150%2C150 450w\" sizes=\"(max-width: 150px) 100vw, 150px\" \/><\/a><\/p>\n","protected":false},"excerpt":{"rendered":"<p>Vor der Bundestagswahl stellt sich wieder einmal die Frage: \u201eGehe ich w\u00e4hlen?\u201c Als langj\u00e4hriges Mitglied der Gewerkschaft IG BAU sollte dies aus<\/p>\n<p class=\"link-more\"><a class=\"myButt \" href=\"http:\/\/forst.igbau.nrw\/?p=422\">Weitere Infos &#8230;<\/a><\/p>\n","protected":false},"author":2,"featured_media":0,"comment_status":"open","ping_status":"open","sticky":false,"template":"","format":"standard","meta":{"ngg_post_thumbnail":0,"jetpack_post_was_ever_published":false,"_jetpack_newsletter_access":"","_jetpack_dont_email_post_to_subs":false,"_jetpack_newsletter_tier_id":0,"_jetpack_memberships_contains_paywalled_content":false,"_jetpack_memberships_contains_paid_content":false,"footnotes":"","jetpack_publicize_message":"","jetpack_publicize_feature_enabled":true,"jetpack_social_post_already_shared":false,"jetpack_social_options":{"image_generator_settings":{"template":"highway","default_image_id":0,"font":"","enabled":false},"version":2}},"categories":[5],"tags":[],"class_list":["post-422","post","type-post","status-publish","format-standard","hentry","category-forstwirtschaft"],"jetpack_publicize_connections":[],"jetpack_featured_media_url":"","jetpack_sharing_enabled":true,"jetpack_shortlink":"https:\/\/wp.me\/p8x7f7-6O","jetpack-related-posts":[],"_links":{"self":[{"href":"http:\/\/forst.igbau.nrw\/index.php?rest_route=\/wp\/v2\/posts\/422","targetHints":{"allow":["GET"]}}],"collection":[{"href":"http:\/\/forst.igbau.nrw\/index.php?rest_route=\/wp\/v2\/posts"}],"about":[{"href":"http:\/\/forst.igbau.nrw\/index.php?rest_route=\/wp\/v2\/types\/post"}],"author":[{"embeddable":true,"href":"http:\/\/forst.igbau.nrw\/index.php?rest_route=\/wp\/v2\/users\/2"}],"replies":[{"embeddable":true,"href":"http:\/\/forst.igbau.nrw\/index.php?rest_route=%2Fwp%2Fv2%2Fcomments&post=422"}],"version-history":[{"count":3,"href":"http:\/\/forst.igbau.nrw\/index.php?rest_route=\/wp\/v2\/posts\/422\/revisions"}],"predecessor-version":[{"id":426,"href":"http:\/\/forst.igbau.nrw\/index.php?rest_route=\/wp\/v2\/posts\/422\/revisions\/426"}],"wp:attachment":[{"href":"http:\/\/forst.igbau.nrw\/index.php?rest_route=%2Fwp%2Fv2%2Fmedia&parent=422"}],"wp:term":[{"taxonomy":"category","embeddable":true,"href":"http:\/\/forst.igbau.nrw\/index.php?rest_route=%2Fwp%2Fv2%2Fcategories&post=422"},{"taxonomy":"post_tag","embeddable":true,"href":"http:\/\/forst.igbau.nrw\/index.php?rest_route=%2Fwp%2Fv2%2Ftags&post=422"}],"curies":[{"name":"wp","href":"https:\/\/api.w.org\/{rel}","templated":true}]}}