{"id":431,"date":"2017-09-15T12:54:05","date_gmt":"2017-09-15T12:54:05","guid":{"rendered":"http:\/\/forst.igbau.nrw\/?p=431"},"modified":"2017-09-15T13:41:08","modified_gmt":"2017-09-15T13:41:08","slug":"personalversammlung-beim-landesbetrieb-wald-und-holz-nrw","status":"publish","type":"post","link":"http:\/\/forst.igbau.nrw\/?p=431","title":{"rendered":"Personalversammlung beim Landesbetrieb Wald und Holz NRW"},"content":{"rendered":"<p>Am 14.09. fand in Werl die diesj\u00e4hrige Personalversammlung des Landesbetriebes Wald und Holz NRW statt. Neben den Informationen aus dem Gesch\u00e4ftsbericht durch den Personalrat hatten die Vertreter der Gewerkschaften die M\u00f6glichkeit aktuelle Themen wie die Ergebnisse der Tarifverhandlungen, Fragen zum TV-L Forst sowie zu allgemeinen forstlichen Inhalten vorzutragen.<\/p>\n<p>Durch den Personalrat wurde au\u00dferdem ein erster Einblick in ein durch den Personalrat beauftragtes Rechtsgutachten zur gerechten Bezahlung von Tarifbesch\u00e4ftigten im gehobenen Forstdienst im Vergleich zu den beamteten Besch\u00e4ftigten,\u00a0 sowie eine Erl\u00e4uterung zu den M\u00f6glichkeiten der Rente mit 63 und die dazu bestehenden Ansprechpartner vorgestellt.<\/p>\n<p>Au\u00dferhalb der geplanten Tagesordnung wurde bereits zu Beginn der Versammlung die Teilnahme von Herrn Dr. Bottermann als neuer Staatssekret\u00e4r im MULNV zugesagt.<\/p>\n<p>Herr Dr. Bottermann nutzte\u00a0 in einem sehr kurzen Zeitfenster die kurzfristig zugesagte M\u00f6glichkeit um vor den Besch\u00e4ftigten die aktuellsten Informationen zum laufenden Verfahren der Kartellrechtsbeschwerde unter anderem gegen NRW zu erl\u00e4utern.<\/p>\n<p>Dazu verwies er auf ein aktuell stattgefundenes Gespr\u00e4ch zwischen den Verantwortlichen aus NRW mit dem Bundeskartellamt zum Thema .<\/p>\n<p>Als Ergebnis muss davon ausgegangen werden das es zu massiven Auswirkungen auf die Aufgaben und die T\u00e4tigkeitsfelder des Landesbetriebes kommen wird und damit nat\u00fcrlich auch auf die Mitarbeiter und Mitarbeiterinnen.<\/p>\n<p>Letztendlich wird es zu einer massiven Beschr\u00e4nkung der kooperativen Holzvermarktung in der jetzigen Form kommen, des weiteren wird die jetzige Praxis der \u201et\u00e4tigen Mithilfe\u201c im Sinne einer indirekt gef\u00f6rderten aktiven Unterst\u00fctzung der Waldbesitzer, die bis jetzt ma\u00dfgeblich \u00fcber die forstwirtschaftlichen Zusammenschl\u00fcsse erfolgt, hin zu einer direkten F\u00f6rderung des Waldbesitzes umgebaut werden m\u00fcssen.<\/p>\n<p>Versch\u00e4rfend kommt hinzu das die bisher nicht konforme Handhabung der <a href=\"https:\/\/de.wikipedia.org\/wiki\/De-minimis-Beihilfe\" target=\"_blank\" rel=\"noopener\">De Minimis Regelungen<\/a> in NRW im Rahmen der F\u00f6rderung mittelbar Europarechtskonform umgesetzt werden muss.<\/p>\n<p>Da viele der Anwesenden in weiten Teilen verst\u00e4ndlicherweise keine bzw. nur geringe Kenntnis der Sachlage besitzen, hat der\u00a0 Personalrat angek\u00fcndigt im Nachgang eine weitergehende Information der Besch\u00e4ftigten anzubieten.<\/p>\n<p>Die IG BAU Landesvertretung wird zu den aktuellen Entscheidungen und Entwicklungen laufend informieren.<\/p>\n","protected":false},"excerpt":{"rendered":"<p>Am 14.09. fand in Werl die diesj\u00e4hrige Personalversammlung des Landesbetriebes Wald und Holz NRW statt. Neben den Informationen aus dem Gesch\u00e4ftsbericht durch<\/p>\n<p class=\"link-more\"><a class=\"myButt \" href=\"http:\/\/forst.igbau.nrw\/?p=431\">Weitere Infos &#8230;<\/a><\/p>\n","protected":false},"author":2,"featured_media":439,"comment_status":"open","ping_status":"open","sticky":false,"template":"","format":"standard","meta":{"ngg_post_thumbnail":0,"jetpack_post_was_ever_published":false,"_jetpack_newsletter_access":"","_jetpack_dont_email_post_to_subs":false,"_jetpack_newsletter_tier_id":0,"_jetpack_memberships_contains_paywalled_content":false,"_jetpack_memberships_contains_paid_content":false,"footnotes":"","jetpack_publicize_message":"","jetpack_publicize_feature_enabled":true,"jetpack_social_post_already_shared":false,"jetpack_social_options":{"image_generator_settings":{"template":"highway","default_image_id":0,"font":"","enabled":false},"version":2}},"categories":[4,5],"tags":[],"class_list":["post-431","post","type-post","status-publish","format-standard","has-post-thumbnail","hentry","category-forstpolitik","category-forstwirtschaft"],"jetpack_publicize_connections":[],"jetpack_featured_media_url":"https:\/\/i0.wp.com\/forst.igbau.nrw\/wp-content\/uploads\/2017\/09\/IMG_0152.jpg?fit=4032%2C3024","jetpack_sharing_enabled":true,"jetpack_shortlink":"https:\/\/wp.me\/p8x7f7-6X","jetpack-related-posts":[],"_links":{"self":[{"href":"http:\/\/forst.igbau.nrw\/index.php?rest_route=\/wp\/v2\/posts\/431","targetHints":{"allow":["GET"]}}],"collection":[{"href":"http:\/\/forst.igbau.nrw\/index.php?rest_route=\/wp\/v2\/posts"}],"about":[{"href":"http:\/\/forst.igbau.nrw\/index.php?rest_route=\/wp\/v2\/types\/post"}],"author":[{"embeddable":true,"href":"http:\/\/forst.igbau.nrw\/index.php?rest_route=\/wp\/v2\/users\/2"}],"replies":[{"embeddable":true,"href":"http:\/\/forst.igbau.nrw\/index.php?rest_route=%2Fwp%2Fv2%2Fcomments&post=431"}],"version-history":[{"count":4,"href":"http:\/\/forst.igbau.nrw\/index.php?rest_route=\/wp\/v2\/posts\/431\/revisions"}],"predecessor-version":[{"id":437,"href":"http:\/\/forst.igbau.nrw\/index.php?rest_route=\/wp\/v2\/posts\/431\/revisions\/437"}],"wp:featuredmedia":[{"embeddable":true,"href":"http:\/\/forst.igbau.nrw\/index.php?rest_route=\/wp\/v2\/media\/439"}],"wp:attachment":[{"href":"http:\/\/forst.igbau.nrw\/index.php?rest_route=%2Fwp%2Fv2%2Fmedia&parent=431"}],"wp:term":[{"taxonomy":"category","embeddable":true,"href":"http:\/\/forst.igbau.nrw\/index.php?rest_route=%2Fwp%2Fv2%2Fcategories&post=431"},{"taxonomy":"post_tag","embeddable":true,"href":"http:\/\/forst.igbau.nrw\/index.php?rest_route=%2Fwp%2Fv2%2Ftags&post=431"}],"curies":[{"name":"wp","href":"https:\/\/api.w.org\/{rel}","templated":true}]}}