{"id":457,"date":"2017-10-04T07:48:45","date_gmt":"2017-10-04T07:48:45","guid":{"rendered":"http:\/\/forst.igbau.nrw\/?p=457"},"modified":"2017-10-06T07:50:00","modified_gmt":"2017-10-06T07:50:00","slug":"ein-neuer-forstlicher-jahrgang-beginnt","status":"publish","type":"post","link":"http:\/\/forst.igbau.nrw\/?p=457","title":{"rendered":"Ein neuer forstlicher Jahrgang beginnt"},"content":{"rendered":"<p>Wald und Holz NRW stellt auch in 2017 wieder 18 junge Forstinspektoranw\u00e4rterinnen und -anw\u00e4rter f\u00fcr die Laufbahn des gehobenen Forstdienstes ein. Die neuen Kolleginnen und Kollegen haben ihre Zeit beim Landesbetrieb Wald und Holz Nordrhein-Westfalen am 04.10.2017 mit einer zweit\u00e4gigen Einf\u00fchrungsveranstaltung in der Zentrale in M\u00fcnster begonnen<\/p>\n<p><img data-recalc-dims=\"1\" fetchpriority=\"high\" decoding=\"async\" data-attachment-id=\"459\" data-permalink=\"http:\/\/forst.igbau.nrw\/?attachment_id=459\" data-orig-file=\"https:\/\/i0.wp.com\/forst.igbau.nrw\/wp-content\/uploads\/2017\/10\/Einstellung_GD_Forst_2017-2.jpg?fit=1536%2C864\" data-orig-size=\"1536,864\" data-comments-opened=\"1\" data-image-meta=\"{&quot;aperture&quot;:&quot;0&quot;,&quot;credit&quot;:&quot;&quot;,&quot;camera&quot;:&quot;&quot;,&quot;caption&quot;:&quot;&quot;,&quot;created_timestamp&quot;:&quot;1507283110&quot;,&quot;copyright&quot;:&quot;&quot;,&quot;focal_length&quot;:&quot;0&quot;,&quot;iso&quot;:&quot;0&quot;,&quot;shutter_speed&quot;:&quot;0&quot;,&quot;title&quot;:&quot;&quot;,&quot;orientation&quot;:&quot;1&quot;}\" data-image-title=\"Einstellung_GD_Forst_2017 2\" data-image-description=\"\" data-image-caption=\"\" data-large-file=\"https:\/\/i0.wp.com\/forst.igbau.nrw\/wp-content\/uploads\/2017\/10\/Einstellung_GD_Forst_2017-2.jpg?fit=640%2C360\" class=\"aligncenter wp-image-459 size-large\" src=\"https:\/\/i0.wp.com\/forst.igbau.nrw\/wp-content\/uploads\/2017\/10\/Einstellung_GD_Forst_2017-2.jpg?resize=640%2C360\" alt=\"\" width=\"640\" height=\"360\" srcset=\"https:\/\/i0.wp.com\/forst.igbau.nrw\/wp-content\/uploads\/2017\/10\/Einstellung_GD_Forst_2017-2.jpg?resize=1024%2C576 1024w, https:\/\/i0.wp.com\/forst.igbau.nrw\/wp-content\/uploads\/2017\/10\/Einstellung_GD_Forst_2017-2.jpg?resize=300%2C169 300w, https:\/\/i0.wp.com\/forst.igbau.nrw\/wp-content\/uploads\/2017\/10\/Einstellung_GD_Forst_2017-2.jpg?resize=768%2C432 768w, https:\/\/i0.wp.com\/forst.igbau.nrw\/wp-content\/uploads\/2017\/10\/Einstellung_GD_Forst_2017-2.jpg?w=1536 1536w, https:\/\/i0.wp.com\/forst.igbau.nrw\/wp-content\/uploads\/2017\/10\/Einstellung_GD_Forst_2017-2.jpg?w=1280 1280w\" sizes=\"(max-width: 640px) 100vw, 640px\" \/><\/p>\n<p>Foto:\u00a0Landesbetrieb Wald und Holz Nordrhein-Westfalen<\/p>\n","protected":false},"excerpt":{"rendered":"<p>Wald und Holz NRW stellt auch in 2017 wieder 18 junge Forstinspektoranw\u00e4rterinnen und -anw\u00e4rter f\u00fcr die Laufbahn des gehobenen Forstdienstes ein. Die<\/p>\n<p class=\"link-more\"><a class=\"myButt \" href=\"http:\/\/forst.igbau.nrw\/?p=457\">Weitere Infos &#8230;<\/a><\/p>\n","protected":false},"author":2,"featured_media":0,"comment_status":"open","ping_status":"open","sticky":false,"template":"","format":"standard","meta":{"ngg_post_thumbnail":0,"jetpack_post_was_ever_published":false,"_jetpack_newsletter_access":"","_jetpack_dont_email_post_to_subs":false,"_jetpack_newsletter_tier_id":0,"_jetpack_memberships_contains_paywalled_content":false,"_jetpack_memberships_contains_paid_content":false,"footnotes":"","jetpack_publicize_message":"","jetpack_publicize_feature_enabled":true,"jetpack_social_post_already_shared":false,"jetpack_social_options":{"image_generator_settings":{"template":"highway","default_image_id":0,"font":"","enabled":false},"version":2}},"categories":[5,15],"tags":[],"class_list":["post-457","post","type-post","status-publish","format-standard","hentry","category-forstwirtschaft","category-oeffentlichkeitsarbeit"],"jetpack_publicize_connections":[],"jetpack_featured_media_url":"","jetpack_sharing_enabled":true,"jetpack_shortlink":"https:\/\/wp.me\/p8x7f7-7n","jetpack-related-posts":[],"_links":{"self":[{"href":"http:\/\/forst.igbau.nrw\/index.php?rest_route=\/wp\/v2\/posts\/457","targetHints":{"allow":["GET"]}}],"collection":[{"href":"http:\/\/forst.igbau.nrw\/index.php?rest_route=\/wp\/v2\/posts"}],"about":[{"href":"http:\/\/forst.igbau.nrw\/index.php?rest_route=\/wp\/v2\/types\/post"}],"author":[{"embeddable":true,"href":"http:\/\/forst.igbau.nrw\/index.php?rest_route=\/wp\/v2\/users\/2"}],"replies":[{"embeddable":true,"href":"http:\/\/forst.igbau.nrw\/index.php?rest_route=%2Fwp%2Fv2%2Fcomments&post=457"}],"version-history":[{"count":2,"href":"http:\/\/forst.igbau.nrw\/index.php?rest_route=\/wp\/v2\/posts\/457\/revisions"}],"predecessor-version":[{"id":461,"href":"http:\/\/forst.igbau.nrw\/index.php?rest_route=\/wp\/v2\/posts\/457\/revisions\/461"}],"wp:attachment":[{"href":"http:\/\/forst.igbau.nrw\/index.php?rest_route=%2Fwp%2Fv2%2Fmedia&parent=457"}],"wp:term":[{"taxonomy":"category","embeddable":true,"href":"http:\/\/forst.igbau.nrw\/index.php?rest_route=%2Fwp%2Fv2%2Fcategories&post=457"},{"taxonomy":"post_tag","embeddable":true,"href":"http:\/\/forst.igbau.nrw\/index.php?rest_route=%2Fwp%2Fv2%2Ftags&post=457"}],"curies":[{"name":"wp","href":"https:\/\/api.w.org\/{rel}","templated":true}]}}