{"id":462,"date":"2017-10-04T10:11:17","date_gmt":"2017-10-04T10:11:17","guid":{"rendered":"http:\/\/forst.igbau.nrw\/?p=462"},"modified":"2017-10-06T11:07:37","modified_gmt":"2017-10-06T11:07:37","slug":"gespraech-der-landesvertretung-mit-dem-leiter-von-wald-und-holz-nrw","status":"publish","type":"post","link":"http:\/\/forst.igbau.nrw\/?p=462","title":{"rendered":"Gespr\u00e4ch der Landesvertretung mit dem Leiter von Wald und Holz NRW"},"content":{"rendered":"<p>Am 04.10. bestand die M\u00f6glichkeit f\u00fcr die Landesvertretung der IG BAU in NRW ein Gespr\u00e4ch mit der Leitung des Landesbetriebes Herrn Andreas Wiebe zu f\u00fchren. An dem Gespr\u00e4ch nahmen Seitens der Landesvertretung Stefan D\u00f6rr, Marc Redemann und der Kollege Gottfried Koll sowie Peter Wicke teil. Seitens des Landesbetriebes war au\u00dferdem der Mitarbeiter des Leitungsb\u00fcros Herr Dominik Bicksch\u00e4fer beteiligt.<\/p>\n<p>Als Aufschlag des Gespr\u00e4ches bat die Landesvertretung Herrn Wiebe darum die bestehende Dienstvereinbarung f\u00fcr den Einsatz von Forstwirten im Landeseigenen Wald umzusetzen. Zur Zeit kommt es leider dazu, das bedingt durch \u00e4u\u00dfere Rahmenbedingungen nicht wie vereinbart die unbefristete Einstellung von weiteren Kollegen als Forstwirt realisiert wird. Die Landesvertretung sieht hier den Betrieb in der Pflicht der Vereinbarung nachzukommen. Die Kollegen Forstwirte sind f\u00fcr die Situation nicht verantwortlich und d\u00fcrfen nicht die Leidtragenden sein. Konkret steht die Besetzung von 2 Stellen im s\u00fcdlichen Landesteil von NRW zur Diskussion.<\/p>\n<p>Herr Wiebe sagt eine Pr\u00fcfung der Umsetzung der Dienstvereinbarung zu und wird das Ergebnis der IG BAU mitteilen.<\/p>\n<p>Die Landesvertretung besteht auf die Einhaltung der f\u00fcr 2017 vereinbarten Stellen und wird nach der vereinbarten \u00dcberpr\u00fcfung die unbefristete Ausschreibung und Besetzung der Arbeitspl\u00e4tze \u00a0in 2017 einfordern.<\/p>\n<p>Neben weiteren Themen wie der Einf\u00fchrung eines elektronischen Fahrtenbuches bei Wald und Holz NRW, der Umsetzung von Durchstiegsstellen vom mittleren in den gehoben Dienst sowie allt\u00e4glichen Inhalten hat die Landesvertretung auf das noch ausstehende Schreiben des Ministeriums an die Besch\u00e4ftigten des Landesbetriebes hingewiesen.<\/p>\n<p>Nachdem bereits verschiedentlich die anderen Bundesl\u00e4nder vergleichbar reagiert haben st\u00f6\u00dft die noch immer nicht erfolgte Information in NRW auf Unverst\u00e4ndnis bei der Gewerkschaft.<\/p>\n<p>Herr Wiebe verweist, wie bereits auf der Personalversammlungen Werl hier auf die alleinige Zust\u00e4ndigkeit des MULNV`s und bittet die Landesvertretung sich hier mit dem MULNV in Verbindung zu setzen.<\/p>\n<p>Da die Landesvertretung bereits im Vorgriff einen Gespr\u00e4chstermin mit Ministerin Frau Christina Schulze-F\u00f6cking vereinbart hat, werden wir diese M\u00f6glichkeit nutzen und dieses zur Zeit ma\u00dfgebliche Thema besprechen.<\/p>\n","protected":false},"excerpt":{"rendered":"<p>Am 04.10. bestand die M\u00f6glichkeit f\u00fcr die Landesvertretung der IG BAU in NRW ein Gespr\u00e4ch mit der Leitung des Landesbetriebes Herrn Andreas<\/p>\n<p class=\"link-more\"><a class=\"myButt \" href=\"http:\/\/forst.igbau.nrw\/?p=462\">Weitere Infos &#8230;<\/a><\/p>\n","protected":false},"author":2,"featured_media":466,"comment_status":"open","ping_status":"open","sticky":false,"template":"","format":"standard","meta":{"ngg_post_thumbnail":0,"jetpack_post_was_ever_published":false,"_jetpack_newsletter_access":"","_jetpack_dont_email_post_to_subs":false,"_jetpack_newsletter_tier_id":0,"_jetpack_memberships_contains_paywalled_content":false,"_jetpack_memberships_contains_paid_content":false,"footnotes":"","jetpack_publicize_message":"","jetpack_publicize_feature_enabled":true,"jetpack_social_post_already_shared":false,"jetpack_social_options":{"image_generator_settings":{"template":"highway","default_image_id":0,"font":"","enabled":false},"version":2}},"categories":[8],"tags":[],"class_list":["post-462","post","type-post","status-publish","format-standard","has-post-thumbnail","hentry","category-ig-bau"],"jetpack_publicize_connections":[],"jetpack_featured_media_url":"https:\/\/i0.wp.com\/forst.igbau.nrw\/wp-content\/uploads\/2017\/10\/LV_NRW_Wald_und_Holz_2017-1.jpg?fit=4032%2C3024","jetpack_sharing_enabled":true,"jetpack_shortlink":"https:\/\/wp.me\/p8x7f7-7s","jetpack-related-posts":[],"_links":{"self":[{"href":"http:\/\/forst.igbau.nrw\/index.php?rest_route=\/wp\/v2\/posts\/462","targetHints":{"allow":["GET"]}}],"collection":[{"href":"http:\/\/forst.igbau.nrw\/index.php?rest_route=\/wp\/v2\/posts"}],"about":[{"href":"http:\/\/forst.igbau.nrw\/index.php?rest_route=\/wp\/v2\/types\/post"}],"author":[{"embeddable":true,"href":"http:\/\/forst.igbau.nrw\/index.php?rest_route=\/wp\/v2\/users\/2"}],"replies":[{"embeddable":true,"href":"http:\/\/forst.igbau.nrw\/index.php?rest_route=%2Fwp%2Fv2%2Fcomments&post=462"}],"version-history":[{"count":2,"href":"http:\/\/forst.igbau.nrw\/index.php?rest_route=\/wp\/v2\/posts\/462\/revisions"}],"predecessor-version":[{"id":467,"href":"http:\/\/forst.igbau.nrw\/index.php?rest_route=\/wp\/v2\/posts\/462\/revisions\/467"}],"wp:featuredmedia":[{"embeddable":true,"href":"http:\/\/forst.igbau.nrw\/index.php?rest_route=\/wp\/v2\/media\/466"}],"wp:attachment":[{"href":"http:\/\/forst.igbau.nrw\/index.php?rest_route=%2Fwp%2Fv2%2Fmedia&parent=462"}],"wp:term":[{"taxonomy":"category","embeddable":true,"href":"http:\/\/forst.igbau.nrw\/index.php?rest_route=%2Fwp%2Fv2%2Fcategories&post=462"},{"taxonomy":"post_tag","embeddable":true,"href":"http:\/\/forst.igbau.nrw\/index.php?rest_route=%2Fwp%2Fv2%2Ftags&post=462"}],"curies":[{"name":"wp","href":"https:\/\/api.w.org\/{rel}","templated":true}]}}