{"id":480,"date":"2017-10-09T22:00:01","date_gmt":"2017-10-09T22:00:01","guid":{"rendered":"http:\/\/forst.igbau.nrw\/?p=480"},"modified":"2017-10-12T11:17:24","modified_gmt":"2017-10-12T11:17:24","slug":"kurzes-gespraech-zur-mitarbeiterinformation-mit-der-ministerin","status":"publish","type":"post","link":"http:\/\/forst.igbau.nrw\/?p=480","title":{"rendered":"Kurzes Gespr\u00e4ch zur Mitarbeiterinformation mit der Ministerin"},"content":{"rendered":"<p>Im Rahmen der Einweihung des neuen \u201eTrainingshaus Holz\u201c im <a href=\"http:\/\/www.idee-nrw.de\" target=\"_blank\" rel=\"noopener\">IDEE in Olsberg<\/a> bestand kurzfristig die M\u00f6glichkeit eines kurzen Gespr\u00e4ches mit der Umweltschutzministerin in NRW, Frau Schulze F\u00f6cking. In diesem Gespr\u00e4ch wurde unter anderem noch einmal die Bitte des Personalrates bei Wald und Holz NRW erneuert das die Besch\u00e4ftigten nach der auf der Personalversammlung durch den Staatssekret\u00e4r Herrn Bottermann gemachten Aussagen dringend auf eine weitergehende Erkl\u00e4rung warten.<\/p>\n<p>Leider ist dieser Mitarbeiterbrief bis zum heutigen Tage nicht ver\u00f6ffentlicht worden.<\/p>\n<p>Die Minsterin sagte eine Information der Besch\u00e4ftigten im Landesbetrieb bis zum 13.10.2017 zu.<\/p>\n","protected":false},"excerpt":{"rendered":"<p>Im Rahmen der Einweihung des neuen \u201eTrainingshaus Holz\u201c im IDEE in Olsberg bestand kurzfristig die M\u00f6glichkeit eines kurzen Gespr\u00e4ches mit der Umweltschutzministerin<\/p>\n<p class=\"link-more\"><a class=\"myButt \" href=\"http:\/\/forst.igbau.nrw\/?p=480\">Weitere Infos &#8230;<\/a><\/p>\n","protected":false},"author":2,"featured_media":481,"comment_status":"open","ping_status":"open","sticky":false,"template":"","format":"standard","meta":{"ngg_post_thumbnail":0,"jetpack_post_was_ever_published":false,"_jetpack_newsletter_access":"","_jetpack_dont_email_post_to_subs":false,"_jetpack_newsletter_tier_id":0,"_jetpack_memberships_contains_paywalled_content":false,"_jetpack_memberships_contains_paid_content":false,"footnotes":"","jetpack_publicize_message":"","jetpack_publicize_feature_enabled":true,"jetpack_social_post_already_shared":false,"jetpack_social_options":{"image_generator_settings":{"template":"highway","default_image_id":0,"font":"","enabled":false},"version":2}},"categories":[5],"tags":[],"class_list":["post-480","post","type-post","status-publish","format-standard","has-post-thumbnail","hentry","category-forstwirtschaft"],"jetpack_publicize_connections":[],"jetpack_featured_media_url":"https:\/\/i0.wp.com\/forst.igbau.nrw\/wp-content\/uploads\/2017\/10\/IDEE_2017_10.jpg?fit=4032%2C3024","jetpack_sharing_enabled":true,"jetpack_shortlink":"https:\/\/wp.me\/p8x7f7-7K","jetpack-related-posts":[],"_links":{"self":[{"href":"http:\/\/forst.igbau.nrw\/index.php?rest_route=\/wp\/v2\/posts\/480","targetHints":{"allow":["GET"]}}],"collection":[{"href":"http:\/\/forst.igbau.nrw\/index.php?rest_route=\/wp\/v2\/posts"}],"about":[{"href":"http:\/\/forst.igbau.nrw\/index.php?rest_route=\/wp\/v2\/types\/post"}],"author":[{"embeddable":true,"href":"http:\/\/forst.igbau.nrw\/index.php?rest_route=\/wp\/v2\/users\/2"}],"replies":[{"embeddable":true,"href":"http:\/\/forst.igbau.nrw\/index.php?rest_route=%2Fwp%2Fv2%2Fcomments&post=480"}],"version-history":[{"count":2,"href":"http:\/\/forst.igbau.nrw\/index.php?rest_route=\/wp\/v2\/posts\/480\/revisions"}],"predecessor-version":[{"id":483,"href":"http:\/\/forst.igbau.nrw\/index.php?rest_route=\/wp\/v2\/posts\/480\/revisions\/483"}],"wp:featuredmedia":[{"embeddable":true,"href":"http:\/\/forst.igbau.nrw\/index.php?rest_route=\/wp\/v2\/media\/481"}],"wp:attachment":[{"href":"http:\/\/forst.igbau.nrw\/index.php?rest_route=%2Fwp%2Fv2%2Fmedia&parent=480"}],"wp:term":[{"taxonomy":"category","embeddable":true,"href":"http:\/\/forst.igbau.nrw\/index.php?rest_route=%2Fwp%2Fv2%2Fcategories&post=480"},{"taxonomy":"post_tag","embeddable":true,"href":"http:\/\/forst.igbau.nrw\/index.php?rest_route=%2Fwp%2Fv2%2Ftags&post=480"}],"curies":[{"name":"wp","href":"https:\/\/api.w.org\/{rel}","templated":true}]}}