{"id":485,"date":"2017-10-27T10:36:43","date_gmt":"2017-10-27T10:36:43","guid":{"rendered":"http:\/\/forst.igbau.nrw\/?p=485"},"modified":"2017-10-27T10:52:12","modified_gmt":"2017-10-27T10:52:12","slug":"kartell-und-beihilferechtliche-problematik-in-nordrhein-westfalen","status":"publish","type":"post","link":"http:\/\/forst.igbau.nrw\/?p=485","title":{"rendered":"Kartell- und beihilferechtliche Problematik in Nordrhein-Westfalen"},"content":{"rendered":"<p>Mit Schreiben vom 23.10. wurden die Mitglieder des Forstausschusses in NRW per EMail \u00a0in einem\u00a0<a href=\"http:\/\/forst.igbau.nrw\/wp-content\/uploads\/2017\/10\/Anschreiben-Forstausschuss.pdf\">7 seitigen Anschreiben<\/a>\u00a0\u00fcber die aktuellen Fragen zur\u00a0Kartell- und beihilferechtliche Problematik in Nordrhein-Westfalen informiert. Dieses Anschreiben verschriftlicht noch einmal die bereits in den letzten Wochen bekannt gewordenen Einsch\u00e4tzungen aus dem Termin mit dem Bundeskartellamt sowie die aktuelle Sachlage im Beihilfe Auskunftsersuchen der EU Kommission.<\/p>\n<p>Am 26.10. wurde die IG BAU nun auch auf dem postalischen Wege mit gleichlautenden \u00a0Aussagen angeschrieben.<\/p>\n<p>Die Landesvertretung der IG BAU hat die Ministerin in der Zwischenzeit angeschrieben und fordert unsere Beteiligung ein, wir sehen es als unbedingt erforderlich an, dass wir als Vertretung der Besch\u00e4ftigten \u00a0an allen ma\u00dfgeblichen Arbeitsgruppen beteiligt werden.<\/p>\n<p><a href=\"https:\/\/i0.wp.com\/forst.igbau.nrw\/wp-content\/uploads\/2017\/10\/Anschreiben_Ministerin_2017.png\"><img data-recalc-dims=\"1\" decoding=\"async\" data-attachment-id=\"492\" data-permalink=\"http:\/\/forst.igbau.nrw\/?attachment_id=492\" data-orig-file=\"https:\/\/i0.wp.com\/forst.igbau.nrw\/wp-content\/uploads\/2017\/10\/Anschreiben_Ministerin_2017.png?fit=566%2C800\" data-orig-size=\"566,800\" data-comments-opened=\"1\" data-image-meta=\"{&quot;aperture&quot;:&quot;0&quot;,&quot;credit&quot;:&quot;&quot;,&quot;camera&quot;:&quot;&quot;,&quot;caption&quot;:&quot;&quot;,&quot;created_timestamp&quot;:&quot;0&quot;,&quot;copyright&quot;:&quot;&quot;,&quot;focal_length&quot;:&quot;0&quot;,&quot;iso&quot;:&quot;0&quot;,&quot;shutter_speed&quot;:&quot;0&quot;,&quot;title&quot;:&quot;&quot;,&quot;orientation&quot;:&quot;0&quot;}\" data-image-title=\"Anschreiben_Ministerin_2017\" data-image-description=\"\" data-image-caption=\"\" data-large-file=\"https:\/\/i0.wp.com\/forst.igbau.nrw\/wp-content\/uploads\/2017\/10\/Anschreiben_Ministerin_2017.png?fit=566%2C800\" class=\"aligncenter wp-image-492 size-thumbnail\" src=\"https:\/\/i0.wp.com\/forst.igbau.nrw\/wp-content\/uploads\/2017\/10\/Anschreiben_Ministerin_2017.png?resize=150%2C150\" alt=\"\" width=\"150\" height=\"150\" srcset=\"https:\/\/i0.wp.com\/forst.igbau.nrw\/wp-content\/uploads\/2017\/10\/Anschreiben_Ministerin_2017.png?resize=150%2C150 150w, https:\/\/i0.wp.com\/forst.igbau.nrw\/wp-content\/uploads\/2017\/10\/Anschreiben_Ministerin_2017.png?zoom=2&amp;resize=150%2C150 300w, https:\/\/i0.wp.com\/forst.igbau.nrw\/wp-content\/uploads\/2017\/10\/Anschreiben_Ministerin_2017.png?zoom=3&amp;resize=150%2C150 450w\" sizes=\"(max-width: 150px) 100vw, 150px\" \/><\/a><\/p>\n<p>Eine Beschr\u00e4nkung der Diskussion \u00fcber eine zuk\u00fcnftige Gestaltung der Rahmenbedingungen im Wald und der Forstwirtschaft auf einzelne Lobbyverb\u00e4nde k\u00f6nnen und werden wir nicht akzeptieren.<\/p>\n","protected":false},"excerpt":{"rendered":"<p>Mit Schreiben vom 23.10. wurden die Mitglieder des Forstausschusses in NRW per EMail \u00a0in einem\u00a07 seitigen Anschreiben\u00a0\u00fcber die aktuellen Fragen zur\u00a0Kartell- und<\/p>\n<p class=\"link-more\"><a class=\"myButt \" href=\"http:\/\/forst.igbau.nrw\/?p=485\">Weitere Infos &#8230;<\/a><\/p>\n","protected":false},"author":2,"featured_media":324,"comment_status":"open","ping_status":"open","sticky":false,"template":"","format":"standard","meta":{"ngg_post_thumbnail":0,"jetpack_post_was_ever_published":false,"_jetpack_newsletter_access":"","_jetpack_dont_email_post_to_subs":false,"_jetpack_newsletter_tier_id":0,"_jetpack_memberships_contains_paywalled_content":false,"_jetpack_memberships_contains_paid_content":false,"footnotes":"","jetpack_publicize_message":"","jetpack_publicize_feature_enabled":true,"jetpack_social_post_already_shared":false,"jetpack_social_options":{"image_generator_settings":{"template":"highway","default_image_id":0,"font":"","enabled":false},"version":2}},"categories":[4,5,8],"tags":[],"class_list":["post-485","post","type-post","status-publish","format-standard","has-post-thumbnail","hentry","category-forstpolitik","category-forstwirtschaft","category-ig-bau"],"jetpack_publicize_connections":[],"jetpack_featured_media_url":"https:\/\/i0.wp.com\/forst.igbau.nrw\/wp-content\/uploads\/2017\/03\/logo_igbau_original_gross-e1491225332768.png?fit=745%2C288","jetpack_sharing_enabled":true,"jetpack_shortlink":"https:\/\/wp.me\/p8x7f7-7P","jetpack-related-posts":[],"_links":{"self":[{"href":"http:\/\/forst.igbau.nrw\/index.php?rest_route=\/wp\/v2\/posts\/485","targetHints":{"allow":["GET"]}}],"collection":[{"href":"http:\/\/forst.igbau.nrw\/index.php?rest_route=\/wp\/v2\/posts"}],"about":[{"href":"http:\/\/forst.igbau.nrw\/index.php?rest_route=\/wp\/v2\/types\/post"}],"author":[{"embeddable":true,"href":"http:\/\/forst.igbau.nrw\/index.php?rest_route=\/wp\/v2\/users\/2"}],"replies":[{"embeddable":true,"href":"http:\/\/forst.igbau.nrw\/index.php?rest_route=%2Fwp%2Fv2%2Fcomments&post=485"}],"version-history":[{"count":6,"href":"http:\/\/forst.igbau.nrw\/index.php?rest_route=\/wp\/v2\/posts\/485\/revisions"}],"predecessor-version":[{"id":496,"href":"http:\/\/forst.igbau.nrw\/index.php?rest_route=\/wp\/v2\/posts\/485\/revisions\/496"}],"wp:featuredmedia":[{"embeddable":true,"href":"http:\/\/forst.igbau.nrw\/index.php?rest_route=\/wp\/v2\/media\/324"}],"wp:attachment":[{"href":"http:\/\/forst.igbau.nrw\/index.php?rest_route=%2Fwp%2Fv2%2Fmedia&parent=485"}],"wp:term":[{"taxonomy":"category","embeddable":true,"href":"http:\/\/forst.igbau.nrw\/index.php?rest_route=%2Fwp%2Fv2%2Fcategories&post=485"},{"taxonomy":"post_tag","embeddable":true,"href":"http:\/\/forst.igbau.nrw\/index.php?rest_route=%2Fwp%2Fv2%2Ftags&post=485"}],"curies":[{"name":"wp","href":"https:\/\/api.w.org\/{rel}","templated":true}]}}