{"id":498,"date":"2017-11-09T20:13:56","date_gmt":"2017-11-09T20:13:56","guid":{"rendered":"http:\/\/forst.igbau.nrw\/?p=498"},"modified":"2017-11-09T20:13:56","modified_gmt":"2017-11-09T20:13:56","slug":"fachgespraech-der-landesvertretung-nrw-mit-mdl-markus-diekhoff-fdp","status":"publish","type":"post","link":"http:\/\/forst.igbau.nrw\/?p=498","title":{"rendered":"Fachgespr\u00e4ch der Landesvertretung NRW mit MDL Markus Diekhoff \/ FDP"},"content":{"rendered":"<div>Am 07.11. fand die Landesvertretung in NRW kurzfristig die M\u00f6glichkeit im Anschluss an eine Vorstandssitzung ein Treffen mit Herrn MDL Markus Diekhoff sowie Herrn Ron Schindler zu vereinbaren.<br \/>\nHerrn Diekhoff ist Sprecher und ordentliches Mitglied des Ausschusses f\u00fcr Umwelt, Landwirtschaft, Natur- und Verbraucherschutz \u00a0f\u00fcr die FDP Landtagsfraktion im Landtag von NRW.<\/div>\n<div>\nDie Landesvertretung in NRW nutzte den Termin um in einem ersten Fachgespr\u00e4ch nach der Landtagswahl die aktuellen Themen im Wald und in der Forstwirtschaft anzusprechen.<br \/>\nInsbesondere erfolgte ein Informationsaustausch \u00fcber die aktuellen Sachst\u00e4nde der Auswirkungen der bundeskartellrechtlichen Forderungen und der weiteren Vorgehensweise in dieser Fragestellung. Die Landesvertretung hat darauf hingewiesen dass bei einer kurzfristigen und abrupten Beendigung des derzeitigen Betreuungsangebotes des Landesbetriebes Wald und Holz Nordrhein-Westfalen die Folgen f\u00fcr die Forst- und Holzwirtschaft m\u00f6glicherweise irreparabel sein k\u00f6nnten und sich nachhaltig negativ auf das Cluster Wald und Holz auswirken.<br \/>\nUm zu erreichen, dass auf dem Weg in eine neue Gestaltung der Forstwirtschaft in NRW auch die Interessen der Besch\u00e4ftigten im Cluster ausreichend ber\u00fccksichtigt werden wurde auch an dieser Stelle darauf hingewiesen dass die IG BAU als Beteiligte an den geplanten Arbeitsgruppen zu diesem Thema auf Landesebene beteiligt werden muss.<\/div>\n<div><\/div>\n<div>Positiv nahmen die Landesvertretung die Aussage von Herrn Diekhoff auf, dass auch die FDP Landtagsfraktion zur Fortsetzung der Einheitsforstverwaltung in NRW steht.<\/div>\n<div>\nIn der Diskussion stellte die IG BAU auch noch einmal eine \u00dcbersicht der Leistungen von Wald und Holz NRW dar, insbesondere die Alleinstellung f\u00fcr eine nachhaltige fachlich hoch qualifizierte forstliche Ausbildung in NRW muss auch zuk\u00fcnftig gew\u00e4hrleistet werden.<br \/>\nNeben weiteren Themen wurde auch unsere Initiative zur Erweiterung des besonderen Schutzes von Vollzugskr\u00e4ften vergleichbar der Polizei, Feuerwehr und den Rettungsdiensten auf die Kolleginnen und Kollegen im forstlichen Au\u00dfendienst er\u00f6rtert. Diese Problematik war bzw. ist auch Herr Diekhoff so nicht gegenw\u00e4rtig \u00a0gewesen.<\/div>\n<div>Die Landesvertretung hat diese Anregung bereits im Rahmen der Gespr\u00e4che vor der Landtagswahl bei verschiedenen Terminen mit der Politik beworben und hofft hier auch bei der FDP um eine Unterst\u00fctzung.<\/div>\n<div>\nAbschlie\u00dfend bot die IG BAU sich als kompetenter Ansprechpartner in allen Fragen der n\u00e4chsten Legislaturperiode an, die den Wald und die Forstwirtschaft betreffen, insbesondere zu den angek\u00fcndigten Gesetzes\u00e4nderungen werden wir uns fachlich und inhaltlich einbringen.<\/div>\n","protected":false},"excerpt":{"rendered":"<p>Am 07.11. fand die Landesvertretung in NRW kurzfristig die M\u00f6glichkeit im Anschluss an eine Vorstandssitzung ein Treffen mit Herrn MDL Markus Diekhoff<\/p>\n<p class=\"link-more\"><a class=\"myButt \" href=\"http:\/\/forst.igbau.nrw\/?p=498\">Weitere Infos &#8230;<\/a><\/p>\n","protected":false},"author":2,"featured_media":324,"comment_status":"open","ping_status":"open","sticky":false,"template":"","format":"standard","meta":{"ngg_post_thumbnail":0,"jetpack_post_was_ever_published":false,"_jetpack_newsletter_access":"","_jetpack_dont_email_post_to_subs":false,"_jetpack_newsletter_tier_id":0,"_jetpack_memberships_contains_paywalled_content":false,"_jetpack_memberships_contains_paid_content":false,"footnotes":"","jetpack_publicize_message":"","jetpack_publicize_feature_enabled":true,"jetpack_social_post_already_shared":false,"jetpack_social_options":{"image_generator_settings":{"template":"highway","default_image_id":0,"font":"","enabled":false},"version":2}},"categories":[4,8],"tags":[],"class_list":["post-498","post","type-post","status-publish","format-standard","has-post-thumbnail","hentry","category-forstpolitik","category-ig-bau"],"jetpack_publicize_connections":[],"jetpack_featured_media_url":"https:\/\/i0.wp.com\/forst.igbau.nrw\/wp-content\/uploads\/2017\/03\/logo_igbau_original_gross-e1491225332768.png?fit=745%2C288","jetpack_sharing_enabled":true,"jetpack_shortlink":"https:\/\/wp.me\/p8x7f7-82","jetpack-related-posts":[],"_links":{"self":[{"href":"http:\/\/forst.igbau.nrw\/index.php?rest_route=\/wp\/v2\/posts\/498","targetHints":{"allow":["GET"]}}],"collection":[{"href":"http:\/\/forst.igbau.nrw\/index.php?rest_route=\/wp\/v2\/posts"}],"about":[{"href":"http:\/\/forst.igbau.nrw\/index.php?rest_route=\/wp\/v2\/types\/post"}],"author":[{"embeddable":true,"href":"http:\/\/forst.igbau.nrw\/index.php?rest_route=\/wp\/v2\/users\/2"}],"replies":[{"embeddable":true,"href":"http:\/\/forst.igbau.nrw\/index.php?rest_route=%2Fwp%2Fv2%2Fcomments&post=498"}],"version-history":[{"count":1,"href":"http:\/\/forst.igbau.nrw\/index.php?rest_route=\/wp\/v2\/posts\/498\/revisions"}],"predecessor-version":[{"id":499,"href":"http:\/\/forst.igbau.nrw\/index.php?rest_route=\/wp\/v2\/posts\/498\/revisions\/499"}],"wp:featuredmedia":[{"embeddable":true,"href":"http:\/\/forst.igbau.nrw\/index.php?rest_route=\/wp\/v2\/media\/324"}],"wp:attachment":[{"href":"http:\/\/forst.igbau.nrw\/index.php?rest_route=%2Fwp%2Fv2%2Fmedia&parent=498"}],"wp:term":[{"taxonomy":"category","embeddable":true,"href":"http:\/\/forst.igbau.nrw\/index.php?rest_route=%2Fwp%2Fv2%2Fcategories&post=498"},{"taxonomy":"post_tag","embeddable":true,"href":"http:\/\/forst.igbau.nrw\/index.php?rest_route=%2Fwp%2Fv2%2Ftags&post=498"}],"curies":[{"name":"wp","href":"https:\/\/api.w.org\/{rel}","templated":true}]}}