{"id":511,"date":"2017-11-18T10:03:51","date_gmt":"2017-11-18T10:03:51","guid":{"rendered":"http:\/\/forst.igbau.nrw\/?p=511"},"modified":"2017-12-12T10:14:05","modified_gmt":"2017-12-12T10:14:05","slug":"herbstsitzung-des-ausschusses-fuer-oeffentlichkeitsarbeit-des-deutschen-forstwirtschaftsrates","status":"publish","type":"post","link":"http:\/\/forst.igbau.nrw\/?p=511","title":{"rendered":"Herbstsitzung des Ausschusses f\u00fcr \u00d6ffentlichkeitsarbeit des Deutschen Forstwirtschaftsrates"},"content":{"rendered":"<p>Am 14. November fand die diesj\u00e4hrige Herbstsitzung des Ausschusses f\u00fcr \u00d6ffentlichkeitsarbeit des Deutschen Forstwirtschaftsrates am Rande der Weltklimakonferenz (COP 23) in Bonn statt.<\/p>\n<p>Die Arbeitssitzung fand in den R\u00e4umlichkeiten des European Forest Institute (EFI) statt.<\/p>\n<p>Das <a href=\"https:\/\/www.bmel.de\/SharedDocs\/Pressemitteilungen\/2017\/023-EFI.html;nn=312878\" target=\"_blank\" rel=\"noopener\">EFI hat erst seit M\u00e4rz 2017<\/a> seinen Sitz in Bonn.<\/p>\n<p>Anschlie\u00dfend besuchten die Vertreter der forstlichen \u00d6ffentlichkeitsarbeit den Stand der &#8222;Deutschen Forstwirtschaft&#8220; in der Rheinaue.<\/p>\n<p><a href=\"https:\/\/i0.wp.com\/forst.igbau.nrw\/wp-content\/uploads\/2017\/12\/P1020028.jpg\"><img data-recalc-dims=\"1\" fetchpriority=\"high\" decoding=\"async\" data-attachment-id=\"514\" data-permalink=\"http:\/\/forst.igbau.nrw\/?attachment_id=514\" data-orig-file=\"https:\/\/i0.wp.com\/forst.igbau.nrw\/wp-content\/uploads\/2017\/12\/P1020028.jpg?fit=2296%2C1724\" data-orig-size=\"2296,1724\" data-comments-opened=\"1\" data-image-meta=\"{&quot;aperture&quot;:&quot;6.3&quot;,&quot;credit&quot;:&quot;Peter Wicke&quot;,&quot;camera&quot;:&quot;DMC-G81&quot;,&quot;caption&quot;:&quot;&quot;,&quot;created_timestamp&quot;:&quot;1510670246&quot;,&quot;copyright&quot;:&quot;Peter Wicke&quot;,&quot;focal_length&quot;:&quot;12&quot;,&quot;iso&quot;:&quot;200&quot;,&quot;shutter_speed&quot;:&quot;0.003125&quot;,&quot;title&quot;:&quot;&quot;,&quot;orientation&quot;:&quot;1&quot;}\" data-image-title=\"Stand der Deutschen Forstwirtschaft \/ Skulptur\" data-image-description=\"\" data-image-caption=\"\" data-large-file=\"https:\/\/i0.wp.com\/forst.igbau.nrw\/wp-content\/uploads\/2017\/12\/P1020028.jpg?fit=640%2C481\" class=\"aligncenter wp-image-514 size-medium\" src=\"https:\/\/i0.wp.com\/forst.igbau.nrw\/wp-content\/uploads\/2017\/12\/P1020028.jpg?resize=300%2C225\" alt=\"\" width=\"300\" height=\"225\" srcset=\"https:\/\/i0.wp.com\/forst.igbau.nrw\/wp-content\/uploads\/2017\/12\/P1020028.jpg?resize=300%2C225 300w, https:\/\/i0.wp.com\/forst.igbau.nrw\/wp-content\/uploads\/2017\/12\/P1020028.jpg?resize=768%2C577 768w, https:\/\/i0.wp.com\/forst.igbau.nrw\/wp-content\/uploads\/2017\/12\/P1020028.jpg?resize=1024%2C769 1024w, https:\/\/i0.wp.com\/forst.igbau.nrw\/wp-content\/uploads\/2017\/12\/P1020028.jpg?w=1280 1280w, https:\/\/i0.wp.com\/forst.igbau.nrw\/wp-content\/uploads\/2017\/12\/P1020028.jpg?w=1920 1920w\" sizes=\"(max-width: 300px) 100vw, 300px\" \/><\/a><\/p>\n<p>Den Auftritt der Forstwirtschaft in Deutschland bei der COP 23 wurde in den sozialen Medien unter\u00a0 <a href=\"http:\/\/cop23.german-forestry.com\/\">http:\/\/cop23.german-forestry.com<\/a> \u00a0(englisch) bzw.<a href=\"https:\/\/www.forstwirtschaft-in-deutschland.de\/aktuelles\/cop-23\">https:\/\/www.forstwirtschaft-in-deutschland.de\/aktuelles\/cop-23<\/a> \u00a0(deutsch) sowie auf Facebook (<a href=\"https:\/\/facebook.com\/forstwirtschaft.in.deutschland\">https:\/\/facebook.com\/forstwirtschaft.in.deutschland<\/a>) oder \u00fcber Twitter (<a href=\"https:\/\/twitter.com\/FoersterCarlo\">https:\/\/twitter.com\/FoersterCarlo<\/a>) pr\u00e4sentiert.<\/p>\n<p><a href=\"http:\/\/dfwr.de\/index.php\"><img data-recalc-dims=\"1\" decoding=\"async\" data-attachment-id=\"519\" data-permalink=\"http:\/\/forst.igbau.nrw\/?attachment_id=519\" data-orig-file=\"https:\/\/i0.wp.com\/forst.igbau.nrw\/wp-content\/uploads\/2017\/11\/dfwrlogo.jpg?fit=227%2C117\" data-orig-size=\"227,117\" data-comments-opened=\"1\" data-image-meta=\"{&quot;aperture&quot;:&quot;0&quot;,&quot;credit&quot;:&quot;&quot;,&quot;camera&quot;:&quot;&quot;,&quot;caption&quot;:&quot;&quot;,&quot;created_timestamp&quot;:&quot;0&quot;,&quot;copyright&quot;:&quot;&quot;,&quot;focal_length&quot;:&quot;0&quot;,&quot;iso&quot;:&quot;0&quot;,&quot;shutter_speed&quot;:&quot;0&quot;,&quot;title&quot;:&quot;&quot;,&quot;orientation&quot;:&quot;0&quot;}\" data-image-title=\"DFWR Logo\" data-image-description=\"\" data-image-caption=\"\" data-large-file=\"https:\/\/i0.wp.com\/forst.igbau.nrw\/wp-content\/uploads\/2017\/11\/dfwrlogo.jpg?fit=227%2C117\" class=\"aligncenter wp-image-519 size-full\" src=\"https:\/\/i0.wp.com\/forst.igbau.nrw\/wp-content\/uploads\/2017\/11\/dfwrlogo.jpg?resize=227%2C117\" alt=\"\" width=\"227\" height=\"117\" \/><\/a><\/p>\n<p>&nbsp;<\/p>\n<p>Die IG BAU ist st\u00e4ndiges Mitglied im Ausschuss f\u00fcr \u00d6ffentlichkeitsarbeit (AF\u00d6), beim <a href=\"http:\/\/dfwr.de\/index.php\" target=\"_blank\" rel=\"noopener\">Deutschen Forstwirtschaftsrat<\/a> (DFWR). Die Fachaussch\u00fcsse des DFWR haben die Aufgabe, in ihrem Zust\u00e4ndigkeitsbereich spezifische Themenstellungen zu bearbeiten und Vorschl\u00e4ge f\u00fcr die j\u00e4hrliche Mitgliederversammlung sowie das Pr\u00e4sidium des DFRW auszuarbeiten.<\/p>\n","protected":false},"excerpt":{"rendered":"<p>Am 14. November fand die diesj\u00e4hrige Herbstsitzung des Ausschusses f\u00fcr \u00d6ffentlichkeitsarbeit des Deutschen Forstwirtschaftsrates am Rande der Weltklimakonferenz (COP 23) in Bonn<\/p>\n<p class=\"link-more\"><a class=\"myButt \" href=\"http:\/\/forst.igbau.nrw\/?p=511\">Weitere Infos &#8230;<\/a><\/p>\n","protected":false},"author":2,"featured_media":513,"comment_status":"open","ping_status":"open","sticky":false,"template":"","format":"standard","meta":{"ngg_post_thumbnail":0,"jetpack_post_was_ever_published":false,"_jetpack_newsletter_access":"","_jetpack_dont_email_post_to_subs":false,"_jetpack_newsletter_tier_id":0,"_jetpack_memberships_contains_paywalled_content":false,"_jetpack_memberships_contains_paid_content":false,"footnotes":"","jetpack_publicize_message":"","jetpack_publicize_feature_enabled":true,"jetpack_social_post_already_shared":false,"jetpack_social_options":{"image_generator_settings":{"template":"highway","default_image_id":0,"font":"","enabled":false},"version":2}},"categories":[4,5,8,15],"tags":[],"class_list":["post-511","post","type-post","status-publish","format-standard","has-post-thumbnail","hentry","category-forstpolitik","category-forstwirtschaft","category-ig-bau","category-oeffentlichkeitsarbeit"],"jetpack_publicize_connections":[],"jetpack_featured_media_url":"https:\/\/i0.wp.com\/forst.igbau.nrw\/wp-content\/uploads\/2017\/12\/P1020031.jpg?fit=2253%2C1126","jetpack_sharing_enabled":true,"jetpack_shortlink":"https:\/\/wp.me\/p8x7f7-8f","jetpack-related-posts":[],"_links":{"self":[{"href":"http:\/\/forst.igbau.nrw\/index.php?rest_route=\/wp\/v2\/posts\/511","targetHints":{"allow":["GET"]}}],"collection":[{"href":"http:\/\/forst.igbau.nrw\/index.php?rest_route=\/wp\/v2\/posts"}],"about":[{"href":"http:\/\/forst.igbau.nrw\/index.php?rest_route=\/wp\/v2\/types\/post"}],"author":[{"embeddable":true,"href":"http:\/\/forst.igbau.nrw\/index.php?rest_route=\/wp\/v2\/users\/2"}],"replies":[{"embeddable":true,"href":"http:\/\/forst.igbau.nrw\/index.php?rest_route=%2Fwp%2Fv2%2Fcomments&post=511"}],"version-history":[{"count":7,"href":"http:\/\/forst.igbau.nrw\/index.php?rest_route=\/wp\/v2\/posts\/511\/revisions"}],"predecessor-version":[{"id":521,"href":"http:\/\/forst.igbau.nrw\/index.php?rest_route=\/wp\/v2\/posts\/511\/revisions\/521"}],"wp:featuredmedia":[{"embeddable":true,"href":"http:\/\/forst.igbau.nrw\/index.php?rest_route=\/wp\/v2\/media\/513"}],"wp:attachment":[{"href":"http:\/\/forst.igbau.nrw\/index.php?rest_route=%2Fwp%2Fv2%2Fmedia&parent=511"}],"wp:term":[{"taxonomy":"category","embeddable":true,"href":"http:\/\/forst.igbau.nrw\/index.php?rest_route=%2Fwp%2Fv2%2Fcategories&post=511"},{"taxonomy":"post_tag","embeddable":true,"href":"http:\/\/forst.igbau.nrw\/index.php?rest_route=%2Fwp%2Fv2%2Ftags&post=511"}],"curies":[{"name":"wp","href":"https:\/\/api.w.org\/{rel}","templated":true}]}}