{"id":548,"date":"2018-02-07T20:14:08","date_gmt":"2018-02-07T20:14:08","guid":{"rendered":"http:\/\/forst.igbau.nrw\/?p=548"},"modified":"2018-02-14T16:37:05","modified_gmt":"2018-02-14T16:37:05","slug":"gespraech-mit-der-ministerin","status":"publish","type":"post","link":"http:\/\/forst.igbau.nrw\/?p=548","title":{"rendered":"Gespr\u00e4ch mit der Ministerin"},"content":{"rendered":"<p>Am 05.12. fand das erste offizielle Treffen der IG Bau Landesvertretung NRW mit Ministerin Christina Schulze F\u00f6cking statt. Die Kollegen Marc Redemann und Peter Wicke trafen sich mit der Ministerin und dem Landesforstchef Herrn Hubert Kaiser im MULNV um in einem kurzen Gespr\u00e4ch relevante forstliche und gewerkschaftliche Themen anzusprechen. Bedingt durch die aktuellen Sturmsch\u00e4den konnten die Kollegen Stefan D\u00f6rr und Michael Gosmann leider den Termin nicht wahrnehmen, da Sie zur Zeit mit der Aufarbeitung vor Ort terminlich mehr als ausgelastet sind.<\/p>\n<p>Die aktuelle Situation und die Fragen \u00fcber die Wahrnehmung einer zuk\u00fcnftigen zentralen Vorsorge des Landes bei Katastrophen im Wald wurde dann auch einleitend als erstes Thema besprochen.<\/p>\n<p>Der Landesregierung ist sich nach Aussage der Ministerin der Leistungen und dem Engagement der Besch\u00e4ftigten im Landesbetrieb bei Sturmsch\u00e4den bewusst. Die Landesvertretung der IG BAU zeigte anhand des Sturmes Friederike auf, das eine Daseinsvorsorge im Katastrophenfall unabdingbar f\u00fcr ein Land wie NRW sein muss.<\/p>\n<p>Ein Schwerpunkt des Gespr\u00e4ches war vor allem die noch ausstehende Beteiligung der IG BAU als Vertretung der Arbeitnehmer an den Arbeitsgruppen zur Neugestaltung der forstlichen Rahmenbedingungen in NRW, dieser Kritikpunkt stand noch im Raum und wurde im Laufe des Gespr\u00e4ches ausger\u00e4umt,\u00a0 es gibt die feste Zusage der Ministerin das wir als Gewerkschaft an der Sitzung der Stakeholder Arbeitsgruppe beteiligt werden und dass zeitnah eine Einladung an die IG BAU erfolgen wird.<\/p>\n<p>In den Kartellrechtlichen Fragen schauen alle Beteiligten wie zu erwarten trotz der angelaufenen Arbeitsgruppen auf den Termin des Bundesgerichtshofes am 10.04.2018 zur Rechtm\u00e4\u00dfigkeit des Bundeswaldgesetzes \u00a7 46, vor einer Entscheidung auf Bundesebene sind die endg\u00fcltigen Rahmenbedingungen nicht klar abzugrenzen dies gilt letztendlich auch f\u00fcr Nordrhein-Westfalen.<\/p>\n<p>Im Gespr\u00e4ch best\u00e4tigte Frau Ministerin Schulze F\u00f6cking, dass es zum jetzigen Zeitpunkt keine Absichten gibt Arbeitsstellen bei Wald und Holz NRW abzubauen oder verwaltungstechnisch kw zu setzen.<\/p>\n<p><em>(Als kw-Vermerk oder auch Wegfallvermerk werden Stellen bezeichnet die zuk\u00fcnftig wegfallen. In einem kw-Vermerk wird auch der Zeitpunkt festgeschrieben ab dem die jeweilige Stelle wegf\u00e4llt)<\/em>.<\/p>\n<p>Als weiteres Thema hat die Landesvertretung auf die Angebote und Leistungen in der Umweltbildung durch Wald und Holz NRW hingewiesen, mit der klaren Bitte diese gem\u00e4\u00df den Zielen im Koalitionsvertrag weiter auszubauen, diese Bitte wurde im Gespr\u00e4ch Seitens der Ministerin klar unterst\u00fctzt.<\/p>\n<p>Abschlie\u00dfend bat die Landesvertretung noch einmal um die kurzfristige Terminierung zur AG Stakeholder und darum das der IG BAU zur Vorbereitung der Sitzung die Ergebnisse der bereits erfolgten Arbeitsgruppen zugesandt werden.<\/p>\n<p><em>\u201e In der Zwischenzeit erfolgte die Einladung zur Auftaktsitzung am 20.03.2018.\u201c<\/em><\/p>\n<p>&nbsp;<\/p>\n","protected":false},"excerpt":{"rendered":"<p>Am 05.12. fand das erste offizielle Treffen der IG Bau Landesvertretung NRW mit Ministerin Christina Schulze F\u00f6cking statt. Die Kollegen Marc Redemann<\/p>\n<p class=\"link-more\"><a class=\"myButt \" href=\"http:\/\/forst.igbau.nrw\/?p=548\">Weitere Infos &#8230;<\/a><\/p>\n","protected":false},"author":2,"featured_media":324,"comment_status":"open","ping_status":"open","sticky":false,"template":"","format":"standard","meta":{"ngg_post_thumbnail":0,"jetpack_post_was_ever_published":false,"_jetpack_newsletter_access":"","_jetpack_dont_email_post_to_subs":false,"_jetpack_newsletter_tier_id":0,"_jetpack_memberships_contains_paywalled_content":false,"_jetpack_memberships_contains_paid_content":false,"footnotes":"","jetpack_publicize_message":"","jetpack_publicize_feature_enabled":true,"jetpack_social_post_already_shared":false,"jetpack_social_options":{"image_generator_settings":{"template":"highway","default_image_id":0,"font":"","enabled":false},"version":2}},"categories":[4,5,8],"tags":[],"class_list":["post-548","post","type-post","status-publish","format-standard","has-post-thumbnail","hentry","category-forstpolitik","category-forstwirtschaft","category-ig-bau"],"jetpack_publicize_connections":[],"jetpack_featured_media_url":"https:\/\/i0.wp.com\/forst.igbau.nrw\/wp-content\/uploads\/2017\/03\/logo_igbau_original_gross-e1491225332768.png?fit=745%2C288","jetpack_sharing_enabled":true,"jetpack_shortlink":"https:\/\/wp.me\/p8x7f7-8Q","jetpack-related-posts":[],"_links":{"self":[{"href":"http:\/\/forst.igbau.nrw\/index.php?rest_route=\/wp\/v2\/posts\/548","targetHints":{"allow":["GET"]}}],"collection":[{"href":"http:\/\/forst.igbau.nrw\/index.php?rest_route=\/wp\/v2\/posts"}],"about":[{"href":"http:\/\/forst.igbau.nrw\/index.php?rest_route=\/wp\/v2\/types\/post"}],"author":[{"embeddable":true,"href":"http:\/\/forst.igbau.nrw\/index.php?rest_route=\/wp\/v2\/users\/2"}],"replies":[{"embeddable":true,"href":"http:\/\/forst.igbau.nrw\/index.php?rest_route=%2Fwp%2Fv2%2Fcomments&post=548"}],"version-history":[{"count":4,"href":"http:\/\/forst.igbau.nrw\/index.php?rest_route=\/wp\/v2\/posts\/548\/revisions"}],"predecessor-version":[{"id":552,"href":"http:\/\/forst.igbau.nrw\/index.php?rest_route=\/wp\/v2\/posts\/548\/revisions\/552"}],"wp:featuredmedia":[{"embeddable":true,"href":"http:\/\/forst.igbau.nrw\/index.php?rest_route=\/wp\/v2\/media\/324"}],"wp:attachment":[{"href":"http:\/\/forst.igbau.nrw\/index.php?rest_route=%2Fwp%2Fv2%2Fmedia&parent=548"}],"wp:term":[{"taxonomy":"category","embeddable":true,"href":"http:\/\/forst.igbau.nrw\/index.php?rest_route=%2Fwp%2Fv2%2Fcategories&post=548"},{"taxonomy":"post_tag","embeddable":true,"href":"http:\/\/forst.igbau.nrw\/index.php?rest_route=%2Fwp%2Fv2%2Ftags&post=548"}],"curies":[{"name":"wp","href":"https:\/\/api.w.org\/{rel}","templated":true}]}}