{"id":555,"date":"2018-02-22T10:19:42","date_gmt":"2018-02-22T10:19:42","guid":{"rendered":"http:\/\/forst.igbau.nrw\/?p=555"},"modified":"2018-02-22T10:26:47","modified_gmt":"2018-02-22T10:26:47","slug":"entschaedigungsanspruch-durchgesetzt-erfolgreiche-beispiele-aus-der-forstpraxis","status":"publish","type":"post","link":"http:\/\/forst.igbau.nrw\/?p=555","title":{"rendered":"Entsch\u00e4digungsanspruch durchgesetzt! \u2013 Erfolgreiche Beispiele aus der Forstpraxis"},"content":{"rendered":"<p>Unter diesem Thema fand am 21.02. im M\u00fcnster als Teil der DLG Wintertagung ein Impulsforum mit anschlie\u00dfender Diskussion statt. Die f\u00fcr ein solches Fachthema gut besuchte Veranstaltung wurde eingeleitet  durch 2 Impulsvortr\u00e4ge zu den Themen: &#8222;Fl\u00e4cheninanspruchnahme in Forstbetrieben, wie reagieren&#8220; ein Beitrag von<br \/>\nProf. Dr. Ewald Endres au\u00dferdem der Vortrag von Herrn Prof. Dr. Frank Setzer &#8222;Was alles im Forstbetrieb entsch\u00e4digt wird&#8220;.<\/p>\n<p>Die zum Teil sehr konkreten Diskussionsbeitr\u00e4ge aus dem Forum zeigten den Bedarf an Kl\u00e4rungen zu Fragen eines m\u00f6glichen Schadenersatzes, Wertminderungen, Entsch\u00e4digungen, Wertermittlung von betroffenen Best\u00e4nden, Enteignungsverfahren und vieles mehr.<\/p>\n<p>Nat\u00fcrlich konnten die Beitr\u00e4ge von Prof. Dr. Ewald Endres und Herrn Prof. Dr. Frank Setzer nur einen Abriss des Themas darstellen, trotzdem gab es einige praktische Hinweise woran die Betroffenen Waldbesitzer bei bestehenden Inanspruchnahmen denken sollten.<\/p>\n","protected":false},"excerpt":{"rendered":"<p>Unter diesem Thema fand am 21.02. im M\u00fcnster als Teil der DLG Wintertagung ein Impulsforum mit anschlie\u00dfender Diskussion statt. Die f\u00fcr ein<\/p>\n<p class=\"link-more\"><a class=\"myButt \" href=\"http:\/\/forst.igbau.nrw\/?p=555\">Weitere Infos &#8230;<\/a><\/p>\n","protected":false},"author":2,"featured_media":557,"comment_status":"open","ping_status":"open","sticky":false,"template":"","format":"standard","meta":{"ngg_post_thumbnail":0,"jetpack_post_was_ever_published":false,"_jetpack_newsletter_access":"","_jetpack_dont_email_post_to_subs":false,"_jetpack_newsletter_tier_id":0,"_jetpack_memberships_contains_paywalled_content":false,"_jetpack_memberships_contains_paid_content":false,"footnotes":"","jetpack_publicize_message":"","jetpack_publicize_feature_enabled":true,"jetpack_social_post_already_shared":false,"jetpack_social_options":{"image_generator_settings":{"template":"highway","default_image_id":0,"font":"","enabled":false},"version":2}},"categories":[5],"tags":[],"class_list":["post-555","post","type-post","status-publish","format-standard","has-post-thumbnail","hentry","category-forstwirtschaft"],"jetpack_publicize_connections":[],"jetpack_featured_media_url":"https:\/\/i0.wp.com\/forst.igbau.nrw\/wp-content\/uploads\/2018\/02\/DLG_Tagung_2018_1.jpg?fit=4032%2C3024","jetpack_sharing_enabled":true,"jetpack_shortlink":"https:\/\/wp.me\/p8x7f7-8X","jetpack-related-posts":[],"_links":{"self":[{"href":"http:\/\/forst.igbau.nrw\/index.php?rest_route=\/wp\/v2\/posts\/555","targetHints":{"allow":["GET"]}}],"collection":[{"href":"http:\/\/forst.igbau.nrw\/index.php?rest_route=\/wp\/v2\/posts"}],"about":[{"href":"http:\/\/forst.igbau.nrw\/index.php?rest_route=\/wp\/v2\/types\/post"}],"author":[{"embeddable":true,"href":"http:\/\/forst.igbau.nrw\/index.php?rest_route=\/wp\/v2\/users\/2"}],"replies":[{"embeddable":true,"href":"http:\/\/forst.igbau.nrw\/index.php?rest_route=%2Fwp%2Fv2%2Fcomments&post=555"}],"version-history":[{"count":6,"href":"http:\/\/forst.igbau.nrw\/index.php?rest_route=\/wp\/v2\/posts\/555\/revisions"}],"predecessor-version":[{"id":563,"href":"http:\/\/forst.igbau.nrw\/index.php?rest_route=\/wp\/v2\/posts\/555\/revisions\/563"}],"wp:featuredmedia":[{"embeddable":true,"href":"http:\/\/forst.igbau.nrw\/index.php?rest_route=\/wp\/v2\/media\/557"}],"wp:attachment":[{"href":"http:\/\/forst.igbau.nrw\/index.php?rest_route=%2Fwp%2Fv2%2Fmedia&parent=555"}],"wp:term":[{"taxonomy":"category","embeddable":true,"href":"http:\/\/forst.igbau.nrw\/index.php?rest_route=%2Fwp%2Fv2%2Fcategories&post=555"},{"taxonomy":"post_tag","embeddable":true,"href":"http:\/\/forst.igbau.nrw\/index.php?rest_route=%2Fwp%2Fv2%2Ftags&post=555"}],"curies":[{"name":"wp","href":"https:\/\/api.w.org\/{rel}","templated":true}]}}