{"id":569,"date":"2018-03-02T15:38:37","date_gmt":"2018-03-02T15:38:37","guid":{"rendered":"http:\/\/forst.igbau.nrw\/?p=569"},"modified":"2018-03-26T09:33:42","modified_gmt":"2018-03-26T09:33:42","slug":"wald-wird-mobil","status":"publish","type":"post","link":"http:\/\/forst.igbau.nrw\/?p=569","title":{"rendered":"Wald wird Mobil"},"content":{"rendered":"<p class=\"\">Am 28.02.2018 fand im Sauerland \/ Altena eine Informationsveranstaltung der gemeinn\u00fctzigen Gesellschaft\u00a0<a href=\"http:\/\/www.wald-wird-mobil.de\" target=\"_blank\" rel=\"noopener\">\u201eWald wird mobil\u201c<\/a> statt. Diese bereits 2007 gegr\u00fcndete und durch die Bundesregierung gef\u00f6rderte Firma tritt mit mit dem Ziel an den Waldbesitzern in Deutschland ein Hilfsangebot zur Waldbewirtschaftung zu unterbreiten und das Interesse am eigenen Wald zu verst\u00e4rken, dazu \u00a0bewirbt \u201eWald wird mobil\u201c derzeit auf Bundesebene ihr Angebot. Unter anderem sollen mit dem webbasierten Informationsangebot forstliche Zusammenschl\u00fcsse und Privatwaldbesitzer durch die Entwicklung bedarfsorientierter Praxisl\u00f6sungen anlassbezogen forstliche Dienstleister finden.<\/p>\n<p class=\"\">Dieses forstliche Infoportal oder auch digitale Forstbranchenbuch bietet unter anderem standortbezogene Auswertungen beziehungsweise Abfragen f\u00fcr den Waldbesitzer an um einen passenden Dienstleister in der Region zu finden.<\/p>\n<p class=\"\">Die Angebotsprofile erm\u00f6glichen anderseits den Anbietern von Dienstleistungen \u00fcber verschiedene Profile Ihre forstlichen Leistungen einer breiten Masse an potentiellen Waldbesitzern\/Auftragnehmern anzubieten.<\/p>\n<div class=\"\">Im Rahmen der Veranstaltung konnten die Ansprechpartner von \u201eWald wird mobil&#8220; die Fragen nach der Datensicherheit, Verf\u00fcgbarkeit und den technischen Rahmenbedingungen beantworten. Eine umfangreichere M\u00f6glichkeit das bestehende Produkt anhand von echten Beispielen zu erleben bestand jedoch leider nicht. Da sich das Angebot noch in der Startphase befindet fehlten daf\u00fcr die Datengrundlagen.<\/div>\n<div class=\"\"><\/div>\n<p class=\"\">Trotzdem die Firma \u201eWald wird mobil&#8220; GmbH zu dieser Veranstaltung mehr als 100 potentielle Interessenten angeschrieben hat war die Resonanz an diesem Abend nur verhalten. Lediglich wenige Waldbesitzer und einige Forstleute nahmen an dem Termin teil.<\/p>\n<p class=\"\">Vor dem Hintergrund der gerade auch in NRW laufenden Diskussion \u00fcber die zuk\u00fcnftige Ausgestaltung der Forstwirtschaft hatten vermutlich alle Anwesenden mit einer wesentlich gr\u00f6\u00dferen Resonanz gerechnet.<\/p>\n<p class=\"\">Wir werden sehen in welchem Ma\u00dfe dieser Ansatz den Anforderungen des Marktes gen\u00fcgt und ob dieses Produkt eine wirkliche Alternative oder auch Erg\u00e4nzung zum bestehenden Angebot darstellen wird.<\/p>\n","protected":false},"excerpt":{"rendered":"<p>Am 28.02.2018 fand im Sauerland \/ Altena eine Informationsveranstaltung der gemeinn\u00fctzigen Gesellschaft\u00a0\u201eWald wird mobil\u201c statt. Diese bereits 2007 gegr\u00fcndete und durch die<\/p>\n<p class=\"link-more\"><a class=\"myButt \" href=\"http:\/\/forst.igbau.nrw\/?p=569\">Weitere Infos &#8230;<\/a><\/p>\n","protected":false},"author":2,"featured_media":574,"comment_status":"open","ping_status":"open","sticky":false,"template":"","format":"standard","meta":{"ngg_post_thumbnail":0,"jetpack_post_was_ever_published":false,"_jetpack_newsletter_access":"","_jetpack_dont_email_post_to_subs":false,"_jetpack_newsletter_tier_id":0,"_jetpack_memberships_contains_paywalled_content":false,"_jetpack_memberships_contains_paid_content":false,"footnotes":"","jetpack_publicize_message":"","jetpack_publicize_feature_enabled":true,"jetpack_social_post_already_shared":false,"jetpack_social_options":{"image_generator_settings":{"template":"highway","default_image_id":0,"font":"","enabled":false},"version":2}},"categories":[4,5],"tags":[],"class_list":["post-569","post","type-post","status-publish","format-standard","has-post-thumbnail","hentry","category-forstpolitik","category-forstwirtschaft"],"jetpack_publicize_connections":[],"jetpack_featured_media_url":"https:\/\/i0.wp.com\/forst.igbau.nrw\/wp-content\/uploads\/2018\/03\/waldwirdmobil.jpg?fit=854%2C437","jetpack_sharing_enabled":true,"jetpack_shortlink":"https:\/\/wp.me\/p8x7f7-9b","jetpack-related-posts":[],"_links":{"self":[{"href":"http:\/\/forst.igbau.nrw\/index.php?rest_route=\/wp\/v2\/posts\/569","targetHints":{"allow":["GET"]}}],"collection":[{"href":"http:\/\/forst.igbau.nrw\/index.php?rest_route=\/wp\/v2\/posts"}],"about":[{"href":"http:\/\/forst.igbau.nrw\/index.php?rest_route=\/wp\/v2\/types\/post"}],"author":[{"embeddable":true,"href":"http:\/\/forst.igbau.nrw\/index.php?rest_route=\/wp\/v2\/users\/2"}],"replies":[{"embeddable":true,"href":"http:\/\/forst.igbau.nrw\/index.php?rest_route=%2Fwp%2Fv2%2Fcomments&post=569"}],"version-history":[{"count":5,"href":"http:\/\/forst.igbau.nrw\/index.php?rest_route=\/wp\/v2\/posts\/569\/revisions"}],"predecessor-version":[{"id":582,"href":"http:\/\/forst.igbau.nrw\/index.php?rest_route=\/wp\/v2\/posts\/569\/revisions\/582"}],"wp:featuredmedia":[{"embeddable":true,"href":"http:\/\/forst.igbau.nrw\/index.php?rest_route=\/wp\/v2\/media\/574"}],"wp:attachment":[{"href":"http:\/\/forst.igbau.nrw\/index.php?rest_route=%2Fwp%2Fv2%2Fmedia&parent=569"}],"wp:term":[{"taxonomy":"category","embeddable":true,"href":"http:\/\/forst.igbau.nrw\/index.php?rest_route=%2Fwp%2Fv2%2Fcategories&post=569"},{"taxonomy":"post_tag","embeddable":true,"href":"http:\/\/forst.igbau.nrw\/index.php?rest_route=%2Fwp%2Fv2%2Ftags&post=569"}],"curies":[{"name":"wp","href":"https:\/\/api.w.org\/{rel}","templated":true}]}}