{"id":589,"date":"2018-05-10T11:24:50","date_gmt":"2018-05-10T11:24:50","guid":{"rendered":"http:\/\/forst.igbau.nrw\/?p=589"},"modified":"2018-05-11T11:50:44","modified_gmt":"2018-05-11T11:50:44","slug":"gewalt-gegen-beschaeftigte-im-oeffentlichen-dienst-und-privatisierten-dienstleistungssektor-was-ist-zu-tun","status":"publish","type":"post","link":"http:\/\/forst.igbau.nrw\/?p=589","title":{"rendered":"Gewalt gegen Besch\u00e4ftigte im \u00f6ffentlichen Dienst und privatisierten Dienstleistungssektor: Was ist zu tun?"},"content":{"rendered":"<p>Immer wieder werden Mitarbeiterinnen und Mitarbeiter der Polizei, von Ordnungs- und Sozial\u00e4mtern oder Jobcentern bei ihrer Arbeit bedroht, beleidigt und auch k\u00f6rperlich angegriffen. Es gibt kaum eine Berufsgruppe im \u00f6ffentlichen Dienst und privatisierten Dienstleistungssektor, die nicht betroffen w\u00e4re: Auch in Schulen, Krankenh\u00e4usern, in Bussen und Bahnen ist der Ton rauer geworden.<span class=\"Apple-converted-space\">\u00a0<\/span><\/p>\n<p>Vor diesem Hintergrund veranstaltet der DGB die Tagung \u201eGewalt gegen Besch\u00e4ftigte im \u00f6ffentlichen Dienst. Im Rahmen der Tagung sollen\u00a0Ma\u00dfnahmen und Handlungsans\u00e4tze, die Ursachen, die Auswirkungen sowie die pers\u00f6nlichen Erlebnisse von Besch\u00e4ftigten in den Mittelpunkt der Veranstaltung stehen.<\/p>\n<p>Die IG BAU Landesvertretung wird sich im Sinne unsere Kolleginnen und Kollegen beteiligen und auf die oft vergessene und nicht wahrgenommen Situation der Konfrontation und Aggression auch unserer T\u00e4tigkeit im Wald hinweisen.<\/p>\n<p>Dazu geh\u00f6rt auch die Forderung den gesetzlichen Schutz von Kollegen im Polizeidienst und im Rettungsdienst auf die Besch\u00e4ftigten in der Forstwirtschaft zu erweitern.<\/p>\n<p style=\"text-align: center\"><img data-recalc-dims=\"1\" decoding=\"async\" data-attachment-id=\"590\" data-permalink=\"http:\/\/forst.igbau.nrw\/?attachment_id=590\" data-orig-file=\"https:\/\/i0.wp.com\/forst.igbau.nrw\/wp-content\/uploads\/2018\/05\/DGB_Gewalt_Oeffentlicher_Dienst.png?fit=634%2C905\" data-orig-size=\"634,905\" data-comments-opened=\"1\" data-image-meta=\"{&quot;aperture&quot;:&quot;0&quot;,&quot;credit&quot;:&quot;&quot;,&quot;camera&quot;:&quot;&quot;,&quot;caption&quot;:&quot;&quot;,&quot;created_timestamp&quot;:&quot;0&quot;,&quot;copyright&quot;:&quot;&quot;,&quot;focal_length&quot;:&quot;0&quot;,&quot;iso&quot;:&quot;0&quot;,&quot;shutter_speed&quot;:&quot;0&quot;,&quot;title&quot;:&quot;&quot;,&quot;orientation&quot;:&quot;0&quot;}\" data-image-title=\"DGB_Gewalt_Oeffentlicher_Dienst\" data-image-description=\"\" data-image-caption=\"\" data-large-file=\"https:\/\/i0.wp.com\/forst.igbau.nrw\/wp-content\/uploads\/2018\/05\/DGB_Gewalt_Oeffentlicher_Dienst.png?fit=634%2C905\" class=\"aligncenter size-thumbnail wp-image-590\" src=\"https:\/\/i0.wp.com\/forst.igbau.nrw\/wp-content\/uploads\/2018\/05\/DGB_Gewalt_Oeffentlicher_Dienst.png?resize=150%2C150\" alt=\"\" width=\"150\" height=\"150\" srcset=\"https:\/\/i0.wp.com\/forst.igbau.nrw\/wp-content\/uploads\/2018\/05\/DGB_Gewalt_Oeffentlicher_Dienst.png?resize=150%2C150 150w, https:\/\/i0.wp.com\/forst.igbau.nrw\/wp-content\/uploads\/2018\/05\/DGB_Gewalt_Oeffentlicher_Dienst.png?zoom=2&amp;resize=150%2C150 300w, https:\/\/i0.wp.com\/forst.igbau.nrw\/wp-content\/uploads\/2018\/05\/DGB_Gewalt_Oeffentlicher_Dienst.png?zoom=3&amp;resize=150%2C150 450w\" sizes=\"(max-width: 150px) 100vw, 150px\" \/><\/p>\n<p>&nbsp;<\/p>\n","protected":false},"excerpt":{"rendered":"<p>Immer wieder werden Mitarbeiterinnen und Mitarbeiter der Polizei, von Ordnungs- und Sozial\u00e4mtern oder Jobcentern bei ihrer Arbeit bedroht, beleidigt und auch k\u00f6rperlich<\/p>\n<p class=\"link-more\"><a class=\"myButt \" href=\"http:\/\/forst.igbau.nrw\/?p=589\">Weitere Infos &#8230;<\/a><\/p>\n","protected":false},"author":2,"featured_media":506,"comment_status":"open","ping_status":"open","sticky":false,"template":"","format":"standard","meta":{"ngg_post_thumbnail":0,"jetpack_post_was_ever_published":false,"_jetpack_newsletter_access":"","_jetpack_dont_email_post_to_subs":false,"_jetpack_newsletter_tier_id":0,"_jetpack_memberships_contains_paywalled_content":false,"_jetpack_memberships_contains_paid_content":false,"footnotes":"","jetpack_publicize_message":"","jetpack_publicize_feature_enabled":true,"jetpack_social_post_already_shared":false,"jetpack_social_options":{"image_generator_settings":{"template":"highway","default_image_id":0,"font":"","enabled":false},"version":2}},"categories":[5],"tags":[],"class_list":["post-589","post","type-post","status-publish","format-standard","has-post-thumbnail","hentry","category-forstwirtschaft"],"jetpack_publicize_connections":[],"jetpack_featured_media_url":"https:\/\/i0.wp.com\/forst.igbau.nrw\/wp-content\/uploads\/2017\/12\/DGB_Logo.jpg?fit=192%2C65","jetpack_sharing_enabled":true,"jetpack_shortlink":"https:\/\/wp.me\/p8x7f7-9v","jetpack-related-posts":[],"_links":{"self":[{"href":"http:\/\/forst.igbau.nrw\/index.php?rest_route=\/wp\/v2\/posts\/589","targetHints":{"allow":["GET"]}}],"collection":[{"href":"http:\/\/forst.igbau.nrw\/index.php?rest_route=\/wp\/v2\/posts"}],"about":[{"href":"http:\/\/forst.igbau.nrw\/index.php?rest_route=\/wp\/v2\/types\/post"}],"author":[{"embeddable":true,"href":"http:\/\/forst.igbau.nrw\/index.php?rest_route=\/wp\/v2\/users\/2"}],"replies":[{"embeddable":true,"href":"http:\/\/forst.igbau.nrw\/index.php?rest_route=%2Fwp%2Fv2%2Fcomments&post=589"}],"version-history":[{"count":1,"href":"http:\/\/forst.igbau.nrw\/index.php?rest_route=\/wp\/v2\/posts\/589\/revisions"}],"predecessor-version":[{"id":591,"href":"http:\/\/forst.igbau.nrw\/index.php?rest_route=\/wp\/v2\/posts\/589\/revisions\/591"}],"wp:featuredmedia":[{"embeddable":true,"href":"http:\/\/forst.igbau.nrw\/index.php?rest_route=\/wp\/v2\/media\/506"}],"wp:attachment":[{"href":"http:\/\/forst.igbau.nrw\/index.php?rest_route=%2Fwp%2Fv2%2Fmedia&parent=589"}],"wp:term":[{"taxonomy":"category","embeddable":true,"href":"http:\/\/forst.igbau.nrw\/index.php?rest_route=%2Fwp%2Fv2%2Fcategories&post=589"},{"taxonomy":"post_tag","embeddable":true,"href":"http:\/\/forst.igbau.nrw\/index.php?rest_route=%2Fwp%2Fv2%2Ftags&post=589"}],"curies":[{"name":"wp","href":"https:\/\/api.w.org\/{rel}","templated":true}]}}