{"id":592,"date":"2018-04-26T11:55:45","date_gmt":"2018-04-26T11:55:45","guid":{"rendered":"http:\/\/forst.igbau.nrw\/?p=592"},"modified":"2018-05-11T12:31:47","modified_gmt":"2018-05-11T12:31:47","slug":"waldbaukonzept-nrw","status":"publish","type":"post","link":"http:\/\/forst.igbau.nrw\/?p=592","title":{"rendered":"Waldbaukonzept NRW"},"content":{"rendered":"<p>Das Waldbaukonzept NRW soll als forstliches Fachkonzept ein Informationsangebot an Forstfachleute und Waldeigent\u00fcmer\/-innen bei der Bewirtschaftung ihrer W\u00e4lder darstellen, so sieht es der Entwurf des Konzeptes. Vor allem vor dem Hintergrund \u00a0der sich abzeichnenden Ver\u00e4nderungen durch den Klimawandel soll das Konzept als Entscheidungshilfe f\u00fcr waldbauliche und forstbetriebliche Entscheidungen f\u00fcr den Waldbesitz dienen.<\/p>\n<p>Im Zuge einer Verb\u00e4ndeanh\u00f6rung beteiligte sich die Landesvertretung der IG BAU am Informationstermin zum Entwurf.<\/p>\n<p>Bis zum 29.05. besteht nun die M\u00f6glichkeit eventuelle \u00c4nderungshinweise beziehungsweise Vorschl\u00e4ge an das MULNV zu richten.<\/p>\n<p>Nach einer ersten Durchsicht sehen wir keine gro\u00dfen Bedenken oder Kritikpunkte an dem Entwurf, wir werden uns dazu in der n\u00e4chsten Woche abschlie\u00dfend gegen\u00fcber dem MULNV \u00e4u\u00dfern.<\/p>\n","protected":false},"excerpt":{"rendered":"<p>Das Waldbaukonzept NRW soll als forstliches Fachkonzept ein Informationsangebot an Forstfachleute und Waldeigent\u00fcmer\/-innen bei der Bewirtschaftung ihrer W\u00e4lder darstellen, so sieht es<\/p>\n<p class=\"link-more\"><a class=\"myButt \" href=\"http:\/\/forst.igbau.nrw\/?p=592\">Weitere Infos &#8230;<\/a><\/p>\n","protected":false},"author":2,"featured_media":324,"comment_status":"open","ping_status":"open","sticky":false,"template":"","format":"standard","meta":{"ngg_post_thumbnail":0,"jetpack_post_was_ever_published":false,"_jetpack_newsletter_access":"","_jetpack_dont_email_post_to_subs":false,"_jetpack_newsletter_tier_id":0,"_jetpack_memberships_contains_paywalled_content":false,"_jetpack_memberships_contains_paid_content":false,"footnotes":"","jetpack_publicize_message":"","jetpack_publicize_feature_enabled":true,"jetpack_social_post_already_shared":false,"jetpack_social_options":{"image_generator_settings":{"template":"highway","default_image_id":0,"font":"","enabled":false},"version":2}},"categories":[5],"tags":[],"class_list":["post-592","post","type-post","status-publish","format-standard","has-post-thumbnail","hentry","category-forstwirtschaft"],"jetpack_publicize_connections":[],"jetpack_featured_media_url":"https:\/\/i0.wp.com\/forst.igbau.nrw\/wp-content\/uploads\/2017\/03\/logo_igbau_original_gross-e1491225332768.png?fit=745%2C288","jetpack_sharing_enabled":true,"jetpack_shortlink":"https:\/\/wp.me\/p8x7f7-9y","jetpack-related-posts":[],"_links":{"self":[{"href":"http:\/\/forst.igbau.nrw\/index.php?rest_route=\/wp\/v2\/posts\/592","targetHints":{"allow":["GET"]}}],"collection":[{"href":"http:\/\/forst.igbau.nrw\/index.php?rest_route=\/wp\/v2\/posts"}],"about":[{"href":"http:\/\/forst.igbau.nrw\/index.php?rest_route=\/wp\/v2\/types\/post"}],"author":[{"embeddable":true,"href":"http:\/\/forst.igbau.nrw\/index.php?rest_route=\/wp\/v2\/users\/2"}],"replies":[{"embeddable":true,"href":"http:\/\/forst.igbau.nrw\/index.php?rest_route=%2Fwp%2Fv2%2Fcomments&post=592"}],"version-history":[{"count":4,"href":"http:\/\/forst.igbau.nrw\/index.php?rest_route=\/wp\/v2\/posts\/592\/revisions"}],"predecessor-version":[{"id":596,"href":"http:\/\/forst.igbau.nrw\/index.php?rest_route=\/wp\/v2\/posts\/592\/revisions\/596"}],"wp:featuredmedia":[{"embeddable":true,"href":"http:\/\/forst.igbau.nrw\/index.php?rest_route=\/wp\/v2\/media\/324"}],"wp:attachment":[{"href":"http:\/\/forst.igbau.nrw\/index.php?rest_route=%2Fwp%2Fv2%2Fmedia&parent=592"}],"wp:term":[{"taxonomy":"category","embeddable":true,"href":"http:\/\/forst.igbau.nrw\/index.php?rest_route=%2Fwp%2Fv2%2Fcategories&post=592"},{"taxonomy":"post_tag","embeddable":true,"href":"http:\/\/forst.igbau.nrw\/index.php?rest_route=%2Fwp%2Fv2%2Ftags&post=592"}],"curies":[{"name":"wp","href":"https:\/\/api.w.org\/{rel}","templated":true}]}}