{"id":627,"date":"2018-06-13T07:02:33","date_gmt":"2018-06-13T07:02:33","guid":{"rendered":"http:\/\/forst.igbau.nrw\/?p=627"},"modified":"2018-06-18T07:14:48","modified_gmt":"2018-06-18T07:14:48","slug":"vorbeschaeftigungsverbot-gemaess-tzbfg-ist-verfassungsgemaess","status":"publish","type":"post","link":"http:\/\/forst.igbau.nrw\/?p=627","title":{"rendered":"Vorbesch\u00e4ftigungsverbot gem\u00e4\u00df TzBfG ist verfassungsgem\u00e4\u00df !"},"content":{"rendered":"<p>Das Bundesverfassungsgericht hat am 06.06.2018 den Beschluss gefasst, das nach der Regelung des \u00a7 14 Abs. 2 Satz 2 im\u00a0Teilzeit- und Befristungsgesetz\u00a0 sachgrundlose Befristungen zwischen denselben Vertragsparteien auf die erstmalige Begr\u00fcndung eines Arbeitsverh\u00e4ltnisses beschr\u00e4nkt sind; damit ist entgegen der bis dato geltenden Auffassung des Bundesarbeitsgerichtes jede erneute sachgrundlos befristete Besch\u00e4ftigung bei demselben Arbeitgeber verboten.<\/p>\n<p>Diese Urteil wird nicht unwesentliche Auswirkungen in der Praxis vor allem im \u00d6ffentlichen Dienst haben.<\/p>\n<p>Sollte auch die von der Regierungskoalition angek\u00fcndigte Beschr\u00e4nkung von maximalen Befristungszeiten auch f\u00fcr &#8222;begr\u00fcndete&#8220; befristete Arbeitsverh\u00e4ltnisse umgesetzt werden, wird es eng f\u00fcr einige Arbeitgeber.<\/p>\n<p><a href=\"http:\/\/www.bundesverfassungsgericht.de\/SharedDocs\/Pressemitteilungen\/DE\/2018\/bvg18-047.html\" target=\"_blank\" rel=\"noopener\"><img data-recalc-dims=\"1\" decoding=\"async\" data-attachment-id=\"628\" data-permalink=\"http:\/\/forst.igbau.nrw\/?attachment_id=628\" data-orig-file=\"https:\/\/i0.wp.com\/forst.igbau.nrw\/wp-content\/uploads\/2018\/06\/BVG_Screenshot_2018_06_06.png?fit=673%2C871\" data-orig-size=\"673,871\" data-comments-opened=\"1\" data-image-meta=\"{&quot;aperture&quot;:&quot;0&quot;,&quot;credit&quot;:&quot;&quot;,&quot;camera&quot;:&quot;&quot;,&quot;caption&quot;:&quot;&quot;,&quot;created_timestamp&quot;:&quot;0&quot;,&quot;copyright&quot;:&quot;&quot;,&quot;focal_length&quot;:&quot;0&quot;,&quot;iso&quot;:&quot;0&quot;,&quot;shutter_speed&quot;:&quot;0&quot;,&quot;title&quot;:&quot;&quot;,&quot;orientation&quot;:&quot;0&quot;}\" data-image-title=\"BVG_Screenshot_2018_06_06\" data-image-description=\"\" data-image-caption=\"\" data-large-file=\"https:\/\/i0.wp.com\/forst.igbau.nrw\/wp-content\/uploads\/2018\/06\/BVG_Screenshot_2018_06_06.png?fit=640%2C828\" class=\"aligncenter wp-image-628 size-thumbnail\" src=\"https:\/\/i0.wp.com\/forst.igbau.nrw\/wp-content\/uploads\/2018\/06\/BVG_Screenshot_2018_06_06.png?resize=150%2C150\" alt=\"\" width=\"150\" height=\"150\" srcset=\"https:\/\/i0.wp.com\/forst.igbau.nrw\/wp-content\/uploads\/2018\/06\/BVG_Screenshot_2018_06_06.png?resize=150%2C150 150w, https:\/\/i0.wp.com\/forst.igbau.nrw\/wp-content\/uploads\/2018\/06\/BVG_Screenshot_2018_06_06.png?zoom=2&amp;resize=150%2C150 300w, https:\/\/i0.wp.com\/forst.igbau.nrw\/wp-content\/uploads\/2018\/06\/BVG_Screenshot_2018_06_06.png?zoom=3&amp;resize=150%2C150 450w\" sizes=\"(max-width: 150px) 100vw, 150px\" \/><\/a><\/p>\n<p>Die Pressmitteilung des Bundesverfassungsgerichtes dazu finden Sie <a href=\"http:\/\/www.bundesverfassungsgericht.de\/SharedDocs\/Pressemitteilungen\/DE\/2018\/bvg18-047.html\" target=\"_blank\" rel=\"noopener\">hier<\/a>.<\/p>\n","protected":false},"excerpt":{"rendered":"<p>Das Bundesverfassungsgericht hat am 06.06.2018 den Beschluss gefasst, das nach der Regelung des \u00a7 14 Abs. 2 Satz 2 im\u00a0Teilzeit- und Befristungsgesetz\u00a0<\/p>\n<p class=\"link-more\"><a class=\"myButt \" href=\"http:\/\/forst.igbau.nrw\/?p=627\">Weitere Infos &#8230;<\/a><\/p>\n","protected":false},"author":2,"featured_media":0,"comment_status":"open","ping_status":"open","sticky":false,"template":"","format":"standard","meta":{"ngg_post_thumbnail":0,"jetpack_post_was_ever_published":false,"_jetpack_newsletter_access":"","_jetpack_dont_email_post_to_subs":false,"_jetpack_newsletter_tier_id":0,"_jetpack_memberships_contains_paywalled_content":false,"_jetpack_memberships_contains_paid_content":false,"footnotes":"","jetpack_publicize_message":"","jetpack_publicize_feature_enabled":true,"jetpack_social_post_already_shared":false,"jetpack_social_options":{"image_generator_settings":{"template":"highway","default_image_id":0,"font":"","enabled":false},"version":2}},"categories":[5],"tags":[],"class_list":["post-627","post","type-post","status-publish","format-standard","hentry","category-forstwirtschaft"],"jetpack_publicize_connections":[],"jetpack_featured_media_url":"","jetpack_sharing_enabled":true,"jetpack_shortlink":"https:\/\/wp.me\/p8x7f7-a7","jetpack-related-posts":[],"_links":{"self":[{"href":"http:\/\/forst.igbau.nrw\/index.php?rest_route=\/wp\/v2\/posts\/627","targetHints":{"allow":["GET"]}}],"collection":[{"href":"http:\/\/forst.igbau.nrw\/index.php?rest_route=\/wp\/v2\/posts"}],"about":[{"href":"http:\/\/forst.igbau.nrw\/index.php?rest_route=\/wp\/v2\/types\/post"}],"author":[{"embeddable":true,"href":"http:\/\/forst.igbau.nrw\/index.php?rest_route=\/wp\/v2\/users\/2"}],"replies":[{"embeddable":true,"href":"http:\/\/forst.igbau.nrw\/index.php?rest_route=%2Fwp%2Fv2%2Fcomments&post=627"}],"version-history":[{"count":1,"href":"http:\/\/forst.igbau.nrw\/index.php?rest_route=\/wp\/v2\/posts\/627\/revisions"}],"predecessor-version":[{"id":629,"href":"http:\/\/forst.igbau.nrw\/index.php?rest_route=\/wp\/v2\/posts\/627\/revisions\/629"}],"wp:attachment":[{"href":"http:\/\/forst.igbau.nrw\/index.php?rest_route=%2Fwp%2Fv2%2Fmedia&parent=627"}],"wp:term":[{"taxonomy":"category","embeddable":true,"href":"http:\/\/forst.igbau.nrw\/index.php?rest_route=%2Fwp%2Fv2%2Fcategories&post=627"},{"taxonomy":"post_tag","embeddable":true,"href":"http:\/\/forst.igbau.nrw\/index.php?rest_route=%2Fwp%2Fv2%2Ftags&post=627"}],"curies":[{"name":"wp","href":"https:\/\/api.w.org\/{rel}","templated":true}]}}