{"id":635,"date":"2018-07-03T11:38:24","date_gmt":"2018-07-03T11:38:24","guid":{"rendered":"http:\/\/forst.igbau.nrw\/?p=635"},"modified":"2018-07-03T11:48:36","modified_gmt":"2018-07-03T11:48:36","slug":"anhoerung-im-zur-waldwirtschaft-landtag","status":"publish","type":"post","link":"http:\/\/forst.igbau.nrw\/?p=635","title":{"rendered":"Anh\u00f6rung im Landtag zur Waldwirtschaft in NRW"},"content":{"rendered":"<p>Gestern fand im Nachgang eines Antrages der Fraktion von B\u00dcNDNIS 90\/DIE GR\u00dcNEN\u00a0 im Landtags-Ausschuss f\u00fcr Umwelt, Landwirtschaft, Natur- und Verbraucherschutz eine Anh\u00f6rung von Sachverst\u00e4ndigen zum Thema &#8222;Waldwirtschaft in NRW nachhaltig gestalten&#8220; statt. Im Zuge dieser Anh\u00f6rung wurden Sachverst\u00e4ndige der verschiedenen Interessenvertretungen angeh\u00f6rt.<\/p>\n<p>Die anwesenden Abgeordneten hinterfragten unter anderem\u00a0ob die Umsetzung der direkten F\u00f6rderung zum 01.01.2019 realistisch erfolgen kann, ohne das dadurch ein Bruch in der Betreuung gerade des Kleinstprivatwaldes entsteht. Aus Sicht der Landesvertretung der IG BAU in NRW, die als Beteiligte vertreten war, sollte\u00a0durch die noch fehlenden Rahmenbedingungen der Termin zum 01.01.2019 aufgegeben und eine flie\u00dfende \u00dcbergangszeit vereinbart werden. Zu viele der erforderlichen Rahmenbedingungen sind einfach noch nicht gekl\u00e4rt.<\/p>\n<p>Auf die Frage der Finanzierung einer direkten F\u00f6rderung antwortete der Waldbauernverband in NRW das aus Sicht des Verbandes eine F\u00f6rderung des Waldbesitzes in unver\u00e4nderter H\u00f6he im Vergleich zur bisherigen indirekten F\u00f6rderung\u00a0 erwartet wird.<\/p>\n<p>Der Entwurf der dazu erforderlichen Neufassung\u00a0einer F\u00f6rderrichtlinie\u00a0befindet sich anscheinend in den letzten Z\u00fcgen. In den \u00dcberlegungen zu einer zuk\u00fcnftigen direkten F\u00f6rderung wird die IG BAU bis dato, genau wie die anderen in der AG der Stakeholder eingebundenen Verb\u00e4nde nicht beteiligt.<\/p>\n<p>Hier fordern wir durch die Landesregierung auf, eine unmissverst\u00e4ndliche Zusage zu treffen, \u00a0das diese zus\u00e4tzlich erforderlichen Finanzmittel auf keinen Fall zu Lasten des Landesbetriebes bereit gestellt werden d\u00fcrfen.<\/p>\n<p>Die Stellungnahmen der beteiligten Verb\u00e4nde sowie die weiteren Unterlagen finden <a href=\"https:\/\/www.landtag.nrw.de\/portal\/WWW\/GB_I\/I.1\/Tagesordnungen\/WP17\/300\/E17-393.jsp\" target=\"_blank\" rel=\"noopener\">Sie hier ..<\/a><\/p>\n<p>&nbsp;<\/p>\n<ul>\n<li><a href=\"https:\/\/www.landtag.nrw.de\/portal\/WWW\/GB_I\/I.1\/Ausschuesse\/A17_-_Ausschuss_fuer_Umwelt%2c_Landwirtschaft%2c_Natur-_und_Verbraucherschutz\/Verteiler_ohne_Adressen6333517947967534597.pdf\" target=\"_blank\" rel=\"noopener\">Geladene Sachverst\u00e4ndige<\/a><\/li>\n<li><a href=\"https:\/\/www.landtag.nrw.de\/portal\/WWW\/Webmaster\/GB_I\/I.1\/aktuelle_drucksachen\/aktuelle_Dokumente.jsp?docTyp=ST&amp;wp=15&amp;dokNum=Drs+17%2F1670&amp;searchDru=suchen\" target=\"_blank\" rel=\"noopener\">\u00dcbersicht der Stellungnahmen<\/a><\/li>\n<\/ul>\n<p>&nbsp;<\/p>\n<p>&nbsp;<\/p>\n<p>&nbsp;<\/p>\n","protected":false},"excerpt":{"rendered":"<p>Gestern fand im Nachgang eines Antrages der Fraktion von B\u00dcNDNIS 90\/DIE GR\u00dcNEN\u00a0 im Landtags-Ausschuss f\u00fcr Umwelt, Landwirtschaft, Natur- und Verbraucherschutz eine Anh\u00f6rung<\/p>\n<p class=\"link-more\"><a class=\"myButt \" href=\"http:\/\/forst.igbau.nrw\/?p=635\">Weitere Infos &#8230;<\/a><\/p>\n","protected":false},"author":2,"featured_media":0,"comment_status":"open","ping_status":"open","sticky":false,"template":"","format":"standard","meta":{"ngg_post_thumbnail":0,"jetpack_post_was_ever_published":false,"_jetpack_newsletter_access":"","_jetpack_dont_email_post_to_subs":false,"_jetpack_newsletter_tier_id":0,"_jetpack_memberships_contains_paywalled_content":false,"_jetpack_memberships_contains_paid_content":false,"footnotes":"","jetpack_publicize_message":"","jetpack_publicize_feature_enabled":true,"jetpack_social_post_already_shared":false,"jetpack_social_options":{"image_generator_settings":{"template":"highway","default_image_id":0,"font":"","enabled":false},"version":2}},"categories":[4,5,8],"tags":[],"class_list":["post-635","post","type-post","status-publish","format-standard","hentry","category-forstpolitik","category-forstwirtschaft","category-ig-bau"],"jetpack_publicize_connections":[],"jetpack_featured_media_url":"","jetpack_sharing_enabled":true,"jetpack_shortlink":"https:\/\/wp.me\/p8x7f7-af","jetpack-related-posts":[],"_links":{"self":[{"href":"http:\/\/forst.igbau.nrw\/index.php?rest_route=\/wp\/v2\/posts\/635","targetHints":{"allow":["GET"]}}],"collection":[{"href":"http:\/\/forst.igbau.nrw\/index.php?rest_route=\/wp\/v2\/posts"}],"about":[{"href":"http:\/\/forst.igbau.nrw\/index.php?rest_route=\/wp\/v2\/types\/post"}],"author":[{"embeddable":true,"href":"http:\/\/forst.igbau.nrw\/index.php?rest_route=\/wp\/v2\/users\/2"}],"replies":[{"embeddable":true,"href":"http:\/\/forst.igbau.nrw\/index.php?rest_route=%2Fwp%2Fv2%2Fcomments&post=635"}],"version-history":[{"count":5,"href":"http:\/\/forst.igbau.nrw\/index.php?rest_route=\/wp\/v2\/posts\/635\/revisions"}],"predecessor-version":[{"id":641,"href":"http:\/\/forst.igbau.nrw\/index.php?rest_route=\/wp\/v2\/posts\/635\/revisions\/641"}],"wp:attachment":[{"href":"http:\/\/forst.igbau.nrw\/index.php?rest_route=%2Fwp%2Fv2%2Fmedia&parent=635"}],"wp:term":[{"taxonomy":"category","embeddable":true,"href":"http:\/\/forst.igbau.nrw\/index.php?rest_route=%2Fwp%2Fv2%2Fcategories&post=635"},{"taxonomy":"post_tag","embeddable":true,"href":"http:\/\/forst.igbau.nrw\/index.php?rest_route=%2Fwp%2Fv2%2Ftags&post=635"}],"curies":[{"name":"wp","href":"https:\/\/api.w.org\/{rel}","templated":true}]}}