{"id":638,"date":"2018-06-29T11:53:24","date_gmt":"2018-06-29T11:53:24","guid":{"rendered":"http:\/\/forst.igbau.nrw\/?p=638"},"modified":"2018-07-06T09:48:47","modified_gmt":"2018-07-06T09:48:47","slug":"jahrestagung-des-deutschen-forstwirtschaftsrates-in-berlin","status":"publish","type":"post","link":"http:\/\/forst.igbau.nrw\/?p=638","title":{"rendered":"Jahrestagung des Deutschen Forstwirtschaftsrates in Berlin"},"content":{"rendered":"<p>In diesem Jahr fand unter der \u00dcberschrift \u201ePerspektiven f\u00fcr den Privatwald \u2013 Ansprache, Beratung, Betreuung, Bewirtschaftung\u201cdie 68. Jahrestagung in der Bundeshauptstadt Berlin statt. Gepr\u00e4gt war der Vormittag des ersten Tagungstages mit 2 Vortr\u00e4gen die sich unter anderem im Rahmen einer Umfrage an Privatwaldeigent\u00fcmer in Deutschland gewandt hat.<\/p>\n<p>Befragt wurde zu den Themen: Holznutzung und andere Waldbehandlungsma\u00dfnahmen, Organisation von Privatwaldeigent\u00fcmern, Beratung und Betreuung, Zusammenfassung und Schlussfolgerungen.<\/p>\n<p>Die Umfrage unter der \u00dcberschrift <a href=\"http:\/\/www.dfwr.de\/images\/Downloads\/2018-06-25_Dieter_et_al_Waldbesitzerbefragung_DFWR-Jahrestagung.pdf\" target=\"_blank\" rel=\"noopener\">&#8222;Privatwaldeigent\u00fcmer in Deutschland \u2013wer sie sind und was sie wollen&#8220;<\/a> wurde durchgef\u00fchrt und ausgewertet\u00a0von\u00a0Prof. Dr. Matthias Dieter, Dr. Christoph Neitzel, Dr. Bj\u00f6rn Seintsch vom Th\u00fcnen Institut f\u00fcr Internationale Waldwirtschaft und Forst\u00f6konomie.<\/p>\n<p><a href=\"https:\/\/i0.wp.com\/forst.igbau.nrw\/wp-content\/uploads\/2018\/06\/IMG_0888.jpg\"><img data-recalc-dims=\"1\" fetchpriority=\"high\" decoding=\"async\" data-attachment-id=\"648\" data-permalink=\"http:\/\/forst.igbau.nrw\/?attachment_id=648\" data-orig-file=\"https:\/\/i0.wp.com\/forst.igbau.nrw\/wp-content\/uploads\/2018\/06\/IMG_0888.jpg?fit=4032%2C3024\" data-orig-size=\"4032,3024\" data-comments-opened=\"1\" data-image-meta=\"{&quot;aperture&quot;:&quot;2.2&quot;,&quot;credit&quot;:&quot;&quot;,&quot;camera&quot;:&quot;iPhone SE&quot;,&quot;caption&quot;:&quot;&quot;,&quot;created_timestamp&quot;:&quot;1529921169&quot;,&quot;copyright&quot;:&quot;&quot;,&quot;focal_length&quot;:&quot;4.15&quot;,&quot;iso&quot;:&quot;50&quot;,&quot;shutter_speed&quot;:&quot;0.03030303030303&quot;,&quot;title&quot;:&quot;&quot;,&quot;orientation&quot;:&quot;1&quot;}\" data-image-title=\"Vortrag Prof. Dr. Matthias Dieter\" data-image-description=\"\" data-image-caption=\"\" data-large-file=\"https:\/\/i0.wp.com\/forst.igbau.nrw\/wp-content\/uploads\/2018\/06\/IMG_0888.jpg?fit=640%2C480\" class=\"aligncenter wp-image-648 size-medium\" src=\"https:\/\/i0.wp.com\/forst.igbau.nrw\/wp-content\/uploads\/2018\/06\/IMG_0888.jpg?resize=300%2C225\" alt=\"\" width=\"300\" height=\"225\" srcset=\"https:\/\/i0.wp.com\/forst.igbau.nrw\/wp-content\/uploads\/2018\/06\/IMG_0888.jpg?resize=300%2C225 300w, https:\/\/i0.wp.com\/forst.igbau.nrw\/wp-content\/uploads\/2018\/06\/IMG_0888.jpg?resize=768%2C576 768w, https:\/\/i0.wp.com\/forst.igbau.nrw\/wp-content\/uploads\/2018\/06\/IMG_0888.jpg?resize=1024%2C768 1024w, https:\/\/i0.wp.com\/forst.igbau.nrw\/wp-content\/uploads\/2018\/06\/IMG_0888.jpg?w=1280 1280w, https:\/\/i0.wp.com\/forst.igbau.nrw\/wp-content\/uploads\/2018\/06\/IMG_0888.jpg?w=1920 1920w\" sizes=\"(max-width: 300px) 100vw, 300px\" \/><\/a><\/p>\n<p>Der anschlie\u00dfende\u00a0Vortrag ber\u00fccksichtigte <a href=\"http:\/\/www.dfwr.de\/images\/Downloads\/2018-06-25_Dunger_BWI-Ergebnisse_DFWR-Jahrestagung.pdf\" target=\"_blank\" rel=\"noopener\">Ausgew\u00e4hlte BWI-Ergebnisse f\u00fcr den\u00a0 (Klein-) Privatwald<\/a>,\u00a0ausgearbeitet\u00a0von Karsten Dunger, Petra Hennig vom Th\u00fcnen Institut f\u00fcr Wald\u00f6kosysteme.<\/p>\n<p>Im Anschluss an die Vortr\u00e4ge fand die diesj\u00e4hrige Festveranstaltung statt in dessen Rahmen\u00a0unter anderem\u00a0die <span class=\"item_title_part0\">Deutsch-\u00d6sterreichische<\/span> <a href=\"http:\/\/www.dfwr.de\/index.php\/blog\/283-deutsch-oesterreichische-absichtserklaerung-forest-4-0-unterzeichnet\" target=\"_blank\" rel=\"noopener\"><span class=\"item_title_part1\">Absichtserkl\u00e4rung<\/span> <span class=\"item_title_part2\">\u201eFOREST<\/span> <span class=\"item_title_part3\">4.0\u201c<\/span><\/a>\u00a0<span class=\"item_title_part4\">vorgestellt<\/span> wurde.\u00a0Die Erkl\u00e4rung &#8222;FOREST 4.0.&#8220; soll einen Austausch von digitalen Daten auch \u00fcber Grenzen hinweg erm\u00f6glichen und den Cluster Forst &amp; Holz eine sichere Umstellung von analogen und statischen auf digitale Kommunikationsmodelle erm\u00f6glichen.<\/p>\n<p>Als Interessenvertretung f\u00fcr die Deutsche Forstwirtschaft sieht der DFWR seine Aufgabe unter anderem in der B\u00fcndelung von Interessen aller Akteure f\u00fcr die Forstwirtschaft\u00a0in Deutschland. Unter dieser Pr\u00e4misse\u00a0einigte sich die organisierte deutsche Forstwirtschaft auf die <a href=\"http:\/\/www.dfwr.de\/images\/PDFs\/2018-06-26_Beschlussfassung_Berliner_Erkl\u00e4rung.pdf\" target=\"_blank\" rel=\"noopener\">\u201eBerliner Erkl\u00e4rung \u2013 Forstwirtschaft braucht Zukunft&#8220;<\/a> Diese einstimmig durch die Mitgliederversammlung verabschiedete Erkl\u00e4rung\u00a0richtet sich an die Bundes- und L\u00e4nderpolitik.<\/p>\n<p>Die Politik und die\u00a0Gesellschaft\u00a0wird in diesem Papier aufgefordert die selbstverst\u00e4ndlichen Schutz- und Erholungsfunktionen des Waldes aus volkswirtschaftlicher Sicht angemessener als bisher\u00a0zu honorieren.\u00a0 Nur so k\u00f6nnen nach Auffassung des DFWR`s die\u00a0 selbstverst\u00e4ndlichen und kostenfreien Funktionen der W\u00e4lder auch in Zukunft gew\u00e4hrleistet werden.<\/p>\n<p>&nbsp;<\/p>\n","protected":false},"excerpt":{"rendered":"<p>In diesem Jahr fand unter der \u00dcberschrift \u201ePerspektiven f\u00fcr den Privatwald \u2013 Ansprache, Beratung, Betreuung, Bewirtschaftung\u201cdie 68. Jahrestagung in der Bundeshauptstadt Berlin<\/p>\n<p class=\"link-more\"><a class=\"myButt \" href=\"http:\/\/forst.igbau.nrw\/?p=638\">Weitere Infos &#8230;<\/a><\/p>\n","protected":false},"author":2,"featured_media":0,"comment_status":"open","ping_status":"open","sticky":false,"template":"","format":"standard","meta":{"ngg_post_thumbnail":0,"jetpack_post_was_ever_published":false,"_jetpack_newsletter_access":"","_jetpack_dont_email_post_to_subs":false,"_jetpack_newsletter_tier_id":0,"_jetpack_memberships_contains_paywalled_content":false,"_jetpack_memberships_contains_paid_content":false,"footnotes":"","jetpack_publicize_message":"","jetpack_publicize_feature_enabled":true,"jetpack_social_post_already_shared":false,"jetpack_social_options":{"image_generator_settings":{"template":"highway","default_image_id":0,"font":"","enabled":false},"version":2}},"categories":[4,5,8],"tags":[],"class_list":["post-638","post","type-post","status-publish","format-standard","hentry","category-forstpolitik","category-forstwirtschaft","category-ig-bau"],"jetpack_publicize_connections":[],"jetpack_featured_media_url":"","jetpack_sharing_enabled":true,"jetpack_shortlink":"https:\/\/wp.me\/p8x7f7-ai","jetpack-related-posts":[],"_links":{"self":[{"href":"http:\/\/forst.igbau.nrw\/index.php?rest_route=\/wp\/v2\/posts\/638","targetHints":{"allow":["GET"]}}],"collection":[{"href":"http:\/\/forst.igbau.nrw\/index.php?rest_route=\/wp\/v2\/posts"}],"about":[{"href":"http:\/\/forst.igbau.nrw\/index.php?rest_route=\/wp\/v2\/types\/post"}],"author":[{"embeddable":true,"href":"http:\/\/forst.igbau.nrw\/index.php?rest_route=\/wp\/v2\/users\/2"}],"replies":[{"embeddable":true,"href":"http:\/\/forst.igbau.nrw\/index.php?rest_route=%2Fwp%2Fv2%2Fcomments&post=638"}],"version-history":[{"count":8,"href":"http:\/\/forst.igbau.nrw\/index.php?rest_route=\/wp\/v2\/posts\/638\/revisions"}],"predecessor-version":[{"id":651,"href":"http:\/\/forst.igbau.nrw\/index.php?rest_route=\/wp\/v2\/posts\/638\/revisions\/651"}],"wp:attachment":[{"href":"http:\/\/forst.igbau.nrw\/index.php?rest_route=%2Fwp%2Fv2%2Fmedia&parent=638"}],"wp:term":[{"taxonomy":"category","embeddable":true,"href":"http:\/\/forst.igbau.nrw\/index.php?rest_route=%2Fwp%2Fv2%2Fcategories&post=638"},{"taxonomy":"post_tag","embeddable":true,"href":"http:\/\/forst.igbau.nrw\/index.php?rest_route=%2Fwp%2Fv2%2Ftags&post=638"}],"curies":[{"name":"wp","href":"https:\/\/api.w.org\/{rel}","templated":true}]}}