{"id":653,"date":"2018-07-09T07:47:57","date_gmt":"2018-07-09T07:47:57","guid":{"rendered":"http:\/\/forst.igbau.nrw\/?p=653"},"modified":"2018-07-09T09:55:47","modified_gmt":"2018-07-09T09:55:47","slug":"betreuung-und-foerderung-im-kleinstrukturierten-privat-und-koerperschaftswald-stellungnahme-im-bmel","status":"publish","type":"post","link":"http:\/\/forst.igbau.nrw\/?p=653","title":{"rendered":"&#8222;Betreuung und F\u00f6rderung im kleinstrukturierten Privat- und K\u00f6rperschaftswald&#8220; Stellungnahme im BMEL"},"content":{"rendered":"<p>Nach dem Urteil des BGH vom 12.06.2018 hat der\u00a0wissenschaftliche Waldbeirat beim BMEL sich in einer Stellungnahme zur Frage der direkten F\u00f6rderung und der Betreuung im Kleinstprivatwald ge\u00e4u\u00dfert.<\/p>\n<p>Zum Schluss dieser Stellungnahme fast der Waldbeirat in 10 Punkten die aus seiner Sicht wesentlichen Punkte zusammen.<\/p>\n<p align=\"LEFT\">In Hinblick auf die Waldbesitzerstrukturen in NRW ist vor allem der letzte Punkt Nr. 10 beachtenswert da vor dem Hintergrund der zu erwartenden\u00a0h\u00f6heren Transaktionskosten der Betreuung im Kleinprivatwald sowie der bestehenden\u00a0hohen Vertrauensstellung staatlicher F\u00f6rster bei privaten Waldbesitzern\u00a0empfohlen wird, abweichend von der auch\u00a0in NRW vorgegebenen Handlungsweise in einer \u00dcbergangsphase die staatliche Betreuung bis zu einer bestimmten Fl\u00e4chengr\u00f6\u00dfe des einzelnen Waldbesitzes auch zu den bisherigen Konditionen, d. h. mit Preisen unterhalb der Vollkosten, zu gestatten.<\/p>\n<p align=\"LEFT\">Die gesamte <a href=\"https:\/\/www.bmel.de\/SharedDocs\/Downloads\/Ministerium\/Beiraete\/Waldpolitik\/StellungnahmeWBW-KleinstrukturierterWald.pdf?__blob=publicationFile\" target=\"_blank\" rel=\"noopener\">Stellungnahme des Waldbeirates beim BMEL finden Sie\u00a0hier.<\/a><\/p>\n<p>&nbsp;<\/p>\n","protected":false},"excerpt":{"rendered":"<p>Nach dem Urteil des BGH vom 12.06.2018 hat der\u00a0wissenschaftliche Waldbeirat beim BMEL sich in einer Stellungnahme zur Frage der direkten F\u00f6rderung und<\/p>\n<p class=\"link-more\"><a class=\"myButt \" href=\"http:\/\/forst.igbau.nrw\/?p=653\">Weitere Infos &#8230;<\/a><\/p>\n","protected":false},"author":2,"featured_media":0,"comment_status":"open","ping_status":"open","sticky":false,"template":"","format":"standard","meta":{"ngg_post_thumbnail":0,"jetpack_post_was_ever_published":false,"_jetpack_newsletter_access":"","_jetpack_dont_email_post_to_subs":false,"_jetpack_newsletter_tier_id":0,"_jetpack_memberships_contains_paywalled_content":false,"_jetpack_memberships_contains_paid_content":false,"footnotes":"","jetpack_publicize_message":"","jetpack_publicize_feature_enabled":true,"jetpack_social_post_already_shared":false,"jetpack_social_options":{"image_generator_settings":{"template":"highway","default_image_id":0,"font":"","enabled":false},"version":2}},"categories":[5],"tags":[],"class_list":["post-653","post","type-post","status-publish","format-standard","hentry","category-forstwirtschaft"],"jetpack_publicize_connections":[],"jetpack_featured_media_url":"","jetpack_sharing_enabled":true,"jetpack_shortlink":"https:\/\/wp.me\/p8x7f7-ax","jetpack-related-posts":[],"_links":{"self":[{"href":"http:\/\/forst.igbau.nrw\/index.php?rest_route=\/wp\/v2\/posts\/653","targetHints":{"allow":["GET"]}}],"collection":[{"href":"http:\/\/forst.igbau.nrw\/index.php?rest_route=\/wp\/v2\/posts"}],"about":[{"href":"http:\/\/forst.igbau.nrw\/index.php?rest_route=\/wp\/v2\/types\/post"}],"author":[{"embeddable":true,"href":"http:\/\/forst.igbau.nrw\/index.php?rest_route=\/wp\/v2\/users\/2"}],"replies":[{"embeddable":true,"href":"http:\/\/forst.igbau.nrw\/index.php?rest_route=%2Fwp%2Fv2%2Fcomments&post=653"}],"version-history":[{"count":2,"href":"http:\/\/forst.igbau.nrw\/index.php?rest_route=\/wp\/v2\/posts\/653\/revisions"}],"predecessor-version":[{"id":655,"href":"http:\/\/forst.igbau.nrw\/index.php?rest_route=\/wp\/v2\/posts\/653\/revisions\/655"}],"wp:attachment":[{"href":"http:\/\/forst.igbau.nrw\/index.php?rest_route=%2Fwp%2Fv2%2Fmedia&parent=653"}],"wp:term":[{"taxonomy":"category","embeddable":true,"href":"http:\/\/forst.igbau.nrw\/index.php?rest_route=%2Fwp%2Fv2%2Fcategories&post=653"},{"taxonomy":"post_tag","embeddable":true,"href":"http:\/\/forst.igbau.nrw\/index.php?rest_route=%2Fwp%2Fv2%2Ftags&post=653"}],"curies":[{"name":"wp","href":"https:\/\/api.w.org\/{rel}","templated":true}]}}