{"id":667,"date":"2018-07-26T07:55:30","date_gmt":"2018-07-26T07:55:30","guid":{"rendered":"http:\/\/forst.igbau.nrw\/?p=667"},"modified":"2018-07-26T07:56:01","modified_gmt":"2018-07-26T07:56:01","slug":"kleine-anfrage-der-spd-zur-zukunft-der-befoersterung-und-holzvermarktung-in-nrw","status":"publish","type":"post","link":"http:\/\/forst.igbau.nrw\/?p=667","title":{"rendered":"Kleine Anfrage der SPD zur Zukunft der Bef\u00f6rsterung und Holzvermarktung in NRW"},"content":{"rendered":"<p><a href=\"https:\/\/www.landtag.nrw.de\/Dokumentenservice\/portal\/WWW\/dokumentenarchiv\/Dokument\/MMD17-3229.pdf\" target=\"_blank\" rel=\"noopener\">Mit der kleinen Anfrage bittet die Landtagsabgeordnete Inge Blask die Landesregierung um Antworten zu den Fragen \u00fcber die zuk\u00fcnftige Ausgestaltung der forstpolitischen Rahmenbedingungen in der Bef\u00f6rsterung und im Holzverkauf in NRW.<\/a><\/p>\n<p>&nbsp;<\/p>\n<p><a href=\"https:\/\/www.landtag.nrw.de\/Dokumentenservice\/portal\/WWW\/dokumentenarchiv\/Dokument\/MMD17-3229.pdf\" target=\"_blank\" rel=\"noopener\"><img data-recalc-dims=\"1\" fetchpriority=\"high\" decoding=\"async\" data-attachment-id=\"668\" data-permalink=\"http:\/\/forst.igbau.nrw\/?attachment_id=668\" data-orig-file=\"https:\/\/i0.wp.com\/forst.igbau.nrw\/wp-content\/uploads\/2018\/07\/Landtag_NRW_Kleine_Anfrage_1310_SPD-e1532591668901.png?fit=200%2C283\" data-orig-size=\"200,283\" data-comments-opened=\"1\" data-image-meta=\"{&quot;aperture&quot;:&quot;0&quot;,&quot;credit&quot;:&quot;&quot;,&quot;camera&quot;:&quot;&quot;,&quot;caption&quot;:&quot;&quot;,&quot;created_timestamp&quot;:&quot;0&quot;,&quot;copyright&quot;:&quot;&quot;,&quot;focal_length&quot;:&quot;0&quot;,&quot;iso&quot;:&quot;0&quot;,&quot;shutter_speed&quot;:&quot;0&quot;,&quot;title&quot;:&quot;&quot;,&quot;orientation&quot;:&quot;0&quot;}\" data-image-title=\"Landtag_NRW_Kleine_Anfrage_1310_SPD\" data-image-description=\"\" data-image-caption=\"\" data-large-file=\"https:\/\/i0.wp.com\/forst.igbau.nrw\/wp-content\/uploads\/2018\/07\/Landtag_NRW_Kleine_Anfrage_1310_SPD-e1532591668901.png?fit=640%2C904\" class=\"aligncenter size-medium wp-image-668\" src=\"https:\/\/i0.wp.com\/forst.igbau.nrw\/wp-content\/uploads\/2018\/07\/Landtag_NRW_Kleine_Anfrage_1310_SPD.png?resize=212%2C300\" alt=\"\" width=\"212\" height=\"300\" \/><\/a><\/p>\n","protected":false},"excerpt":{"rendered":"<p>Mit der kleinen Anfrage bittet die Landtagsabgeordnete Inge Blask die Landesregierung um Antworten zu den Fragen \u00fcber die zuk\u00fcnftige Ausgestaltung der forstpolitischen<\/p>\n<p class=\"link-more\"><a class=\"myButt \" href=\"http:\/\/forst.igbau.nrw\/?p=667\">Weitere Infos &#8230;<\/a><\/p>\n","protected":false},"author":2,"featured_media":0,"comment_status":"open","ping_status":"open","sticky":false,"template":"","format":"standard","meta":{"ngg_post_thumbnail":0,"jetpack_post_was_ever_published":false,"_jetpack_newsletter_access":"","_jetpack_dont_email_post_to_subs":false,"_jetpack_newsletter_tier_id":0,"_jetpack_memberships_contains_paywalled_content":false,"_jetpack_memberships_contains_paid_content":false,"footnotes":"","jetpack_publicize_message":"","jetpack_publicize_feature_enabled":true,"jetpack_social_post_already_shared":false,"jetpack_social_options":{"image_generator_settings":{"template":"highway","default_image_id":0,"font":"","enabled":false},"version":2}},"categories":[4,5,8,20],"tags":[],"class_list":["post-667","post","type-post","status-publish","format-standard","hentry","category-forstpolitik","category-forstwirtschaft","category-ig-bau","category-landesbetrieb-wald-und-holz"],"jetpack_publicize_connections":[],"jetpack_featured_media_url":"","jetpack_sharing_enabled":true,"jetpack_shortlink":"https:\/\/wp.me\/p8x7f7-aL","jetpack-related-posts":[],"_links":{"self":[{"href":"http:\/\/forst.igbau.nrw\/index.php?rest_route=\/wp\/v2\/posts\/667","targetHints":{"allow":["GET"]}}],"collection":[{"href":"http:\/\/forst.igbau.nrw\/index.php?rest_route=\/wp\/v2\/posts"}],"about":[{"href":"http:\/\/forst.igbau.nrw\/index.php?rest_route=\/wp\/v2\/types\/post"}],"author":[{"embeddable":true,"href":"http:\/\/forst.igbau.nrw\/index.php?rest_route=\/wp\/v2\/users\/2"}],"replies":[{"embeddable":true,"href":"http:\/\/forst.igbau.nrw\/index.php?rest_route=%2Fwp%2Fv2%2Fcomments&post=667"}],"version-history":[{"count":3,"href":"http:\/\/forst.igbau.nrw\/index.php?rest_route=\/wp\/v2\/posts\/667\/revisions"}],"predecessor-version":[{"id":671,"href":"http:\/\/forst.igbau.nrw\/index.php?rest_route=\/wp\/v2\/posts\/667\/revisions\/671"}],"wp:attachment":[{"href":"http:\/\/forst.igbau.nrw\/index.php?rest_route=%2Fwp%2Fv2%2Fmedia&parent=667"}],"wp:term":[{"taxonomy":"category","embeddable":true,"href":"http:\/\/forst.igbau.nrw\/index.php?rest_route=%2Fwp%2Fv2%2Fcategories&post=667"},{"taxonomy":"post_tag","embeddable":true,"href":"http:\/\/forst.igbau.nrw\/index.php?rest_route=%2Fwp%2Fv2%2Ftags&post=667"}],"curies":[{"name":"wp","href":"https:\/\/api.w.org\/{rel}","templated":true}]}}