{"id":672,"date":"2018-07-05T08:00:08","date_gmt":"2018-07-05T08:00:08","guid":{"rendered":"http:\/\/forst.igbau.nrw\/?p=672"},"modified":"2018-07-26T08:43:17","modified_gmt":"2018-07-26T08:43:17","slug":"abschluss-eines-neuen-lohntarifvertrages-fuer-privatforsten-in-nrw","status":"publish","type":"post","link":"http:\/\/forst.igbau.nrw\/?p=672","title":{"rendered":"Abschluss eines neuen Lohntarifvertrages f\u00fcr Privatforsten in NRW"},"content":{"rendered":"<p>Am 01.03.2018 hat die IG BAU mit dem Arbeitgeberverband der Westf\u00e4lisch-Lippischen Land- und Forstwirtschaft e.V. sowie mit der Land- und forstwirtschaftlichen Arbeitgebervereinigung des Rheinischen Landwirtschafts-Verbandes einen neuen Lohntarifvertrag f\u00fcr die Besch\u00e4ftigten Waldarbeiter in den Privatforsten abgeschlossen.<\/p>\n<p>Der neue Lohntarifvertrag hat eine Laufzeit bis zum 31.12.2019.<\/p>\n<p>Die kompletten Tarifdetails k\u00f6nnen den Mitgliedern der IG BAU\u00a0 gerne auf Anfrage zur Verf\u00fcgung gestellt werden.<\/p>\n<p>F\u00fcr weitere Fragen dazu steht euch der Kollege Thomas Hoffmann als zust\u00e4ndiger Branchensekret\u00e4r zur Verf\u00fcgung. (Mobil 0160-90544910)<\/p>\n","protected":false},"excerpt":{"rendered":"<p>Am 01.03.2018 hat die IG BAU mit dem Arbeitgeberverband der Westf\u00e4lisch-Lippischen Land- und Forstwirtschaft e.V. sowie mit der Land- und forstwirtschaftlichen Arbeitgebervereinigung<\/p>\n<p class=\"link-more\"><a class=\"myButt \" href=\"http:\/\/forst.igbau.nrw\/?p=672\">Weitere Infos &#8230;<\/a><\/p>\n","protected":false},"author":2,"featured_media":324,"comment_status":"open","ping_status":"open","sticky":false,"template":"","format":"standard","meta":{"ngg_post_thumbnail":0,"jetpack_post_was_ever_published":false,"_jetpack_newsletter_access":"","_jetpack_dont_email_post_to_subs":false,"_jetpack_newsletter_tier_id":0,"_jetpack_memberships_contains_paywalled_content":false,"_jetpack_memberships_contains_paid_content":false,"footnotes":"","jetpack_publicize_message":"","jetpack_publicize_feature_enabled":true,"jetpack_social_post_already_shared":false,"jetpack_social_options":{"image_generator_settings":{"template":"highway","default_image_id":0,"font":"","enabled":false},"version":2}},"categories":[5,8],"tags":[],"class_list":["post-672","post","type-post","status-publish","format-standard","has-post-thumbnail","hentry","category-forstwirtschaft","category-ig-bau"],"jetpack_publicize_connections":[],"jetpack_featured_media_url":"https:\/\/i0.wp.com\/forst.igbau.nrw\/wp-content\/uploads\/2017\/03\/logo_igbau_original_gross-e1491225332768.png?fit=745%2C288","jetpack_sharing_enabled":true,"jetpack_shortlink":"https:\/\/wp.me\/p8x7f7-aQ","jetpack-related-posts":[],"_links":{"self":[{"href":"http:\/\/forst.igbau.nrw\/index.php?rest_route=\/wp\/v2\/posts\/672","targetHints":{"allow":["GET"]}}],"collection":[{"href":"http:\/\/forst.igbau.nrw\/index.php?rest_route=\/wp\/v2\/posts"}],"about":[{"href":"http:\/\/forst.igbau.nrw\/index.php?rest_route=\/wp\/v2\/types\/post"}],"author":[{"embeddable":true,"href":"http:\/\/forst.igbau.nrw\/index.php?rest_route=\/wp\/v2\/users\/2"}],"replies":[{"embeddable":true,"href":"http:\/\/forst.igbau.nrw\/index.php?rest_route=%2Fwp%2Fv2%2Fcomments&post=672"}],"version-history":[{"count":1,"href":"http:\/\/forst.igbau.nrw\/index.php?rest_route=\/wp\/v2\/posts\/672\/revisions"}],"predecessor-version":[{"id":673,"href":"http:\/\/forst.igbau.nrw\/index.php?rest_route=\/wp\/v2\/posts\/672\/revisions\/673"}],"wp:featuredmedia":[{"embeddable":true,"href":"http:\/\/forst.igbau.nrw\/index.php?rest_route=\/wp\/v2\/media\/324"}],"wp:attachment":[{"href":"http:\/\/forst.igbau.nrw\/index.php?rest_route=%2Fwp%2Fv2%2Fmedia&parent=672"}],"wp:term":[{"taxonomy":"category","embeddable":true,"href":"http:\/\/forst.igbau.nrw\/index.php?rest_route=%2Fwp%2Fv2%2Fcategories&post=672"},{"taxonomy":"post_tag","embeddable":true,"href":"http:\/\/forst.igbau.nrw\/index.php?rest_route=%2Fwp%2Fv2%2Ftags&post=672"}],"curies":[{"name":"wp","href":"https:\/\/api.w.org\/{rel}","templated":true}]}}