{"id":687,"date":"2018-08-29T20:38:37","date_gmt":"2018-08-29T20:38:37","guid":{"rendered":"http:\/\/forst.igbau.nrw\/?p=687"},"modified":"2018-08-30T10:09:54","modified_gmt":"2018-08-30T10:09:54","slug":"sitzung-des-obersten-forstausschusses","status":"publish","type":"post","link":"http:\/\/forst.igbau.nrw\/?p=687","title":{"rendered":"Sitzung des Obersten Forstausschusses"},"content":{"rendered":"<p>Am Dienstag den 28.08. fand die letzte Sitzung des Obersten Forstausschusses statt. In der Sitzung wurden als wesentlichen Punkte die Entw\u00fcrfe der geplanten F\u00f6rderungsrichtlinien zur Holzvermarktung und zur direkten F\u00f6rderung des Waldbesitzes diskutiert.<\/p>\n<p>Die Forderungen \u00dcberlegungen zur Sitzung hat die Landesvertretung ja bereits im Vorfeld an Frau Ministerin Heinen-Esser in einem offenen Brief ge\u00e4u\u00dfert.<\/p>\n<p>Vorbehaltlich des Protokolls zu Sitzung wurden die \u00dcberlegungen einer Ber\u00fccksichtigung auch des Waldbesitzes au\u00dferhalb der Zusammenschl\u00fcsse zu f\u00f6rdern, zumindest in der F\u00f6rderung der Holzvermarktung mehrheitlich unterst\u00fctzt. In der geplanten direkten F\u00f6rderung soll dieser Gedanke durch das MULNV gepr\u00fcft werden und ggf. ebenfalls mit in die F\u00f6rderrichtlinie einflie\u00dfen.<\/p>\n<p>Als weiterer Tagesordnungspunkt wurde die aktuelle Kalamit\u00e4tslage durch den Befall mit Borkenk\u00e4fern besprochen,\u00a0in den\u00a0landesweiten R\u00fcckmeldungen zeichnet sich eine\u00a0extreme Befallsst\u00e4rke aktuell und auch f\u00fcr 2019\u00a0ab. Als Problematisch werden vor allem die aktuell nicht ausreichenden Vermarktungsm\u00f6glichkeiten gesehen. Dringend wird von allen Beteiligten ein Stopp\u00a0des Frischholzeinschlages gefordert.<\/p>\n<p>Sobald das Protokoll der Sitzung zur Verf\u00fcgung steht werden wir dies an dieser Stelle ver\u00f6ffentlichen.<\/p>\n","protected":false},"excerpt":{"rendered":"<p>Am Dienstag den 28.08. fand die letzte Sitzung des Obersten Forstausschusses statt. In der Sitzung wurden als wesentlichen Punkte die Entw\u00fcrfe der<\/p>\n<p class=\"link-more\"><a class=\"myButt \" href=\"http:\/\/forst.igbau.nrw\/?p=687\">Weitere Infos &#8230;<\/a><\/p>\n","protected":false},"author":2,"featured_media":0,"comment_status":"open","ping_status":"open","sticky":false,"template":"","format":"standard","meta":{"ngg_post_thumbnail":0,"jetpack_post_was_ever_published":false,"_jetpack_newsletter_access":"","_jetpack_dont_email_post_to_subs":false,"_jetpack_newsletter_tier_id":0,"_jetpack_memberships_contains_paywalled_content":false,"_jetpack_memberships_contains_paid_content":false,"footnotes":"","jetpack_publicize_message":"","jetpack_publicize_feature_enabled":true,"jetpack_social_post_already_shared":false,"jetpack_social_options":{"image_generator_settings":{"template":"highway","default_image_id":0,"font":"","enabled":false},"version":2}},"categories":[5],"tags":[],"class_list":["post-687","post","type-post","status-publish","format-standard","hentry","category-forstwirtschaft"],"jetpack_publicize_connections":[],"jetpack_featured_media_url":"","jetpack_sharing_enabled":true,"jetpack_shortlink":"https:\/\/wp.me\/p8x7f7-b5","jetpack-related-posts":[],"_links":{"self":[{"href":"http:\/\/forst.igbau.nrw\/index.php?rest_route=\/wp\/v2\/posts\/687","targetHints":{"allow":["GET"]}}],"collection":[{"href":"http:\/\/forst.igbau.nrw\/index.php?rest_route=\/wp\/v2\/posts"}],"about":[{"href":"http:\/\/forst.igbau.nrw\/index.php?rest_route=\/wp\/v2\/types\/post"}],"author":[{"embeddable":true,"href":"http:\/\/forst.igbau.nrw\/index.php?rest_route=\/wp\/v2\/users\/2"}],"replies":[{"embeddable":true,"href":"http:\/\/forst.igbau.nrw\/index.php?rest_route=%2Fwp%2Fv2%2Fcomments&post=687"}],"version-history":[{"count":2,"href":"http:\/\/forst.igbau.nrw\/index.php?rest_route=\/wp\/v2\/posts\/687\/revisions"}],"predecessor-version":[{"id":693,"href":"http:\/\/forst.igbau.nrw\/index.php?rest_route=\/wp\/v2\/posts\/687\/revisions\/693"}],"wp:attachment":[{"href":"http:\/\/forst.igbau.nrw\/index.php?rest_route=%2Fwp%2Fv2%2Fmedia&parent=687"}],"wp:term":[{"taxonomy":"category","embeddable":true,"href":"http:\/\/forst.igbau.nrw\/index.php?rest_route=%2Fwp%2Fv2%2Fcategories&post=687"},{"taxonomy":"post_tag","embeddable":true,"href":"http:\/\/forst.igbau.nrw\/index.php?rest_route=%2Fwp%2Fv2%2Ftags&post=687"}],"curies":[{"name":"wp","href":"https:\/\/api.w.org\/{rel}","templated":true}]}}