{"id":689,"date":"2018-08-29T19:40:52","date_gmt":"2018-08-29T19:40:52","guid":{"rendered":"http:\/\/forst.igbau.nrw\/?p=689"},"modified":"2018-08-30T10:06:15","modified_gmt":"2018-08-30T10:06:15","slug":"forderung-des-waldbauernverbandes","status":"publish","type":"post","link":"http:\/\/forst.igbau.nrw\/?p=689","title":{"rendered":"Forderung des Waldbauernverbandes"},"content":{"rendered":"<p>Anbei zur Info die aktuelle <a href=\"http:\/\/forst.igbau.nrw\/wp-content\/uploads\/2018\/08\/180827_Position_WBV.pdf\">Forderungen des Waldbauernverbandes<\/a>, zur Kenntnis.<\/p>\n<p>Es scheint als ob die aktuellen Rahmenbedingungen nun doch zur Einsicht gef\u00fchrt haben, dass der\u00a0durch die Landesvertretung der IG\u00a0BAU in NRW \u00a0immer wieder vertretene Standpunkt von l\u00e4ngeren \u00dcbergangsfristen auch durch den Waldbauernverband akzeptiert wird.<\/p>\n<p>Die Begr\u00fcndung das diese \u00dcberlegungen unter anderem durch die sich abzeichnende Borkenk\u00e4ferkalamit\u00e4t ma\u00dfgeblich erforderlich wird best\u00e4tigt unsere Warnungen davor, dass in Zukunft bei derartigen Extremsituationen ohne landesweite Koordination und Staatliche Unterst\u00fctzung die nachhaltige Forstwirtschaft in NRW gef\u00e4hrdet sein kann.<\/p>\n","protected":false},"excerpt":{"rendered":"<p>Anbei zur Info die aktuelle Forderungen des Waldbauernverbandes, zur Kenntnis. Es scheint als ob die aktuellen Rahmenbedingungen nun doch zur Einsicht gef\u00fchrt<\/p>\n<p class=\"link-more\"><a class=\"myButt \" href=\"http:\/\/forst.igbau.nrw\/?p=689\">Weitere Infos &#8230;<\/a><\/p>\n","protected":false},"author":2,"featured_media":0,"comment_status":"open","ping_status":"open","sticky":false,"template":"","format":"standard","meta":{"ngg_post_thumbnail":0,"jetpack_post_was_ever_published":false,"_jetpack_newsletter_access":"","_jetpack_dont_email_post_to_subs":false,"_jetpack_newsletter_tier_id":0,"_jetpack_memberships_contains_paywalled_content":false,"_jetpack_memberships_contains_paid_content":false,"footnotes":"","jetpack_publicize_message":"","jetpack_publicize_feature_enabled":true,"jetpack_social_post_already_shared":false,"jetpack_social_options":{"image_generator_settings":{"template":"highway","default_image_id":0,"font":"","enabled":false},"version":2}},"categories":[5],"tags":[],"class_list":["post-689","post","type-post","status-publish","format-standard","hentry","category-forstwirtschaft"],"jetpack_publicize_connections":[],"jetpack_featured_media_url":"","jetpack_sharing_enabled":true,"jetpack_shortlink":"https:\/\/wp.me\/p8x7f7-b7","jetpack-related-posts":[],"_links":{"self":[{"href":"http:\/\/forst.igbau.nrw\/index.php?rest_route=\/wp\/v2\/posts\/689","targetHints":{"allow":["GET"]}}],"collection":[{"href":"http:\/\/forst.igbau.nrw\/index.php?rest_route=\/wp\/v2\/posts"}],"about":[{"href":"http:\/\/forst.igbau.nrw\/index.php?rest_route=\/wp\/v2\/types\/post"}],"author":[{"embeddable":true,"href":"http:\/\/forst.igbau.nrw\/index.php?rest_route=\/wp\/v2\/users\/2"}],"replies":[{"embeddable":true,"href":"http:\/\/forst.igbau.nrw\/index.php?rest_route=%2Fwp%2Fv2%2Fcomments&post=689"}],"version-history":[{"count":2,"href":"http:\/\/forst.igbau.nrw\/index.php?rest_route=\/wp\/v2\/posts\/689\/revisions"}],"predecessor-version":[{"id":692,"href":"http:\/\/forst.igbau.nrw\/index.php?rest_route=\/wp\/v2\/posts\/689\/revisions\/692"}],"wp:attachment":[{"href":"http:\/\/forst.igbau.nrw\/index.php?rest_route=%2Fwp%2Fv2%2Fmedia&parent=689"}],"wp:term":[{"taxonomy":"category","embeddable":true,"href":"http:\/\/forst.igbau.nrw\/index.php?rest_route=%2Fwp%2Fv2%2Fcategories&post=689"},{"taxonomy":"post_tag","embeddable":true,"href":"http:\/\/forst.igbau.nrw\/index.php?rest_route=%2Fwp%2Fv2%2Ftags&post=689"}],"curies":[{"name":"wp","href":"https:\/\/api.w.org\/{rel}","templated":true}]}}