{"id":70,"date":"2017-03-21T15:40:41","date_gmt":"2017-03-21T15:40:41","guid":{"rendered":"http:\/\/forst.igbau.nrw\/?p=70"},"modified":"2017-04-03T12:48:24","modified_gmt":"2017-04-03T12:48:24","slug":"hoher-besuch-im-regionalforstamt-soest-sauerland","status":"publish","type":"post","link":"http:\/\/forst.igbau.nrw\/?p=70","title":{"rendered":"Hoher Besuch im Regionalforstamt Soest Sauerland"},"content":{"rendered":"<p>Angeregt durch die NRW Landtagsabgeordnete Marlies Stotz (SPD) fand gestern ein Hoher Besuch aus Berlin statt. Die SPD-Umweltministerin Frau Dr. Barbara Hendricks fand Platz in Ihrem engen Terminkalender f\u00fcr einen informativen Waldspaziergang in Langestra\u00dfe im Regionalforstamt Soest Sauerland.<\/p>\n<p>In Begleitung der Landtagesabgeordneten Frau Stotz, einigen Interessierten B\u00fcrgerinnen und B\u00fcrgern, Kolleginnen und Kollegen aus dem Regionalforstamt und einer Vertretung der Landesvertretung der IGBAU Forst und Naturschutz NRW, informierte sich Frau Dr. Hendricks \u00fcber Themen aus der Forstwirtschaft, dem Naturschutz, den Auswirkungen des Klimawandels sowie allgemeinen und aktuellen Fragestellungen die den Wald betreffen.<\/p>\n<p>Unter der fachlichen Begleitung von Edgar R\u00fcther als Leiter des Regionalforstames und dem zust\u00e4ndigen Leister des Forstbetriebsbezirkes Andreas Wittgen wurde ein gro\u00dfer Themenbereich anhand der besuchten Waldbest\u00e4nde angesprochen. Dabei zeigte sich die Bundesministerin gut informiert und auf der H\u00f6he der aktuellen Entwicklungen.<\/p>\n<figure id=\"attachment_257\" aria-describedby=\"caption-attachment-257\" style=\"width: 640px\" class=\"wp-caption aligncenter\"><img data-recalc-dims=\"1\" fetchpriority=\"high\" decoding=\"async\" data-attachment-id=\"257\" data-permalink=\"http:\/\/forst.igbau.nrw\/?attachment_id=257\" data-orig-file=\"https:\/\/i0.wp.com\/forst.igbau.nrw\/wp-content\/uploads\/2017\/03\/Besuch_Hendricks_Soest_2017_02.jpg?fit=4272%2C2848\" data-orig-size=\"4272,2848\" data-comments-opened=\"1\" data-image-meta=\"{&quot;aperture&quot;:&quot;3.5&quot;,&quot;credit&quot;:&quot;&quot;,&quot;camera&quot;:&quot;Canon EOS 1100D&quot;,&quot;caption&quot;:&quot;&quot;,&quot;created_timestamp&quot;:&quot;1490021185&quot;,&quot;copyright&quot;:&quot;&quot;,&quot;focal_length&quot;:&quot;18&quot;,&quot;iso&quot;:&quot;100&quot;,&quot;shutter_speed&quot;:&quot;0.0125&quot;,&quot;title&quot;:&quot;&quot;,&quot;orientation&quot;:&quot;1&quot;}\" data-image-title=\"Besuch_Ministerin_Hendricks_Soest_2017_02\" data-image-description=\"\" data-image-caption=\"&lt;p&gt;Andreas Wittgen erl\u00e4utert Fra Dr. Hendricks die Situation vor Ort.&lt;br \/&gt;\n(Foto Wald und Holz NRW)&lt;\/p&gt;\n\" data-large-file=\"https:\/\/i0.wp.com\/forst.igbau.nrw\/wp-content\/uploads\/2017\/03\/Besuch_Hendricks_Soest_2017_02.jpg?fit=640%2C427\" class=\"size-large wp-image-257\" src=\"https:\/\/i0.wp.com\/forst.igbau.nrw\/wp-content\/uploads\/2017\/03\/Besuch_Hendricks_Soest_2017_02.jpg?resize=640%2C427\" alt=\"\" width=\"640\" height=\"427\" srcset=\"https:\/\/i0.wp.com\/forst.igbau.nrw\/wp-content\/uploads\/2017\/03\/Besuch_Hendricks_Soest_2017_02.jpg?resize=1024%2C683 1024w, https:\/\/i0.wp.com\/forst.igbau.nrw\/wp-content\/uploads\/2017\/03\/Besuch_Hendricks_Soest_2017_02.jpg?resize=300%2C200 300w, https:\/\/i0.wp.com\/forst.igbau.nrw\/wp-content\/uploads\/2017\/03\/Besuch_Hendricks_Soest_2017_02.jpg?resize=768%2C512 768w, https:\/\/i0.wp.com\/forst.igbau.nrw\/wp-content\/uploads\/2017\/03\/Besuch_Hendricks_Soest_2017_02.jpg?w=1280 1280w, https:\/\/i0.wp.com\/forst.igbau.nrw\/wp-content\/uploads\/2017\/03\/Besuch_Hendricks_Soest_2017_02.jpg?w=1920 1920w\" sizes=\"(max-width: 640px) 100vw, 640px\" \/><figcaption id=\"caption-attachment-257\" class=\"wp-caption-text\">Andreas Wittgen erl\u00e4utert Fra Dr. Hendricks die Situation vor Ort.<br \/>(Foto Wald und Holz NRW)<\/figcaption><\/figure>\n<p>Dies zeigte sich auch im anschlie\u00dfenden Gespr\u00e4ch in ich\u00a0die M\u00f6glichkeit hatten unsere Fragen an die Ministerin zu richten. Insbesondere Ihre Aussage zum Urteil des OLG D\u00fcsseldorf wonach die Rundholz-Vermarktung des Landes Baden-W\u00fcrttemberg gegen europ\u00e4isches Kartellrecht verst\u00f6\u00dft wurde durch uns aufmerksam zur Kenntnis genommen.<\/p>\n<p>Nach Aussage der Ministerin hat hier leider die Neufassung des Bundeswaldgesetzes nicht zu einer positiven Entscheidung im Klageverfahren gef\u00fchrt. Jetzt ist jedoch erst einmal der Weg zur Bundesrichterlichen Rechtsprechung des BGH abzuwarten.<\/p>\n<p>Und dann, je nachdem wie dieses Verfahren entschieden wird kommt es m\u00f6glicherweise zu einer weitergehenden Kl\u00e4rung auf europ\u00e4ischer Ebene. Bis dahin ist es jedoch noch ein weiter Weg,\u00a0die Bundesregierung und die Bundesl\u00e4nder haben durch die Einigung auf das neue Bundeswaldgesetz jedoch gezeigt wie sie zu dieser Fragestellung stehen und bewusst den Verkauf von Holz und die Erbringung von forstwirtschaftlichen Dienstleistungen vom Anwendungsbereich des \u00a7 1 GWB ausgenommen.<\/p>\n<p>Frau Dr. Hendricks zeigte sich zuversichtlich dass die Auffassung der Bundesregierung in diesem Fall nicht gegen europ\u00e4isches Recht verst\u00f6\u00dft.<\/p>\n<p>Es gab bereits andere Verfahren die in \u00e4hnlich lautenden Fragestellungen des europ\u00e4ischen Kartellrechts zugunsten der Bundesrepublik entschieden worden sind, so die Ministerin.<\/p>\n","protected":false},"excerpt":{"rendered":"<p>Angeregt durch die NRW Landtagsabgeordnete Marlies Stotz (SPD) fand gestern ein Hoher Besuch aus Berlin statt. Die SPD-Umweltministerin Frau Dr. Barbara Hendricks<\/p>\n<p class=\"link-more\"><a class=\"myButt \" href=\"http:\/\/forst.igbau.nrw\/?p=70\">Weitere Infos &#8230;<\/a><\/p>\n","protected":false},"author":1,"featured_media":258,"comment_status":"open","ping_status":"open","sticky":false,"template":"","format":"standard","meta":{"ngg_post_thumbnail":0,"jetpack_post_was_ever_published":false,"_jetpack_newsletter_access":"","_jetpack_dont_email_post_to_subs":true,"_jetpack_newsletter_tier_id":0,"_jetpack_memberships_contains_paywalled_content":false,"_jetpack_memberships_contains_paid_content":false,"footnotes":"","jetpack_publicize_message":"","jetpack_publicize_feature_enabled":true,"jetpack_social_post_already_shared":false,"jetpack_social_options":{"image_generator_settings":{"template":"highway","default_image_id":0,"font":"","enabled":false},"version":2}},"categories":[4,5,8],"tags":[],"class_list":["post-70","post","type-post","status-publish","format-standard","has-post-thumbnail","hentry","category-forstpolitik","category-forstwirtschaft","category-ig-bau"],"jetpack_publicize_connections":[],"jetpack_featured_media_url":"https:\/\/i0.wp.com\/forst.igbau.nrw\/wp-content\/uploads\/2017\/03\/Besuch_Hendricks_Soest_2017_06.jpg?fit=3035%2C2169","jetpack_sharing_enabled":true,"jetpack_shortlink":"https:\/\/wp.me\/p8x7f7-18","jetpack-related-posts":[],"_links":{"self":[{"href":"http:\/\/forst.igbau.nrw\/index.php?rest_route=\/wp\/v2\/posts\/70","targetHints":{"allow":["GET"]}}],"collection":[{"href":"http:\/\/forst.igbau.nrw\/index.php?rest_route=\/wp\/v2\/posts"}],"about":[{"href":"http:\/\/forst.igbau.nrw\/index.php?rest_route=\/wp\/v2\/types\/post"}],"author":[{"embeddable":true,"href":"http:\/\/forst.igbau.nrw\/index.php?rest_route=\/wp\/v2\/users\/1"}],"replies":[{"embeddable":true,"href":"http:\/\/forst.igbau.nrw\/index.php?rest_route=%2Fwp%2Fv2%2Fcomments&post=70"}],"version-history":[{"count":24,"href":"http:\/\/forst.igbau.nrw\/index.php?rest_route=\/wp\/v2\/posts\/70\/revisions"}],"predecessor-version":[{"id":296,"href":"http:\/\/forst.igbau.nrw\/index.php?rest_route=\/wp\/v2\/posts\/70\/revisions\/296"}],"wp:featuredmedia":[{"embeddable":true,"href":"http:\/\/forst.igbau.nrw\/index.php?rest_route=\/wp\/v2\/media\/258"}],"wp:attachment":[{"href":"http:\/\/forst.igbau.nrw\/index.php?rest_route=%2Fwp%2Fv2%2Fmedia&parent=70"}],"wp:term":[{"taxonomy":"category","embeddable":true,"href":"http:\/\/forst.igbau.nrw\/index.php?rest_route=%2Fwp%2Fv2%2Fcategories&post=70"},{"taxonomy":"post_tag","embeddable":true,"href":"http:\/\/forst.igbau.nrw\/index.php?rest_route=%2Fwp%2Fv2%2Ftags&post=70"}],"curies":[{"name":"wp","href":"https:\/\/api.w.org\/{rel}","templated":true}]}}