{"id":721,"date":"2018-12-08T18:22:52","date_gmt":"2018-12-08T18:22:52","guid":{"rendered":"http:\/\/forst.igbau.nrw\/?p=721"},"modified":"2019-02-14T08:41:21","modified_gmt":"2019-02-14T08:41:21","slug":"waldbaukonzept-nrw-2","status":"publish","type":"post","link":"http:\/\/forst.igbau.nrw\/?p=721","title":{"rendered":"Waldbaukonzept NRW"},"content":{"rendered":"<p>Am Freitag den 07.12. wurde in der Landeshauptstadt D\u00fcsseldorf das neue Waldbaukonzept f\u00fcr Nordrhein-Westfalen vorgestellt.<\/p>\n<p>Das Waldbaukonzept soll dem interessierten Waldbesitz Empfehlungen geben wie eine waldbauliche Entwicklung mit heimischen Baumarten abh\u00e4ngig von Standorts- und Klimabedingungen erfolgen kann.<\/p>\n<p>Das Konzept zur zu Unterst\u00fctzung beim Umbau hin zu klimaangepassten W\u00e4ldern in NRW wurde bereits durch die Vorg\u00e4ngerregierung in Auftrag gegeben und konnte<\/p>\n<p><a href=\"https:\/\/www.umwelt.nrw.de\/fileadmin\/redaktion\/Broschueren\/waldbaukonzept_nrw.pdf\" target=\"_blank\" rel=\"noopener\"><img data-recalc-dims=\"1\" fetchpriority=\"high\" decoding=\"async\" data-attachment-id=\"730\" data-permalink=\"http:\/\/forst.igbau.nrw\/?attachment_id=730\" data-orig-file=\"https:\/\/i0.wp.com\/forst.igbau.nrw\/wp-content\/uploads\/2018\/12\/Waldbaukonzept_NRW.png?fit=775%2C1080\" data-orig-size=\"775,1080\" data-comments-opened=\"1\" data-image-meta=\"{&quot;aperture&quot;:&quot;0&quot;,&quot;credit&quot;:&quot;&quot;,&quot;camera&quot;:&quot;&quot;,&quot;caption&quot;:&quot;&quot;,&quot;created_timestamp&quot;:&quot;0&quot;,&quot;copyright&quot;:&quot;&quot;,&quot;focal_length&quot;:&quot;0&quot;,&quot;iso&quot;:&quot;0&quot;,&quot;shutter_speed&quot;:&quot;0&quot;,&quot;title&quot;:&quot;&quot;,&quot;orientation&quot;:&quot;0&quot;}\" data-image-title=\"Waldbaukonzept_NRW\" data-image-description=\"\" data-image-caption=\"\" data-large-file=\"https:\/\/i0.wp.com\/forst.igbau.nrw\/wp-content\/uploads\/2018\/12\/Waldbaukonzept_NRW.png?fit=640%2C892\" class=\"aligncenter wp-image-730 size-medium\" src=\"https:\/\/i0.wp.com\/forst.igbau.nrw\/wp-content\/uploads\/2018\/12\/Waldbaukonzept_NRW.png?resize=215%2C300\" alt=\"\" width=\"215\" height=\"300\" srcset=\"https:\/\/i0.wp.com\/forst.igbau.nrw\/wp-content\/uploads\/2018\/12\/Waldbaukonzept_NRW.png?resize=215%2C300 215w, https:\/\/i0.wp.com\/forst.igbau.nrw\/wp-content\/uploads\/2018\/12\/Waldbaukonzept_NRW.png?resize=768%2C1070 768w, https:\/\/i0.wp.com\/forst.igbau.nrw\/wp-content\/uploads\/2018\/12\/Waldbaukonzept_NRW.png?resize=735%2C1024 735w, https:\/\/i0.wp.com\/forst.igbau.nrw\/wp-content\/uploads\/2018\/12\/Waldbaukonzept_NRW.png?w=775 775w\" sizes=\"(max-width: 215px) 100vw, 215px\" \/><\/a><\/p>\n<p>nun durch Frau Ministerin Heinen-Esser vorgestellt werden. Damit wird ein weiterer Baustein in der Kliamanpassungstrategie NRW umgesetzt.<\/p>\n<p>Die Sturmkatastrophen der letzten Jahre und das extreme D\u00fcrrejahr 2018 mit der sich abzeichnenden Borkenk\u00e4ferkalamit\u00e4t von bisher unbekannter Dimension zeigen die Erfordernis zu standortangepassten Mischw\u00e4ldern um eine maximale Risikovorsorge f\u00fcr den Wald und die Forstbetrieb zu betreiben.<\/p>\n<p>Bei der Erarbeitung der Waldentwicklungstypen wurde ein Hauptaugenmerk auf standortgerechte, eingef\u00fchrte Baumarten gerichtet, die durch langj\u00e4hrige Erfahrungen gesicherte Kenntnisse \u00fcber deren Eignung\u00a0 f\u00fcr die betreffende Region erm\u00f6glichen.<\/p>\n","protected":false},"excerpt":{"rendered":"<p>Am Freitag den 07.12. wurde in der Landeshauptstadt D\u00fcsseldorf das neue Waldbaukonzept f\u00fcr Nordrhein-Westfalen vorgestellt. Das Waldbaukonzept soll dem interessierten Waldbesitz Empfehlungen<\/p>\n<p class=\"link-more\"><a class=\"myButt \" href=\"http:\/\/forst.igbau.nrw\/?p=721\">Weitere Infos &#8230;<\/a><\/p>\n","protected":false},"author":2,"featured_media":0,"comment_status":"open","ping_status":"open","sticky":false,"template":"","format":"standard","meta":{"ngg_post_thumbnail":0,"jetpack_post_was_ever_published":false,"_jetpack_newsletter_access":"","_jetpack_dont_email_post_to_subs":false,"_jetpack_newsletter_tier_id":0,"_jetpack_memberships_contains_paywalled_content":false,"_jetpack_memberships_contains_paid_content":false,"footnotes":"","jetpack_publicize_message":"","jetpack_publicize_feature_enabled":true,"jetpack_social_post_already_shared":false,"jetpack_social_options":{"image_generator_settings":{"template":"highway","default_image_id":0,"font":"","enabled":false},"version":2}},"categories":[5],"tags":[],"class_list":["post-721","post","type-post","status-publish","format-standard","hentry","category-forstwirtschaft"],"jetpack_publicize_connections":[],"jetpack_featured_media_url":"","jetpack_sharing_enabled":true,"jetpack_shortlink":"https:\/\/wp.me\/p8x7f7-bD","jetpack-related-posts":[],"_links":{"self":[{"href":"http:\/\/forst.igbau.nrw\/index.php?rest_route=\/wp\/v2\/posts\/721","targetHints":{"allow":["GET"]}}],"collection":[{"href":"http:\/\/forst.igbau.nrw\/index.php?rest_route=\/wp\/v2\/posts"}],"about":[{"href":"http:\/\/forst.igbau.nrw\/index.php?rest_route=\/wp\/v2\/types\/post"}],"author":[{"embeddable":true,"href":"http:\/\/forst.igbau.nrw\/index.php?rest_route=\/wp\/v2\/users\/2"}],"replies":[{"embeddable":true,"href":"http:\/\/forst.igbau.nrw\/index.php?rest_route=%2Fwp%2Fv2%2Fcomments&post=721"}],"version-history":[{"count":8,"href":"http:\/\/forst.igbau.nrw\/index.php?rest_route=\/wp\/v2\/posts\/721\/revisions"}],"predecessor-version":[{"id":803,"href":"http:\/\/forst.igbau.nrw\/index.php?rest_route=\/wp\/v2\/posts\/721\/revisions\/803"}],"wp:attachment":[{"href":"http:\/\/forst.igbau.nrw\/index.php?rest_route=%2Fwp%2Fv2%2Fmedia&parent=721"}],"wp:term":[{"taxonomy":"category","embeddable":true,"href":"http:\/\/forst.igbau.nrw\/index.php?rest_route=%2Fwp%2Fv2%2Fcategories&post=721"},{"taxonomy":"post_tag","embeddable":true,"href":"http:\/\/forst.igbau.nrw\/index.php?rest_route=%2Fwp%2Fv2%2Ftags&post=721"}],"curies":[{"name":"wp","href":"https:\/\/api.w.org\/{rel}","templated":true}]}}