{"id":723,"date":"2018-12-11T19:23:46","date_gmt":"2018-12-11T19:23:46","guid":{"rendered":"http:\/\/forst.igbau.nrw\/?p=723"},"modified":"2018-12-14T19:25:21","modified_gmt":"2018-12-14T19:25:21","slug":"foerderung-des-waldbesitzes-in-nrw","status":"publish","type":"post","link":"http:\/\/forst.igbau.nrw\/?p=723","title":{"rendered":"F\u00f6rderung des Waldbesitzes in NRW"},"content":{"rendered":"<div class=\"page\" title=\"Page 1\">\n<div class=\"layoutArea\">\n<div class=\"column\">\n<p>Im Zuge der Zielsetzung der Landesregierung in NRW die Forderung des Bundeskartellamtes nach eigenst\u00e4ndigen Holzvermarktungsstrukturen des Privaten Waldbesitzes\u00a0 zu erf\u00fcllen wurde nun die Leitlinie zur Gew\u00e4hrung von Zuwendungen<br \/>\nzur Fo\u0308rderung wettbewerbsfa\u0308higer Holzvermarktungsstrukturen kurz &#8222;HOMA&#8220; in Kraft gesetzt.<\/p>\n<p>Die HOMA dient der Unterst\u00fctzung einer geplanten eigenst\u00e4ndigen nichtstaatlichen Holzvermarktung, um die kartellrechtlich beanstandeten strukturellen Wettbewerbsnachteile abzuschaffen. Die F\u00f6rderung soll die forstwirtschaftliche Zusammenschl\u00fcsse in Ihren Bem\u00fchungen st\u00e4rken eigene betriebswirtschaftlich \u00fcberlebensf\u00e4hige Holzvermarktungsfirmen zu gr\u00fcnden.<\/p>\n<\/div>\n<p><a href=\"https:\/\/www.wald-und-holz.nrw.de\/forstwirtschaft\/foerderung\/homa\/\" target=\"_blank\" rel=\"noopener\"><img data-recalc-dims=\"1\" fetchpriority=\"high\" decoding=\"async\" data-attachment-id=\"738\" data-permalink=\"http:\/\/forst.igbau.nrw\/?attachment_id=738\" data-orig-file=\"https:\/\/i0.wp.com\/forst.igbau.nrw\/wp-content\/uploads\/2018\/12\/HOMA_2018.png?fit=884%2C1077\" data-orig-size=\"884,1077\" data-comments-opened=\"1\" data-image-meta=\"{&quot;aperture&quot;:&quot;0&quot;,&quot;credit&quot;:&quot;&quot;,&quot;camera&quot;:&quot;&quot;,&quot;caption&quot;:&quot;&quot;,&quot;created_timestamp&quot;:&quot;0&quot;,&quot;copyright&quot;:&quot;&quot;,&quot;focal_length&quot;:&quot;0&quot;,&quot;iso&quot;:&quot;0&quot;,&quot;shutter_speed&quot;:&quot;0&quot;,&quot;title&quot;:&quot;&quot;,&quot;orientation&quot;:&quot;0&quot;}\" data-image-title=\"HOMA_2018\" data-image-description=\"\" data-image-caption=\"\" data-large-file=\"https:\/\/i0.wp.com\/forst.igbau.nrw\/wp-content\/uploads\/2018\/12\/HOMA_2018.png?fit=640%2C780\" class=\"aligncenter size-medium wp-image-738\" src=\"https:\/\/i0.wp.com\/forst.igbau.nrw\/wp-content\/uploads\/2018\/12\/HOMA_2018.png?resize=246%2C300\" alt=\"\" width=\"246\" height=\"300\" srcset=\"https:\/\/i0.wp.com\/forst.igbau.nrw\/wp-content\/uploads\/2018\/12\/HOMA_2018.png?resize=246%2C300 246w, https:\/\/i0.wp.com\/forst.igbau.nrw\/wp-content\/uploads\/2018\/12\/HOMA_2018.png?resize=768%2C936 768w, https:\/\/i0.wp.com\/forst.igbau.nrw\/wp-content\/uploads\/2018\/12\/HOMA_2018.png?resize=840%2C1024 840w, https:\/\/i0.wp.com\/forst.igbau.nrw\/wp-content\/uploads\/2018\/12\/HOMA_2018.png?w=884 884w\" sizes=\"(max-width: 246px) 100vw, 246px\" \/><\/a><\/p>\n<p>Ob und wie, vor dem Hintergrund der aktuellen schlechten Marktlage f\u00fcr die Fichte, dies gelingen kann wird sich zeigen.<\/p>\n<p>Bleibt zu hoffen das nach dem zwangsweisen R\u00fcckzug des Landesbetriebes aus der Holzvermarktung die HOMA ihren Zweck erf\u00fcllt. Immerhin steht nicht weniger als die Versorgung der Holzverarbeitenden Industrie und damit Tausende von Arbeitspl\u00e4tzen und ein ganzer Wirtschaftszweig auf dem Spiel.<\/p>\n<\/div>\n<p>&nbsp;<\/p>\n<\/div>\n<div class=\"page\" title=\"Page 1\">\n<div class=\"layoutArea\">\n<div class=\"column\">\n<p>&nbsp;<\/p>\n<\/div>\n<\/div>\n<\/div>\n","protected":false},"excerpt":{"rendered":"<p>Im Zuge der Zielsetzung der Landesregierung in NRW die Forderung des Bundeskartellamtes nach eigenst\u00e4ndigen Holzvermarktungsstrukturen des Privaten Waldbesitzes\u00a0 zu erf\u00fcllen wurde nun<\/p>\n<p class=\"link-more\"><a class=\"myButt \" href=\"http:\/\/forst.igbau.nrw\/?p=723\">Weitere Infos &#8230;<\/a><\/p>\n","protected":false},"author":2,"featured_media":0,"comment_status":"open","ping_status":"open","sticky":false,"template":"","format":"standard","meta":{"ngg_post_thumbnail":0,"jetpack_post_was_ever_published":false,"_jetpack_newsletter_access":"","_jetpack_dont_email_post_to_subs":false,"_jetpack_newsletter_tier_id":0,"_jetpack_memberships_contains_paywalled_content":false,"_jetpack_memberships_contains_paid_content":false,"footnotes":"","jetpack_publicize_message":"","jetpack_publicize_feature_enabled":true,"jetpack_social_post_already_shared":false,"jetpack_social_options":{"image_generator_settings":{"template":"highway","default_image_id":0,"font":"","enabled":false},"version":2}},"categories":[5],"tags":[],"class_list":["post-723","post","type-post","status-publish","format-standard","hentry","category-forstwirtschaft"],"jetpack_publicize_connections":[],"jetpack_featured_media_url":"","jetpack_sharing_enabled":true,"jetpack_shortlink":"https:\/\/wp.me\/p8x7f7-bF","jetpack-related-posts":[],"_links":{"self":[{"href":"http:\/\/forst.igbau.nrw\/index.php?rest_route=\/wp\/v2\/posts\/723","targetHints":{"allow":["GET"]}}],"collection":[{"href":"http:\/\/forst.igbau.nrw\/index.php?rest_route=\/wp\/v2\/posts"}],"about":[{"href":"http:\/\/forst.igbau.nrw\/index.php?rest_route=\/wp\/v2\/types\/post"}],"author":[{"embeddable":true,"href":"http:\/\/forst.igbau.nrw\/index.php?rest_route=\/wp\/v2\/users\/2"}],"replies":[{"embeddable":true,"href":"http:\/\/forst.igbau.nrw\/index.php?rest_route=%2Fwp%2Fv2%2Fcomments&post=723"}],"version-history":[{"count":5,"href":"http:\/\/forst.igbau.nrw\/index.php?rest_route=\/wp\/v2\/posts\/723\/revisions"}],"predecessor-version":[{"id":741,"href":"http:\/\/forst.igbau.nrw\/index.php?rest_route=\/wp\/v2\/posts\/723\/revisions\/741"}],"wp:attachment":[{"href":"http:\/\/forst.igbau.nrw\/index.php?rest_route=%2Fwp%2Fv2%2Fmedia&parent=723"}],"wp:term":[{"taxonomy":"category","embeddable":true,"href":"http:\/\/forst.igbau.nrw\/index.php?rest_route=%2Fwp%2Fv2%2Fcategories&post=723"},{"taxonomy":"post_tag","embeddable":true,"href":"http:\/\/forst.igbau.nrw\/index.php?rest_route=%2Fwp%2Fv2%2Ftags&post=723"}],"curies":[{"name":"wp","href":"https:\/\/api.w.org\/{rel}","templated":true}]}}